{"id":12595,"date":"2008-12-05T00:00:00","date_gmt":"2008-12-05T02:00:00","guid":{"rendered":"https:\/\/www.cnbb.org.br\/natal-festa-da-vida\/"},"modified":"2008-12-05T00:00:00","modified_gmt":"2008-12-05T02:00:00","slug":"natal-festa-da-vida","status":"publish","type":"post","link":"https:\/\/www.cnbb.org.br\/natal-festa-da-vida\/","title":{"rendered":"Natal Festa da Vida"},"content":{"rendered":"<h4 style=\"text-align: right\">Dom Orlando Brandes<\/h4>\n<p style=\"text-align: justify\">Em 2008 vivemos a Campanha da Fraternidade sobre a Vida: \u201cEscolhe, pois, a vida\u201d (Dt 30,19). Natal \u00e9 a hist\u00f3ria de uma fecunda\u00e7\u00e3o, de um feto, de um embri\u00e3o que foi gerado, cuidado, amado. Natal \u00e9 festa de uma gravidez levada at\u00e9 o fim, mas que correu o risco do aborto. A mulher que engravidava fora do casamento em Israel, deveria ser apedrejada. Se os pais de Jesus n\u00e3o fossem pessoas de f\u00e9, teriam recorrido ao aborto para salvar uma situa\u00e7\u00e3o bem constrangedora.<\/p>\n<p>  <!--more-->  <\/p>\n<p style=\"text-align: justify\">Natal \u00e9 um parto, um nascimento, mais ainda, o anivers\u00e1rio de uma vida fecundada, gerada e nascida. Todo o tempo do Advento, corresponde \u00e0 expectativa da crian\u00e7a, do nascituro da gravidez de Maria. Santo Agostinho diz que toda a hist\u00f3ria humana est\u00e1 gr\u00e1vida de Jesus. Nossas almas e nossos cora\u00e7\u00f5es estejam gr\u00e1vidos da gra\u00e7a de Deus, sejam os novos \u00fateros de Jesus, seus mais aut\u00eanticos pres\u00e9pios. O primeiro \u00fatero que nos gerou, \u00e9 o seio da Trindade como dizem as Escrituras: \u201cCom amor eterno eu te amei\u201d.<\/p>\n<p style=\"text-align: justify\">Natal \u00e9 deixar Jesus nascer nas \u00e1reas ainda feridas ou paganizadas de nossa personalidade. Natal \u00e9 nascer e renascer. Que a vida de Jesus possa tocar e influenciar nossas exist\u00eancias. Podemos ser novas criaturas. Cristo nos d\u00e1 um novo ser.<\/p>\n<p style=\"text-align: justify\">No Natal de Jesus, lembramos de todos os agentes da sa\u00fade: parteiras, m\u00e9dicos, enfermagem, bombeiros, socorristas que ajudam as crian\u00e7as nascer. As m\u00e3es gr\u00e1vidas e as parturientes, s\u00e3o \u201cdeusas de vida\u201d e seus \u00fateros s\u00e3o verdadeiros altares e pres\u00e9pios da vida. Toda vida \u00e9 dom de Deus. Ele \u00e9 \u201camigo da vida\u201d (Sab 11,26).<\/p>\n<p style=\"text-align: justify\">Natal \u00e9 anivers\u00e1rio de Jesus. Cres\u00e7amos com Ele em estatura, sabedoria e gra\u00e7a. Sejam nossas fam\u00edlias ninhos da vida. A fam\u00edlia \u00e9 o \u201c\u00fatero espiritual\u201d, onde os filhos crescem e amadurecem. N\u00f3s que defendemos em nossa legisla\u00e7\u00e3o at\u00e9 os \u201covos da tartaruga\u201d em defesa da ecologia, n\u00e3o esque\u00e7amos da ecologia humana, ou seja, da defesa do \u201covo humano\u201d, a origem da vida na fecunda\u00e7\u00e3o.<\/p>\n<p style=\"text-align: justify\">Natal, festa da vida, mostra a que a vida deve transmitida, gerada, nascida, cuidada e consumada. Natal recorda a sublimidade da paternidade. Que os pais e m\u00e3es reaprendam a gerar filhos. A vida \u00e9 beleza vamos admir\u00e1-la; \u00e9 bem-aventuran\u00e7a, vamos sabore\u00e1-la; \u00e9 sonho, vamos concretiz\u00e1-lo; \u00e9 desafio, vamos enfrent\u00e1-lo; \u00e9 dever, vamos cumpri-lo; \u00e9 tesouro, vamos cuid\u00e1-lo; \u00e9 mist\u00e9rio, vamos descobri-lo; \u00e9 amor, vamos vener\u00e1-lo.<\/p>\n<p style=\"text-align: justify\">Neste Natal, festa da vida, lembremos os Dez Mandamentos do Motorista, para que a vida seja respeitada no tr\u00e2nsito. Lembremos que a doa\u00e7\u00e3o de \u00f3rg\u00e3os \u00e9 um gesto de nobreza e humanismo. Lembremos que a nossa genealogia est\u00e1 no cora\u00e7\u00e3o de Deus. Existimos porque somos amados. \u201cSou amado, logo existo\u201d (G. Marcel). A experi\u00eancia mais intensa e profunda\u00a0 que podemos fazer \u00e9 saber e crer que somos amados.. \u201cAntes da cria\u00e7\u00e3o do mundo, Deus nos escolheu para sermos santos e \u00edntegros, no amor\u201d (Ef 1,4).<\/p>\n<p style=\"text-align: justify\">A vida \u00e9 dom, maravilha e compromisso. \u00c9 o bem prim\u00e1rio e fundamental que se n\u00e3o for respeitado leva \u00e0 ru\u00edna todas as institui\u00e7\u00f5es. Sim, a vida obedece \u00e0 lei da vibra\u00e7\u00e3o, da evolu\u00e7\u00e3o e da harmonia. Tudo deriva de Deus, o Senhor da vida, que tanto nos amou que nos fez a d\u00e1diva da vida de seu Filho, nascido em Bel\u00e9m. A vida se manifestou. Apalpamos, tocamos a vida na pessoa de Jesus. Nasceu-nos um Menino, \u00e9 festa da vida.<\/p>\n<p style=\"text-align: justify\">O Natal mudou a vida de Jos\u00e9 e Maria. Eles queriam casar-se, ter filhos, j\u00e1 eram noivos. Agora ir\u00e3o viver como irm\u00e3os, casados no civil, na obedi\u00eancia da f\u00e9, sua vida \u00e9 totalmente tomada por Deus. O Natal mudou a vida dos pastores. Eles eram gente de m\u00e1 fama e pobres. Foram os primeiros convidados para ir ver o menino, Pastor dos pastores. Igualmente o Natal mudou a vida dos magos. Deixaram a magia para seguir a luz verdadeira, Jesus de Nazar\u00e9. Por isso, voltaram por outro caminho.<\/p>\n","protected":false},"excerpt":{"rendered":"<p>Dom Orlando Brandes Em 2008 vivemos a Campanha da Fraternidade sobre a Vida: \u201cEscolhe, pois, a vida\u201d (Dt 30,19). Natal \u00e9 a hist\u00f3ria de uma fecunda\u00e7\u00e3o, de um feto, de um embri\u00e3o que foi gerado, cuidado, amado. Natal \u00e9 festa de uma gravidez levada at\u00e9 o fim, mas que correu o risco do aborto. A &hellip;<\/p>\n<p class=\"read-more\"> <a class=\"\" href=\"https:\/\/www.cnbb.org.br\/natal-festa-da-vida\/\"> <span class=\"screen-reader-text\">Natal Festa da Vida<\/span> Leia mais &raquo;<\/a><\/p>\n","protected":false},"author":83,"featured_media":0,"comment_status":"open","ping_status":"open","sticky":false,"template":"","format":"standard","meta":{"site-sidebar-layout":"default","site-content-layout":"default","ast-global-header-display":"","ast-banner-title-visibility":"","ast-main-header-display":"","ast-hfb-above-header-display":"","ast-hfb-below-header-display":"","ast-hfb-mobile-header-display":"","site-post-title":"","ast-breadcrumbs-content":"","ast-featured-img":"","footer-sml-layout":"","theme-transparent-header-meta":"","adv-header-id-meta":"","stick-header-meta":"","header-above-stick-meta":"","header-main-stick-meta":"","header-below-stick-meta":""},"categories":[758],"tags":[],"acf":[],"_links":{"self":[{"href":"https:\/\/www.cnbb.org.br\/cnbb-app\/wp\/v2\/posts\/12595"}],"collection":[{"href":"https:\/\/www.cnbb.org.br\/cnbb-app\/wp\/v2\/posts"}],"about":[{"href":"https:\/\/www.cnbb.org.br\/cnbb-app\/wp\/v2\/types\/post"}],"author":[{"embeddable":true,"href":"https:\/\/www.cnbb.org.br\/cnbb-app\/wp\/v2\/users\/83"}],"replies":[{"embeddable":true,"href":"https:\/\/www.cnbb.org.br\/cnbb-app\/wp\/v2\/comments?post=12595"}],"version-history":[{"count":0,"href":"https:\/\/www.cnbb.org.br\/cnbb-app\/wp\/v2\/posts\/12595\/revisions"}],"wp:attachment":[{"href":"https:\/\/www.cnbb.org.br\/cnbb-app\/wp\/v2\/media?parent=12595"}],"wp:term":[{"taxonomy":"category","embeddable":true,"href":"https:\/\/www.cnbb.org.br\/cnbb-app\/wp\/v2\/categories?post=12595"},{"taxonomy":"post_tag","embeddable":true,"href":"https:\/\/www.cnbb.org.br\/cnbb-app\/wp\/v2\/tags?post=12595"}],"curies":[{"name":"wp","href":"https:\/\/api.w.org\/{rel}","templated":true}]}}