{"id":12681,"date":"2010-12-17T00:00:00","date_gmt":"2010-12-17T02:00:00","guid":{"rendered":"https:\/\/www.cnbb.org.br\/o-natal-e-a-vida\/"},"modified":"2010-12-17T00:00:00","modified_gmt":"2010-12-17T02:00:00","slug":"o-natal-e-a-vida","status":"publish","type":"post","link":"https:\/\/www.cnbb.org.br\/o-natal-e-a-vida\/","title":{"rendered":"O natal e a vida"},"content":{"rendered":"<h4 style=\"text-align: right\">Dom Orani Jo\u00e3o Tempesta<\/h4>\n<p style=\"text-align: justify\">Estamos pr\u00f3ximos do Natal! Esta celebra\u00e7\u00e3o marca a nossa vida com sinais de alegria e esperan\u00e7a, ao mesmo tempo em que anuncia que a Luz do Mundo chegou trazendo a Paz. Ele, que \u00e9 o Filho Amado de Deus, nasceu de uma mulher! A vida que Jesus vai recordar, que Ele veio para que todos a tenham e a tenham em abund\u00e2ncia, \u00e9 um dos valores mais importantes da nossa civiliza\u00e7\u00e3o. \u00c9 com o olhar confiante que vemos a import\u00e2ncia da pessoa humana e da hist\u00f3ria que vamos vivendo em nosso planeta, o \u00fanico conhecido at\u00e9 agora que tem vida inteligente.<\/p>\n<p>  <!--more-->  <\/p>\n<p style=\"text-align: justify\">No dia 5 de dezembro deste ano foi publicada nos jornais uma not\u00edcia sobre a pesquisa do Instituto Vox Populi em que se constata que, no Brasil, 82% do nosso povo s\u00e3o a favor da vida do nascituro, e, portanto contra o aborto. Segundo a mesma pesquisa, este \u00edndice \u00e9 o maior desde que os levantamentos come\u00e7aram a ser feitos, em 1993.<\/p>\n<p style=\"text-align: justify\">Diga-se que isso demonstra claramente a opini\u00e3o progressista de um povo que, mesmo com toda a propaganda contr\u00e1ria, traz em suas convic\u00e7\u00f5es a import\u00e2ncia da vida desde a concep\u00e7\u00e3o at\u00e9 a morte natural. A opini\u00e3o conservadora, antiquada e retr\u00f3grada de \u201celiminar\u201d pessoas indesej\u00e1veis, por\u00e9m, ainda encontram abrigo em considera\u00e7\u00f5es provindas de culturas de viol\u00eancia e preconceituosas.<\/p>\n<p style=\"text-align: justify\">O aborto, que \u00e9 o mesmo que a interrup\u00e7\u00e3o da gravidez, eliminando uma pessoa, n\u00e3o \u00e9 uma quest\u00e3o de sa\u00fade p\u00fablica, mas \u00e9 muito mais que isso: aqui se joga a concep\u00e7\u00e3o e valores da pessoa humana e a constata\u00e7\u00e3o da beleza da vida concebida.<\/p>\n<p style=\"text-align: justify\">A cultura que vai sendo gerada em nossa sociedade, que se preocupa em trocar a ilumina\u00e7\u00e3o de um monumento para que n\u00e3o se matem as mariposas da floresta, est\u00e1 em contradi\u00e7\u00e3o com a falta de considera\u00e7\u00e3o pela vida humana e tamb\u00e9m da mulher, de seus sentimentos, sua vida e o respeito que merece.<\/p>\n<p style=\"text-align: justify\">Nesses casos, al\u00e9m da crian\u00e7a eliminada, a mulher e m\u00e3e, que tem sentimentos e amor, sofre duplamente com toda a situa\u00e7\u00e3o.\u00a0 A sa\u00fade da mulher deve ser preservada e bem cuidada para que tenha uma vida saud\u00e1vel. Precisamos sim ter servi\u00e7os m\u00e9dicos que ajudem a preservar a vida em todas as circunst\u00e2ncias e com dignidade de atendimento, seja qual for a situa\u00e7\u00e3o em que se encontra a pessoa.<\/p>\n<p style=\"text-align: justify\">Ser favor\u00e1vel \u00e0 vida \u00e9 antes de tudo uma quest\u00e3o de ci\u00eancia e considera\u00e7\u00e3o pela pessoa humana. Pa\u00edses em que isso foi desconsiderado, al\u00e9m dos vazios existenciais pessoais, est\u00e3o cedendo lugar a outras civiliza\u00e7\u00f5es que ocupam os espa\u00e7os deixados vazios devido a essa mentalidade. Ali\u00e1s, o Brasil, de acordo com o \u00faltimo censo demonstrou que est\u00e1 tamb\u00e9m nesse caminho do envelhecimento. Daqui a algum tempo ser\u00e1 defendida a tese que teremos de eliminar tamb\u00e9m aqueles que \u201cn\u00e3o produzem\u201d e s\u00f3 d\u00e3o despesas para a sociedade, porque n\u00e3o teremos m\u00e3o de obra para sustentar a produ\u00e7\u00e3o nacional e, consequentemente, os pensionistas da previd\u00eancia social.<\/p>\n<p style=\"text-align: justify\">Certas op\u00e7\u00f5es e opini\u00f5es s\u00e3o deveras preocupantes para o futuro da humanidade. N\u00f3s somos favor\u00e1veis \u00e0 vida em todas as dimens\u00f5es, passando pelo desenvolvimento, educa\u00e7\u00e3o, sa\u00fade, habita\u00e7\u00e3o, lazer. N\u00e3o se pode defender uma parte da vida negando a outra, por isso, a import\u00e2ncia de valoriz\u00e1-la desde a concep\u00e7\u00e3o.<\/p>\n<p style=\"text-align: justify\">Num mundo de viol\u00eancias profundas, e n\u00f3s lamentamos muito essas situa\u00e7\u00f5es, n\u00e3o podemos continuar gerando viol\u00eancia nem pela injusti\u00e7a, nem dentro de nossas casas, muito menos dentro do local sagrado em que a vida est\u00e1 sendo gestada para vir ao mundo.<\/p>\n<p style=\"text-align: justify\">Este \u00e9 um momento muito importante e s\u00e9rio para a humanidade e n\u00e3o podemos continuar imitando na\u00e7\u00f5es e regi\u00f5es que perdem seus valores culturais e humanos. O Brasil deve ter personalidade suficiente para continuar o seu caminho sem se deixar pressionar por entidades internacionais e por tratados que n\u00e3o querem o bem do nosso povo e s\u00f3 imp\u00f5em obriga\u00e7\u00f5es que nos empobrecem, principalmente, culturalmente.<\/p>\n<p style=\"text-align: justify\">A discuss\u00e3o que houve no pa\u00eds h\u00e1 pouco tempo demonstrou a sensibilidade do povo brasileiro em valorizar a vida. Agora, durante este tempo de Natal, \u00e9 importante que valorizemos ainda mais esse grande e belo dom que recebemos de Deus: a vida.<\/p>\n<p style=\"text-align: justify\">Que Cristo \u2013 Caminho, Verdade e Vida \u2013 seja luz em nosso caminho e luz para o nosso mundo.<\/p>\n","protected":false},"excerpt":{"rendered":"<p>Dom Orani Jo\u00e3o Tempesta Estamos pr\u00f3ximos do Natal! Esta celebra\u00e7\u00e3o marca a nossa vida com sinais de alegria e esperan\u00e7a, ao mesmo tempo em que anuncia que a Luz do Mundo chegou trazendo a Paz. Ele, que \u00e9 o Filho Amado de Deus, nasceu de uma mulher! A vida que Jesus vai recordar, que Ele &hellip;<\/p>\n<p class=\"read-more\"> <a class=\"\" href=\"https:\/\/www.cnbb.org.br\/o-natal-e-a-vida\/\"> <span class=\"screen-reader-text\">O natal e a vida<\/span> Leia mais &raquo;<\/a><\/p>\n","protected":false},"author":83,"featured_media":0,"comment_status":"open","ping_status":"open","sticky":false,"template":"","format":"standard","meta":{"site-sidebar-layout":"default","site-content-layout":"default","ast-global-header-display":"","ast-banner-title-visibility":"","ast-main-header-display":"","ast-hfb-above-header-display":"","ast-hfb-below-header-display":"","ast-hfb-mobile-header-display":"","site-post-title":"","ast-breadcrumbs-content":"","ast-featured-img":"","footer-sml-layout":"","theme-transparent-header-meta":"","adv-header-id-meta":"","stick-header-meta":"","header-above-stick-meta":"","header-main-stick-meta":"","header-below-stick-meta":""},"categories":[758],"tags":[],"acf":[],"_links":{"self":[{"href":"https:\/\/www.cnbb.org.br\/cnbb-app\/wp\/v2\/posts\/12681"}],"collection":[{"href":"https:\/\/www.cnbb.org.br\/cnbb-app\/wp\/v2\/posts"}],"about":[{"href":"https:\/\/www.cnbb.org.br\/cnbb-app\/wp\/v2\/types\/post"}],"author":[{"embeddable":true,"href":"https:\/\/www.cnbb.org.br\/cnbb-app\/wp\/v2\/users\/83"}],"replies":[{"embeddable":true,"href":"https:\/\/www.cnbb.org.br\/cnbb-app\/wp\/v2\/comments?post=12681"}],"version-history":[{"count":0,"href":"https:\/\/www.cnbb.org.br\/cnbb-app\/wp\/v2\/posts\/12681\/revisions"}],"wp:attachment":[{"href":"https:\/\/www.cnbb.org.br\/cnbb-app\/wp\/v2\/media?parent=12681"}],"wp:term":[{"taxonomy":"category","embeddable":true,"href":"https:\/\/www.cnbb.org.br\/cnbb-app\/wp\/v2\/categories?post=12681"},{"taxonomy":"post_tag","embeddable":true,"href":"https:\/\/www.cnbb.org.br\/cnbb-app\/wp\/v2\/tags?post=12681"}],"curies":[{"name":"wp","href":"https:\/\/api.w.org\/{rel}","templated":true}]}}