{"id":12683,"date":"2010-12-17T00:00:00","date_gmt":"2010-12-17T02:00:00","guid":{"rendered":"https:\/\/www.cnbb.org.br\/vem-nos-salvar\/"},"modified":"2010-12-17T00:00:00","modified_gmt":"2010-12-17T02:00:00","slug":"vem-nos-salvar","status":"publish","type":"post","link":"https:\/\/www.cnbb.org.br\/vem-nos-salvar\/","title":{"rendered":"Vem nos salvar"},"content":{"rendered":"<h4 style=\"text-align: right\">Dom Orani Jo\u00e3o Tempesta<\/h4>\n<p style=\"text-align: justify\">O novo ano lit\u00fargico, iniciado com o tempo do Advento, \u00e9 a grande oportunidade em que a Igreja nos convoca para o cultivo de uma espiritualidade vigilante e atenta \u00e0s necessidades de nosso tempo. \u00c9 uma feliz e esperan\u00e7osa oportunidade de revermos a nossa caminhada e recuperarmos o nosso vigor para o seguimento de Jesus Cristo.<\/p>\n<p>  <!--more-->  <\/p>\n<p style=\"text-align: justify\">O tempo do Advento, que estamos findando \u00e9, sem d\u00favida, uma oportunidade de recordarmos e atualizarmos nossa feliz gratid\u00e3o ao Senhor pela obra de salva\u00e7\u00e3o, manifestada na Encarna\u00e7\u00e3o do Verbo. Por meio do Cristo que vem, somos convocados a ir al\u00e9m. Ningu\u00e9m vive apenas de expectativas ou de sonhos. Vivemos, tamb\u00e9m, da concretiza\u00e7\u00e3o dos mesmos.<\/p>\n<p style=\"text-align: justify\">A Santa Igreja ensina e testemunha que a vinda de Cristo \u00e9 o ponto central de toda a hist\u00f3ria, o evento verdadeiramente \u00fanico para cada pessoa, para a humanidade e, sobretudo, para a Igreja. Esta realidade, mais que uma simples recorda\u00e7\u00e3o, \u00e9 tomada de consci\u00eancia de uma realidade em fase de realiza\u00e7\u00e3o. A fertilidade da f\u00e9 brota por todos os lados, os cora\u00e7\u00f5es s\u00e3o purificados e a terra se renova.<\/p>\n<p style=\"text-align: justify\">A espiritualidade lit\u00fargica deste tempo nos envia para esta nova realidade: aquele que \u00e9 o esperado de todos os povos e na\u00e7\u00f5es vem. Se por um lado o cora\u00e7\u00e3o humano pode se decepcionar com as falsas promessas de felicidade e presen\u00e7a de um mundo globalizado, marcado por uma cultura fundada num capitalismo selvagem que privilegia o ter em detrimento do ser, com a festa do Advento somos convocados a nos preparar para acolher a vida que ganha novos sentidos e novas cores. Agora \u00e9 o momento de trabalhar por uma sociedade que recupera, em Cristo, seu valor e dignidade. Com o Advento declaramos o mais profundo sentido da vida humana: sua \u00edntima rela\u00e7\u00e3o com Deus, com os irm\u00e3os e todas as coisas criadas, a saber, toda a natureza.<\/p>\n<p style=\"text-align: justify\">O Advento \u00e9 o tempo de celebrar o dom gratuito de Deus, que se d\u00e1 a n\u00f3s, homens e mulheres, ao mesmo tempo possibilidade de aprofundarmos nosso compromisso mission\u00e1rio por meio da ren\u00fancia, da purifica\u00e7\u00e3o interior, da convers\u00e3o comunit\u00e1ria e das estruturas sociais, bem como do fortalecimento da esperan\u00e7a escatol\u00f3gica, de que tudo ser\u00e1 submetido a Cristo, quando Ele, Cristo, for \u201ctudo em todos\u201d.<\/p>\n<p style=\"text-align: justify\">Com Maria, somos convidados a esperar e acolher aquele que veio para salvar e que vir\u00e1 para reunir todos os seus amados e assim, na humildade de quem aprendeu do mestre o que \u00e9 servir, contribuir para uma nova cultura firmada e fundada na solidariedade e no amor, \u00e1gape, da mais profunda doa\u00e7\u00e3o.<\/p>\n<p style=\"text-align: justify\">S\u00f3 \u00e9 capaz de esperar algo ou algu\u00e9m quem entendeu o que \u00e9 a alegria da chegada. O Advento nos transforma assim: arranca-nos da solid\u00e3o, da timidez e da frustra\u00e7\u00e3o e nos lan\u00e7a para uma nova realidade: o encontro, a expectativa, a esperan\u00e7a e por fim a celebra\u00e7\u00e3o alegre da realiza\u00e7\u00e3o daquilo que antes se esperou.<\/p>\n<p style=\"text-align: justify\">Maria \u00e9, sem d\u00favida alguma, modelo de atitude espiritual deste tempo. \u00c9 mulher que escuta a Palavra do Senhor, e dessa atitude de escuta brota a fidelidade do seguimento; \u00e9 mulher de ora\u00e7\u00e3o, e da ora\u00e7\u00e3o nasce a esperan\u00e7a que mant\u00e9m vivo o cora\u00e7\u00e3o; \u00e9 mulher que testemunha a feliz certeza de que quem entrega seus passos ao Senhor n\u00e3o fica decepcionado. Como afirma o ap\u00f3stolo Paulo: \u201cEu sei em quem eu coloquei a minha esperan\u00e7a.\u201d<\/p>\n<p style=\"text-align: justify\">Com Maria, vamos acender nossas velas interiores e deixar que o brilho da f\u00e9 possa iluminar quem nas trevas se perdeu. Com Maria, vamos neste per\u00edodo do Advento renovar nossa esperan\u00e7a naquele que vem. Deixar que as luzes exteriores sejam reflexo do homem interior que se deixa iluminar pelo Cristo-presen\u00e7a, que se far\u00e1 presente em nosso meio no grande e glorioso dia do Natal.<\/p>\n<p style=\"text-align: justify\">Que a exemplo de Maria, a M\u00e3e de Deus, cres\u00e7a sempre em n\u00f3s a mais profunda venera\u00e7\u00e3o pelo mist\u00e9rio do Verbo encarnado, pelo amor ardente ao pr\u00f3ximo, pelo entusiasmado an\u00fancio do Evangelho, pelo servi\u00e7o da caridade, pela ativa e criativa imita\u00e7\u00e3o do Mestre.<\/p>\n<p style=\"text-align: justify\">Sejamos sinais de Cristo espalhando as suas marcas at\u00e9 que esteja impresso em cada cora\u00e7\u00e3o humano a feliz realidade de estar face a face com Cristo, Mestre e Senhor.<\/p>\n<p style=\"text-align: justify\">Neste tempo favor\u00e1vel do Advento, que estamos findando, vamos nos lan\u00e7ar nos bra\u00e7os do Salvador, tomar posse deste amor derramado em nossos cora\u00e7\u00f5es pelo Esp\u00edrito Santo que nos foi dado e viver intensamente a esperan\u00e7a da volta gloriosa e derradeira de nosso Senhor Jesus Cristo.<\/p>\n<p style=\"text-align: justify\">Que nossos cora\u00e7\u00f5es estejam em sintonia com a liturgia de nossa f\u00e9, que canta sem cessar: \u201cSenhor, vem salvar teu povo\u201d, vem Senhor, Maranath\u00e1!\u00a0 Assim reza a Igreja em todos os lugares e em todo o tempo, sem cessar sem vacilar. Vem, Senhor Jesus!<\/p>\n","protected":false},"excerpt":{"rendered":"<p>Dom Orani Jo\u00e3o Tempesta O novo ano lit\u00fargico, iniciado com o tempo do Advento, \u00e9 a grande oportunidade em que a Igreja nos convoca para o cultivo de uma espiritualidade vigilante e atenta \u00e0s necessidades de nosso tempo. \u00c9 uma feliz e esperan\u00e7osa oportunidade de revermos a nossa caminhada e recuperarmos o nosso vigor para &hellip;<\/p>\n<p class=\"read-more\"> <a class=\"\" href=\"https:\/\/www.cnbb.org.br\/vem-nos-salvar\/\"> <span class=\"screen-reader-text\">Vem nos salvar<\/span> Leia mais &raquo;<\/a><\/p>\n","protected":false},"author":83,"featured_media":0,"comment_status":"open","ping_status":"open","sticky":false,"template":"","format":"standard","meta":{"site-sidebar-layout":"default","site-content-layout":"default","ast-global-header-display":"","ast-banner-title-visibility":"","ast-main-header-display":"","ast-hfb-above-header-display":"","ast-hfb-below-header-display":"","ast-hfb-mobile-header-display":"","site-post-title":"","ast-breadcrumbs-content":"","ast-featured-img":"","footer-sml-layout":"","theme-transparent-header-meta":"","adv-header-id-meta":"","stick-header-meta":"","header-above-stick-meta":"","header-main-stick-meta":"","header-below-stick-meta":""},"categories":[758],"tags":[],"acf":[],"_links":{"self":[{"href":"https:\/\/www.cnbb.org.br\/cnbb-app\/wp\/v2\/posts\/12683"}],"collection":[{"href":"https:\/\/www.cnbb.org.br\/cnbb-app\/wp\/v2\/posts"}],"about":[{"href":"https:\/\/www.cnbb.org.br\/cnbb-app\/wp\/v2\/types\/post"}],"author":[{"embeddable":true,"href":"https:\/\/www.cnbb.org.br\/cnbb-app\/wp\/v2\/users\/83"}],"replies":[{"embeddable":true,"href":"https:\/\/www.cnbb.org.br\/cnbb-app\/wp\/v2\/comments?post=12683"}],"version-history":[{"count":0,"href":"https:\/\/www.cnbb.org.br\/cnbb-app\/wp\/v2\/posts\/12683\/revisions"}],"wp:attachment":[{"href":"https:\/\/www.cnbb.org.br\/cnbb-app\/wp\/v2\/media?parent=12683"}],"wp:term":[{"taxonomy":"category","embeddable":true,"href":"https:\/\/www.cnbb.org.br\/cnbb-app\/wp\/v2\/categories?post=12683"},{"taxonomy":"post_tag","embeddable":true,"href":"https:\/\/www.cnbb.org.br\/cnbb-app\/wp\/v2\/tags?post=12683"}],"curies":[{"name":"wp","href":"https:\/\/api.w.org\/{rel}","templated":true}]}}