{"id":12684,"date":"2010-12-17T00:00:00","date_gmt":"2010-12-17T02:00:00","guid":{"rendered":"https:\/\/www.cnbb.org.br\/o-natal-esta-proximo\/"},"modified":"2010-12-17T00:00:00","modified_gmt":"2010-12-17T02:00:00","slug":"o-natal-esta-proximo","status":"publish","type":"post","link":"https:\/\/www.cnbb.org.br\/o-natal-esta-proximo\/","title":{"rendered":"O Natal est\u00e1 pr\u00f3ximo"},"content":{"rendered":"<h4 style=\"text-align: right\">Dom Orani Jo\u00e3o Tempesta<\/h4>\n<p style=\"text-align: justify\">O tempo do Advento \u00e9 um tempo de expectativa, e o crist\u00e3o \u00e9 chamado a viv\u00ea-lo em plenitude para atualizar a acolhida do Mist\u00e9rio da Encarna\u00e7\u00e3o na hist\u00f3ria de hoje e, assim, receber dignamente o Senhor.<\/p>\n<p>  <!--more-->  <\/p>\n<p style=\"text-align: justify\">Temos oportunidade de participar da Eucaristia com os temas que nos fazem aprofundar este momento lit\u00fargico, acompanhamos pela Liturgia das Horas e agora, a partir do dia 17 de dezembro, na semana de prepara\u00e7\u00e3o pr\u00f3xima do Natal com textos que caracterizam a nossa cultura e abertura para a celebra\u00e7\u00e3o crist\u00e3 do Natal como as famosas \u201cant\u00edfonas em \u00d3\u201d. Pres\u00e9pios, m\u00fasicas, enfeites tamb\u00e9m caracterizam este tempo, que convida a humanidade a agradecer a Deus pelo seu Amor para conosco. Popularmente em nosso pa\u00eds, a novena de Natal \u00e9 a oportunidade de prepara\u00e7\u00e3o j\u00e1 inserida em nossa tradi\u00e7\u00e3o cat\u00f3lica.<\/p>\n<p style=\"text-align: justify\">Somos chamados a exercitar a vigil\u00e2ncia na f\u00e9 e na ora\u00e7\u00e3o. Participar da Celebra\u00e7\u00e3o Eucar\u00edstica neste tempo significa acolher e reconhecer o Senhor Jesus, que continuamente vem ficar no meio de n\u00f3s e segui-Lo no caminho que leva ao Pai, a fim de que, com sua vinda gloriosa no fim dos tempos, nos introduza todos juntos ao Reino, para fazer-nos tomar parte na vida eterna, com os Bem Aventurados, Santos e Santas do c\u00e9u.<\/p>\n<p style=\"text-align: justify\">A celebra\u00e7\u00e3o penitencial \u00e9 colocada como uma oportunidade concreta de convers\u00e3o para que possamos preparar as nossas mentes e cora\u00e7\u00f5es para abrigar profundamente o Senhor que veio, vir\u00e1 e vem. Tivemos tamb\u00e9m a coleta nacional para a evangeliza\u00e7\u00e3o que nos convocou a assumir nossa responsabilidade e compromisso batismais.<\/p>\n<p style=\"text-align: justify\">Portanto, s\u00e3o in\u00fameras as maneiras em que a Igreja incentiva seus filhos a se prepararem bem para a Solenidade do Natal de Nosso Senhor Jesus Cristo. A novena de Natal, geralmente realizada nas semanas que o antecedem, nos proporciona uma expectante espera de Nosso Senhor Jesus Cristo. Nesses nove dias a Igreja nos convida a nos centrarmos mais no Senhor, fixando nele e somente nele nossos olhares, e, com Maria Sant\u00edssima e s\u00e3o Jos\u00e9, aprendermos do Cristo como se vive segundo a vontade do Pai que est\u00e1 nos c\u00e9us.<\/p>\n<p style=\"text-align: justify\">Que sonho nos \u00e9 despertado mais uma vez: uma humanidade reconciliada, um mundo de paz, uma cria\u00e7\u00e3o em harmonia! Eis o sonho do povo com a vinda do Messias, e eis o dom que ele traz! S\u00e3o Paulo diz na Carta aos Romanos que Cristo realiza este sonho prometido. A primeira reconcilia\u00e7\u00e3o que Ele trouxe foi unir num s\u00f3 povo, numa s\u00f3 humanidade, o que antes era dividido.<\/p>\n<p style=\"text-align: justify\">N\u00e3o nos esque\u00e7amos de que o Natal \u00e9 um tempo de escuta e de aproxima\u00e7\u00e3o do Filho de Deus. Uma proposta de vida nova. Um novo estilo radical de vida. Que sejamos colaboradores e motivadores da cultura da paz, onde Cristo exerce sua for\u00e7a e traduz o seu amor misericordioso. Aproveitemos desses elementos de prepara\u00e7\u00e3o para o Natal e, a exemplo de Maria, digamos: \u201cEis aqui a serva do Senhor\u201d.<\/p>\n<p style=\"text-align: justify\">Que as atitudes de prepara\u00e7\u00e3o nos levem a uma escuta aprofundada e comprometida da Palavra do Senhor e seja a oportunidade de crescermos em nosso caminho de seguimento a Cristo e a Trindade. Sejamos vigilantes e n\u00e3o cedamos \u00e0s tenta\u00e7\u00f5es do mundo que tendem a nos afastar do Deus vivo; corramos ao encontro do Filho de Deus para alcan\u00e7armos a salva\u00e7\u00e3o; acreditemos e trabalhemos por dias melhores, empenhando nossas energias para responder ao dom da gra\u00e7a e, assim, testemunhar os novos c\u00e9us e nova terra.<\/p>\n<p style=\"text-align: justify\">Que ao despertarmos neste Natal, ap\u00f3s um frutuoso per\u00edodo de prepara\u00e7\u00e3o e convers\u00e3o interior, possamos nos tornar luzes em meio a um tempo de trevas, esperan\u00e7a em meio a um tempo de desilus\u00f5es, e mostrar ao mundo que o Menino da manjedoura \u2013 o Emanuel, Deus conosco \u2013 est\u00e1 presente em nossos lares esperando que lhe abramos a manjedoura de nosso cora\u00e7\u00e3o e sejamos protagonistas deste novo tempo: tempo das luzes, da presen\u00e7a e da plena realiza\u00e7\u00e3o do ser humano.<\/p>\n","protected":false},"excerpt":{"rendered":"<p>Dom Orani Jo\u00e3o Tempesta O tempo do Advento \u00e9 um tempo de expectativa, e o crist\u00e3o \u00e9 chamado a viv\u00ea-lo em plenitude para atualizar a acolhida do Mist\u00e9rio da Encarna\u00e7\u00e3o na hist\u00f3ria de hoje e, assim, receber dignamente o Senhor.<\/p>\n","protected":false},"author":83,"featured_media":0,"comment_status":"open","ping_status":"open","sticky":false,"template":"","format":"standard","meta":{"site-sidebar-layout":"default","site-content-layout":"default","ast-global-header-display":"","ast-banner-title-visibility":"","ast-main-header-display":"","ast-hfb-above-header-display":"","ast-hfb-below-header-display":"","ast-hfb-mobile-header-display":"","site-post-title":"","ast-breadcrumbs-content":"","ast-featured-img":"","footer-sml-layout":"","theme-transparent-header-meta":"","adv-header-id-meta":"","stick-header-meta":"","header-above-stick-meta":"","header-main-stick-meta":"","header-below-stick-meta":""},"categories":[758],"tags":[],"acf":[],"_links":{"self":[{"href":"https:\/\/www.cnbb.org.br\/cnbb-app\/wp\/v2\/posts\/12684"}],"collection":[{"href":"https:\/\/www.cnbb.org.br\/cnbb-app\/wp\/v2\/posts"}],"about":[{"href":"https:\/\/www.cnbb.org.br\/cnbb-app\/wp\/v2\/types\/post"}],"author":[{"embeddable":true,"href":"https:\/\/www.cnbb.org.br\/cnbb-app\/wp\/v2\/users\/83"}],"replies":[{"embeddable":true,"href":"https:\/\/www.cnbb.org.br\/cnbb-app\/wp\/v2\/comments?post=12684"}],"version-history":[{"count":0,"href":"https:\/\/www.cnbb.org.br\/cnbb-app\/wp\/v2\/posts\/12684\/revisions"}],"wp:attachment":[{"href":"https:\/\/www.cnbb.org.br\/cnbb-app\/wp\/v2\/media?parent=12684"}],"wp:term":[{"taxonomy":"category","embeddable":true,"href":"https:\/\/www.cnbb.org.br\/cnbb-app\/wp\/v2\/categories?post=12684"},{"taxonomy":"post_tag","embeddable":true,"href":"https:\/\/www.cnbb.org.br\/cnbb-app\/wp\/v2\/tags?post=12684"}],"curies":[{"name":"wp","href":"https:\/\/api.w.org\/{rel}","templated":true}]}}