{"id":12685,"date":"2010-12-17T00:00:00","date_gmt":"2010-12-17T02:00:00","guid":{"rendered":"https:\/\/www.cnbb.org.br\/celebrar-o-natal-e-celebrar-a-vida\/"},"modified":"2010-12-17T00:00:00","modified_gmt":"2010-12-17T02:00:00","slug":"celebrar-o-natal-e-celebrar-a-vida","status":"publish","type":"post","link":"https:\/\/www.cnbb.org.br\/celebrar-o-natal-e-celebrar-a-vida\/","title":{"rendered":"Celebrar o natal \u00e9 celebrar a vida"},"content":{"rendered":"<p style=\"text-align: right\"><strong><em>Dom Paulo Ant\u00f4nio de Conto<\/em><\/strong><\/p>\n<p style=\"text-align: justify\">\u00c9 tempo de Advento; tempo de esperan\u00e7a e de prepara\u00e7\u00e3o.<\/p>\n<p style=\"text-align: justify\">Ao recordar o nascimento de Cristo, o revivemos na f\u00e9. F\u00e9 no Deus fiel que afirma nossa esperan\u00e7a na viabilidade de um mundo melhor, atrav\u00e9s da caridade operosa.<\/p>\n<p>  <!--more-->  <\/p>\n<p style=\"text-align: justify\">Jesus \u00e9 um presente para n\u00f3s. Ao receb\u00ea-lo, tamb\u00e9m nos tornamos um presente para os outros. O melhor presente que podemos oferecer uns aos outros no Natal \u00e9 o nosso cora\u00e7\u00e3o aberto, acolhedor, que ama sem impor condi\u00e7\u00f5es. Todo presente, se oferecido com alegria, faz bem tanto para quem o recebe como para quem o oferece. Nada, por\u00e9m, se iguala a um cora\u00e7\u00e3o que se coloca a servi\u00e7o porque ama e quer a felicidade de todas as pessoas. Ego\u00edsmo e Natal n\u00e3o combinam.<\/p>\n<div style=\"text-align: justify\"><\/div>\n<p style=\"text-align: justify\">O Natal n\u00e3o pode perder o seu significado. Se isto acontece \u00e9 porque n\u00f3s, por ego\u00edsmo, n\u00e3o pensamos e nem vivemos como uma s\u00f3 fam\u00edlia, a fam\u00edlia humana. Quando cada um pensa apenas em si mesmo, ou apenas naqueles que o rodeiam, est\u00e1 fazendo do Natal uma celebra\u00e7\u00e3o restrita a seus pr\u00f3prios interesses e conveni\u00eancias. Celebrar o Natal \u00e9 celebrar a vida, \u00e9 abrir-se \u00e0 humanidade, \u00e9 fazer-se profeta de um novo tempo de justi\u00e7a e paz.<\/p>\n<div style=\"text-align: justify\"><\/div>\n<p style=\"text-align: justify\">A gruta de Bel\u00e9m deve transportar-se para o cora\u00e7\u00e3o de cada fam\u00edlia e na intimidade acolher Nossa Senhora, S\u00e3o Jos\u00e9 e o menino Jesus. No cora\u00e7\u00e3o, contemplar a filantropia (= o amor pelo ser humano) de Deus. Com cora\u00e7\u00e3o, receber vida e dar vida a todos os irm\u00e3os. Jesus que nasce Jesus salvador \u00e9 a raz\u00e3o de nossa F\u00e9. A f\u00e9 se concretiza na caridade. Assim vivendo, podemos tamb\u00e9m cantar: \u201cGloria a Deus nas alturas e Paz na terra aos homens de boa Vontade\u201d.<\/p>\n<div style=\"text-align: justify\"><\/div>\n<p style=\"text-align: justify\">A todos, Feliz e Santo Natal.<\/p>\n","protected":false},"excerpt":{"rendered":"<p>Dom Paulo Ant\u00f4nio de Conto \u00c9 tempo de Advento; tempo de esperan\u00e7a e de prepara\u00e7\u00e3o. Ao recordar o nascimento de Cristo, o revivemos na f\u00e9. F\u00e9 no Deus fiel que afirma nossa esperan\u00e7a na viabilidade de um mundo melhor, atrav\u00e9s da caridade operosa.<\/p>\n","protected":false},"author":83,"featured_media":0,"comment_status":"open","ping_status":"open","sticky":false,"template":"","format":"standard","meta":{"site-sidebar-layout":"default","site-content-layout":"default","ast-global-header-display":"","ast-banner-title-visibility":"","ast-main-header-display":"","ast-hfb-above-header-display":"","ast-hfb-below-header-display":"","ast-hfb-mobile-header-display":"","site-post-title":"","ast-breadcrumbs-content":"","ast-featured-img":"","footer-sml-layout":"","theme-transparent-header-meta":"","adv-header-id-meta":"","stick-header-meta":"","header-above-stick-meta":"","header-main-stick-meta":"","header-below-stick-meta":""},"categories":[758],"tags":[],"acf":[],"_links":{"self":[{"href":"https:\/\/www.cnbb.org.br\/cnbb-app\/wp\/v2\/posts\/12685"}],"collection":[{"href":"https:\/\/www.cnbb.org.br\/cnbb-app\/wp\/v2\/posts"}],"about":[{"href":"https:\/\/www.cnbb.org.br\/cnbb-app\/wp\/v2\/types\/post"}],"author":[{"embeddable":true,"href":"https:\/\/www.cnbb.org.br\/cnbb-app\/wp\/v2\/users\/83"}],"replies":[{"embeddable":true,"href":"https:\/\/www.cnbb.org.br\/cnbb-app\/wp\/v2\/comments?post=12685"}],"version-history":[{"count":0,"href":"https:\/\/www.cnbb.org.br\/cnbb-app\/wp\/v2\/posts\/12685\/revisions"}],"wp:attachment":[{"href":"https:\/\/www.cnbb.org.br\/cnbb-app\/wp\/v2\/media?parent=12685"}],"wp:term":[{"taxonomy":"category","embeddable":true,"href":"https:\/\/www.cnbb.org.br\/cnbb-app\/wp\/v2\/categories?post=12685"},{"taxonomy":"post_tag","embeddable":true,"href":"https:\/\/www.cnbb.org.br\/cnbb-app\/wp\/v2\/tags?post=12685"}],"curies":[{"name":"wp","href":"https:\/\/api.w.org\/{rel}","templated":true}]}}