{"id":12697,"date":"2010-12-24T00:00:00","date_gmt":"2010-12-24T02:00:00","guid":{"rendered":"https:\/\/www.cnbb.org.br\/o-natal-e-a-manjedoura\/"},"modified":"2010-12-24T00:00:00","modified_gmt":"2010-12-24T02:00:00","slug":"o-natal-e-a-manjedoura","status":"publish","type":"post","link":"https:\/\/www.cnbb.org.br\/o-natal-e-a-manjedoura\/","title":{"rendered":"O Natal e a manjedoura"},"content":{"rendered":"<div style=\"text-align: right\">\n<p><strong><em>Dom Orani Jo\u00e3o Tempesta, O. Cist.<br \/>Arcebispo de S\u00e3o Sebasti\u00e3o do Rio de Janeiro<br \/><\/em><\/strong><\/p>\n<\/p><\/div>\n<p style=\"text-align: justify\">O Mist\u00e9rio da Encarna\u00e7\u00e3o, do Nascimento de Jesus deve ser uma fonte de reflex\u00e3o para n\u00f3s neste tempo natalino. Tomamos por base algumas reflex\u00f5es de Santo Afonso Maria de Lig\u00f3rio:<\/p>\n<p>  <!--more-->  <\/p>\n<p style=\"text-align: justify\">\u201cConsideremos como o Pai eterno disse ao Menino Jesus no instante de sua concep\u00e7\u00e3o estas palavras: Filho, eu te dei ao mundo como luz e vida das gentes, para que busques sua salva\u00e7\u00e3o, que estimo tanto como se fosse a minha. \u00c9 necess\u00e1rio, pois, que te empenhes completamente em benef\u00edcio dos homens. &#8220;Dado completamente aos homens, e inteiramente entregue as suas necessidades&#8221;. \u00c9 necess\u00e1rio que ao nascer pade\u00e7as extrema pobreza, para que o homem se enrique\u00e7a; \u00e9 necess\u00e1rio que sejas vendido como escravo, para que o homem seja livre; \u00e9 necess\u00e1rio que, como escravo, sejas a\u00e7oitado e crucificado, para pagar \u00e0 minha justi\u00e7a a pena devida pelos homens; \u00e9 necess\u00e1rio que sacrifiques sangue e vida, para livrar o homem da morte eterna. Fica sabendo, enfim, que j\u00e1 n\u00e3o \u00e9s teu, mas do homem. Pois um filho lhes nasceu, e um menino lhes foi dado. Assim, amado Filho meu, o homem voltar\u00e1 a amar-me, a ser meu, vendo que te dou inteiramente a ele, meu Filho Unig\u00eanito, e que j\u00e1 n\u00e3o me resta mais o que lhe possa dar.\u201d<\/p>\n<p>Neste m\u00eas de dezembro sinta-se convidado a olhar para a manjedoura, para a humildade e fragilidade da crian\u00e7a que, entre palhas, demonstra a loucura do Amor de Deus em busca do cora\u00e7\u00e3o do homem.<\/p>\n<p>Diante da Manjedoura ficamos estupefatos por causa do mist\u00e9rio de Amor. Esse espanto logo se torna encanto e em seguida leva \u00e0 paix\u00e3o. Esse olhar, essa contempla\u00e7\u00e3o, essa percep\u00e7\u00e3o de uma realidade amorosa contagia a todos.<br \/>A Espiritualidade da Manjedoura \u00e9, na verdade, um grande convite: N\u00e3o perceber na vida um outro sentido sen\u00e3o fazer de tudo para corresponder tamanho amor. O mist\u00e9rio da encarna\u00e7\u00e3o de Jesus \u00e9 o in\u00edcio de um caminho concreto, palp\u00e1vel, inserido na hist\u00f3ria humana, iniciado por Deus para entrar em comunh\u00e3o de amor com o ser humano.<\/p>\n<p>O despojamento do Cristo, tomando a condi\u00e7\u00e3o de servo (Fl 2,7), quer nos ajudar a celebrar bem o Natal num mundo onde, influenciados por tantas ideias e realidades, os homens e mulheres nem sempre percebem a grandeza do amor de Deus expresso na encarna\u00e7\u00e3o do Verbo Eterno que, tomando nossa condi\u00e7\u00e3o, faz-se pobre, necessitado da aten\u00e7\u00e3o e do carinho humano. Deus se assemelha a n\u00f3s, torna-se impotente em tudo, exceto na capacidade de amar.<\/p>\n<p>O Natal ilumina a nossa vida. \u201cHoje uma grande luz desceu sobre a Terra\u201d. A Luz de Cristo \u00e9 portadora de paz. Na Missa da Meia Noite, a liturgia eucar\u00edstica inicia precisamente com este canto: \u201cHoje desceu do C\u00e9u sobre n\u00f3s a verdadeira paz\u201d (Ant\u00edfona de Entrada). S\u00f3 a grande luz vinda de Cristo pode dar aos homens a verdadeira paz: eis porque cada gera\u00e7\u00e3o \u00e9 chamada a acolh\u00ea-la, a acolher a Deus que em Bel\u00e9m Se fez um de n\u00f3s.\u00a0 Isto \u00e9 o Natal! <br \/>Acontecimento hist\u00f3rico e mist\u00e9rio de amor que, h\u00e1 mais de dois mil anos, interpela os homens e as mulheres de cada \u00e9poca e lugar. \u00c9 o dia santo em que brilha a grande luz de Cristo, portadora de paz! Certamente, para reconhec\u00ea-la, para acolh\u00ea-la, \u00e9 preciso f\u00e9, \u00e9 preciso humildade. A humildade de Maria, que acreditou na palavra do Senhor e foi a primeira que, inclinada sobre a manjedoura, adorou o Fruto do seu ventre; a humildade de Jos\u00e9, homem justo, que teve a coragem da f\u00e9 e preferiu obedecer a Deus; a humildade dos pastores, dos pobres e an\u00f4nimos pastores, que acolheram o an\u00fancio do mensageiro celeste e \u00e0s pressas foram \u00e0 gruta onde encontraram o Menino rec\u00e9m-nascido e, cheios de maravilha, O adoraram, louvando a Deus (cf. Lc 2,15-20).<\/p>\n<p>Na crian\u00e7a da manjedoura est\u00e1 a manifesta\u00e7\u00e3o plena do Amor Divino pela humanidade: o Pres\u00e9pio (a manjedoura) juntamente com a Cruz e o Sant\u00edssimo Sacramento revelam o aniquilamento (K\u00e9nosis) de Cristo, que come\u00e7ou na encarna\u00e7\u00e3o e n\u00e3o termina jamais, porque continua em cada Eucaristia.<\/p>\n<p>Celebremos o Natal! Celebremos a Encarna\u00e7\u00e3o! <\/p>\n<p>Feliz Natal a todos os nossos arquidiocesanos, e que Jesus possa nascer realmente no cora\u00e7\u00e3o de cada um e de cada uma!<\/p>\n<p><\/p>\n","protected":false},"excerpt":{"rendered":"<p>Dom Orani Jo\u00e3o Tempesta, O. Cist.Arcebispo de S\u00e3o Sebasti\u00e3o do Rio de Janeiro O Mist\u00e9rio da Encarna\u00e7\u00e3o, do Nascimento de Jesus deve ser uma fonte de reflex\u00e3o para n\u00f3s neste tempo natalino. Tomamos por base algumas reflex\u00f5es de Santo Afonso Maria de Lig\u00f3rio:<\/p>\n","protected":false},"author":83,"featured_media":0,"comment_status":"open","ping_status":"open","sticky":false,"template":"","format":"standard","meta":{"site-sidebar-layout":"default","site-content-layout":"default","ast-global-header-display":"","ast-banner-title-visibility":"","ast-main-header-display":"","ast-hfb-above-header-display":"","ast-hfb-below-header-display":"","ast-hfb-mobile-header-display":"","site-post-title":"","ast-breadcrumbs-content":"","ast-featured-img":"","footer-sml-layout":"","theme-transparent-header-meta":"","adv-header-id-meta":"","stick-header-meta":"","header-above-stick-meta":"","header-main-stick-meta":"","header-below-stick-meta":""},"categories":[758],"tags":[],"acf":[],"_links":{"self":[{"href":"https:\/\/www.cnbb.org.br\/cnbb-app\/wp\/v2\/posts\/12697"}],"collection":[{"href":"https:\/\/www.cnbb.org.br\/cnbb-app\/wp\/v2\/posts"}],"about":[{"href":"https:\/\/www.cnbb.org.br\/cnbb-app\/wp\/v2\/types\/post"}],"author":[{"embeddable":true,"href":"https:\/\/www.cnbb.org.br\/cnbb-app\/wp\/v2\/users\/83"}],"replies":[{"embeddable":true,"href":"https:\/\/www.cnbb.org.br\/cnbb-app\/wp\/v2\/comments?post=12697"}],"version-history":[{"count":0,"href":"https:\/\/www.cnbb.org.br\/cnbb-app\/wp\/v2\/posts\/12697\/revisions"}],"wp:attachment":[{"href":"https:\/\/www.cnbb.org.br\/cnbb-app\/wp\/v2\/media?parent=12697"}],"wp:term":[{"taxonomy":"category","embeddable":true,"href":"https:\/\/www.cnbb.org.br\/cnbb-app\/wp\/v2\/categories?post=12697"},{"taxonomy":"post_tag","embeddable":true,"href":"https:\/\/www.cnbb.org.br\/cnbb-app\/wp\/v2\/tags?post=12697"}],"curies":[{"name":"wp","href":"https:\/\/api.w.org\/{rel}","templated":true}]}}