{"id":12698,"date":"2010-12-24T00:00:00","date_gmt":"2010-12-24T02:00:00","guid":{"rendered":"https:\/\/www.cnbb.org.br\/natal-e-acolhimento\/"},"modified":"2010-12-24T00:00:00","modified_gmt":"2010-12-24T02:00:00","slug":"natal-e-acolhimento","status":"publish","type":"post","link":"https:\/\/www.cnbb.org.br\/natal-e-acolhimento\/","title":{"rendered":"Natal e acolhimento"},"content":{"rendered":"<div style=\"text-align: right\"><strong><em>Dom Orani Jo\u00e3o Tempesta, O. Cist.<br \/>Arcebispo de S\u00e3o Sebasti\u00e3o do Rio de Janeiro<br \/><\/em><\/strong><\/div>\n<p style=\"text-align: justify\">O Natal celebra o grande mist\u00e9rio da encarna\u00e7\u00e3o de Nosso Senhor Jesus Cristo, o filho de Deus, em nossa hist\u00f3ria! A salva\u00e7\u00e3o prometida por Deus aos homens, em sua mensagem aos patriarcas e profetas, torna-se realidade concreta com a vinda de Jesus Cristo. Deus cumpriu a sua promessa!<\/p>\n<p>  <!--more-->  <\/p>\n<p style=\"text-align: justify\">A revela\u00e7\u00e3o nos apresenta Jesus como \u201cEmanuel, isto \u00e9, o Deus conosco\u201d. O nosso companheiro de jornada, de hist\u00f3ria. Assim, Jesus n\u00e3o \u00e9 um ser do passado, n\u00e3o \u00e9 uma saudosa mem\u00f3ria ou ideia do passado. \u00c9 uma pessoa viva, concreta e atuante em nossa vida e em nossa hist\u00f3ria. O nascimento hist\u00f3rico de Jesus em Bel\u00e9m \u00e9 sinal do nosso misterioso nascimento \u00e0 vida divina. Pela encarna\u00e7\u00e3o de Jesus, o homem \u00e9 divinizado. \u201cJesus, o Filho de Deus, \u00e9 o rosto humano de Deus e o rosto divino do homem\u201d. <\/p>\n<p>O Natal questiona o nosso acolhimento, pois, \u201cN\u00e3o havia lugar para ele na hospedaria\u201d (Lc. 2,7).\u00a0 Como outrora, hoje tamb\u00e9m h\u00e1 muitas pessoas fechadas para\u00a0 realizar a\u00a0 experi\u00eancia do encontro com Jesus Cristo. O mist\u00e9rio da exist\u00eancia humana s\u00f3 se explica e se esclarece no mist\u00e9rio de Jesus Cristo, Filho de Deus, \u00fanica fonte e verdadeira paz, alegria e felicidade. Perguntamos: H\u00e1 lugar para Ele na sua vida, na sua fam\u00edlia, na sua casa, no seu ambiente de trabalho? \u00a0<\/p>\n<p>O Natal \u00e9 a festa da solidariedade! Jesus se faz pobre, nascendo na gruta em Bel\u00e9m,\u00a0 para solidarizar-se com os\u00a0 pobres e ser a esperan\u00e7a de liberta\u00e7\u00e3o dos sofredores deste mundo. Os primeiros a irem ao encontro de\u00a0 Jesus foram os pobres e humildes Pastores<\/p>\n<p>O Natal \u00e9 tamb\u00e9m a grande festa da solidariedade universal. \u00c9 comemorado em todo o mundo, at\u00e9 mesmo onde a popula\u00e7\u00e3o crist\u00e3 \u00e9 minoria. \u00c9 uma data que se reveste de uma certa ternura e magia, despertando nas pessoas sentimentos muitas vezes adormecidos, como: alegria, amizade, confraterniza\u00e7\u00e3o, solidariedade, caridade, gestos de bondade e reconcilia\u00e7\u00e3o. Estes sentimentos s\u00e3o frutos maravilhosos do clima de Natal, que marcam e enobrecem nossas vidas.<\/p>\n<p style=\"text-align: justify\">A liturgia do Natal \u00e9 muita rica, e s\u00f3 nesse dia temos quatro celebra\u00e7\u00f5es eucar\u00edsticas: a Missa vespertina da Vig\u00edlia (dia 24), a Missa da noite (por volta da meia noite do dia 24, denominada \u201cmissa do galo\u201d), a Missa da aurora (alvorecer do dia de Natal) e a Missa \u201cdo dia\u201d da festividade (dia 25). <\/p>\n<p>Denominamos oitava de Natal o tempo lit\u00fargico que vai do Natal at\u00e9 a festa de Santa Maria, M\u00e3e de Deus. \u00c9 um desdobramento, por oito dias, da alegria do Natal. Uma esp\u00e9cie de festa de anivers\u00e1rio prolongado. A outra solenidade \u00e9 a Festa da Epifania, conhecida como \u201cdos reis magos\u201d dentro do tempo de Natal, que se conclui com a festa do Batismo do Senhor. <\/p>\n<p>Recordemos tamb\u00e9m alguns s\u00edmbolos que nos recordam o Natal: Pres\u00e9pio \u2013 popularizado por S. Francisco de Assis em 1223; \u00c1rvore de Natal \u2013 representa nova \u00e1rvore da vida, que \u00e9 o Deus menino nascido em Bel\u00e9m; Troca de presentes \u2013 que recorda o maior presente dado pelo Pai\u00a0 aos homens, que \u00e9 o seu filho; Presentes dos Magos \u2013 incenso, s\u00edmbolo da divindade (Jesus \u00e9 filho de Deus), ouro, s\u00edmbolo da realeza (Jesus \u00e9 Rei dos Reis), mirra, sofrimento (Jesus \u00e9 o eterno servo sofredor de Jav\u00e9); Estrela de Bel\u00e9m \u2013 \u00e9 s\u00edmbolo da visita salvadora de Jesus para toda a humanidade (Jesus \u00e9 para todos \u2013 universalidade da salva\u00e7\u00e3o).<\/p>\n<p>Celebrar o Natal \u00e9\u00a0 renovar o\u00a0 encontro com a ador\u00e1vel pessoa de\u00a0 Jesus,\u00a0 o esplendor da luz de Deus, que veio para\u00a0 iluminar os homens! Lembremos que uma\u00a0 vida renovada e reconciliada \u00e9 a melhor maneira de celebrar o Natal.<\/p>\n<p>Pensemos: quais s\u00e3o as nossas motiva\u00e7\u00f5es natalinas? \u00c9 a celebra\u00e7\u00e3o do encontro pessoal com Jesus Cristo na ora\u00e7\u00e3o, na eucaristia, na medita\u00e7\u00e3o, na reconcilia\u00e7\u00e3o, no encontro com o pr\u00f3ximo? O evangelista Lucas nos diz: \u201cN\u00e3o havia lugar para ele na hospedaria\u201d (Lc 2, 7). H\u00e1 lugar para Ele na sua vida? Na sua fam\u00edlia? Na sua casa? No seu ambiente de trabalho? \u00a0<\/p>\n<p>Acolhamos com alegria o divino salvador. Natal \u00e9 vida que nasce! Natal \u00e9 convite para o homem trilhar o caminho da retid\u00e3o, do amor ao pr\u00f3ximo e da compreens\u00e3o com seus semelhantes. Vamos adorar o rei dos reis neste Natal! <br \/>Que o menino-Deus derrame ricamente suas gra\u00e7as e b\u00ean\u00e7\u00e3os sobre todas as nossas fam\u00edlias.<\/p>\n","protected":false},"excerpt":{"rendered":"<p>Dom Orani Jo\u00e3o Tempesta, O. Cist.Arcebispo de S\u00e3o Sebasti\u00e3o do Rio de Janeiro O Natal celebra o grande mist\u00e9rio da encarna\u00e7\u00e3o de Nosso Senhor Jesus Cristo, o filho de Deus, em nossa hist\u00f3ria! A salva\u00e7\u00e3o prometida por Deus aos homens, em sua mensagem aos patriarcas e profetas, torna-se realidade concreta com a vinda de Jesus &hellip;<\/p>\n<p class=\"read-more\"> <a class=\"\" href=\"https:\/\/www.cnbb.org.br\/natal-e-acolhimento\/\"> <span class=\"screen-reader-text\">Natal e acolhimento<\/span> Leia mais &raquo;<\/a><\/p>\n","protected":false},"author":83,"featured_media":0,"comment_status":"open","ping_status":"open","sticky":false,"template":"","format":"standard","meta":{"site-sidebar-layout":"default","site-content-layout":"default","ast-global-header-display":"","ast-banner-title-visibility":"","ast-main-header-display":"","ast-hfb-above-header-display":"","ast-hfb-below-header-display":"","ast-hfb-mobile-header-display":"","site-post-title":"","ast-breadcrumbs-content":"","ast-featured-img":"","footer-sml-layout":"","theme-transparent-header-meta":"","adv-header-id-meta":"","stick-header-meta":"","header-above-stick-meta":"","header-main-stick-meta":"","header-below-stick-meta":""},"categories":[758],"tags":[],"acf":[],"_links":{"self":[{"href":"https:\/\/www.cnbb.org.br\/cnbb-app\/wp\/v2\/posts\/12698"}],"collection":[{"href":"https:\/\/www.cnbb.org.br\/cnbb-app\/wp\/v2\/posts"}],"about":[{"href":"https:\/\/www.cnbb.org.br\/cnbb-app\/wp\/v2\/types\/post"}],"author":[{"embeddable":true,"href":"https:\/\/www.cnbb.org.br\/cnbb-app\/wp\/v2\/users\/83"}],"replies":[{"embeddable":true,"href":"https:\/\/www.cnbb.org.br\/cnbb-app\/wp\/v2\/comments?post=12698"}],"version-history":[{"count":0,"href":"https:\/\/www.cnbb.org.br\/cnbb-app\/wp\/v2\/posts\/12698\/revisions"}],"wp:attachment":[{"href":"https:\/\/www.cnbb.org.br\/cnbb-app\/wp\/v2\/media?parent=12698"}],"wp:term":[{"taxonomy":"category","embeddable":true,"href":"https:\/\/www.cnbb.org.br\/cnbb-app\/wp\/v2\/categories?post=12698"},{"taxonomy":"post_tag","embeddable":true,"href":"https:\/\/www.cnbb.org.br\/cnbb-app\/wp\/v2\/tags?post=12698"}],"curies":[{"name":"wp","href":"https:\/\/api.w.org\/{rel}","templated":true}]}}