{"id":12716,"date":"2011-01-03T00:00:00","date_gmt":"2011-01-03T02:00:00","guid":{"rendered":"https:\/\/www.cnbb.org.br\/ano-novo-no-terceiro-milenio\/"},"modified":"2011-01-03T00:00:00","modified_gmt":"2011-01-03T02:00:00","slug":"ano-novo-no-terceiro-milenio","status":"publish","type":"post","link":"https:\/\/www.cnbb.org.br\/ano-novo-no-terceiro-milenio\/","title":{"rendered":"Ano novo no terceiro mil\u00eanio"},"content":{"rendered":"<p style=\"text-align: right\"><em><strong><span style=\"font-size: 10pt\">Dom Walmor Oliveira de Azevedo<br \/> Arcebispo metropolitano de Belo Horizonte<\/span><\/strong><\/em><\/p>\n<p style=\"text-align: justify\">O ano de 2011, terceiro mil\u00eanio, situa a sociedade, de novo, diante da contagem do tempo. Mais um ano vai come\u00e7ar. A queima de fogos, os brindes, shows, dan\u00e7as e folguedos familiares nos clubes, nas ruas e em todo lugar n\u00e3o permitem a ningu\u00e9m safar-se da inexorabilidade do tempo que passa. A chegada do novo ano, portanto, n\u00e3o pode ser saudada simplesmente como o come\u00e7o de uma nova contagem do tempo.<\/p>\n<p>  <!--more-->  <\/p>\n<p style=\"text-align: justify\">Vale, pois, dar considera\u00e7\u00e3o n\u00e3o s\u00f3 festiva ao tempo do ano de 2011, que vai come\u00e7ar daqui a pouco, mas tamb\u00e9m elaborar uma consci\u00eancia mais refinada de que se est\u00e1 no terceiro mil\u00eanio, e que dele j\u00e1 se passou uma d\u00e9cada. Discernimento que remete os cidad\u00e3os todos a se confrontarem com seus valores, e a aceitarem o desafio de uma avalia\u00e7\u00e3o a respeito de tudo que estamos vivendo na segunda d\u00e9cada do s\u00e9culo XXI, no terceiro mil\u00eanio. Um mil\u00eanio que teve sua virada marcada n\u00e3o por simples mudan\u00e7as, como \u00e9 inevit\u00e1vel no tempo que passa, mas tamb\u00e9m por grandes transforma\u00e7\u00f5es afetando a vida de todos, levando ao j\u00e1 conhecido refr\u00e3o de que esta n\u00e3o \u00e9 s\u00f3 uma \u00e9poca de mudan\u00e7as. Trata-se do desafio da mudan\u00e7a de \u00e9poca. Na verdade, est\u00e3o desafiadas a humanidade e suas sociedades num discernimento particular dos sinais dos tempos.<\/p>\n<p style=\"text-align: justify\">Essas transforma\u00e7\u00f5es, diferentemente das ocorridas em outras \u00e9pocas, s\u00e3o mudan\u00e7as que t\u00eam alcance global. A contagem regressiva que marcar\u00e1 um grito de entusiasmo e euforia de milhares de pessoas por todo canto, contracenando com o sil\u00eancio orante e contemplativo de outros nas capelas, mosteiros e igrejas, remete todos \u00e0 realidade do tempo que j\u00e1 se viveu e ainda do que h\u00e1 para se viver.<\/p>\n<p style=\"text-align: justify\">O tempo \u00e9 um desafio enorme emoldurando o dom da vida, as responsabilidades confiadas \u00e0 sociedade, os servi\u00e7os prestados e o modo de viver de grupos, de culturas. E tamb\u00e9m de cada indiv\u00edduo, na sua condi\u00e7\u00e3o de sujeito de processos, respons\u00e1vel por escolhas e desafiado por atitudes que pautam a viv\u00eancia de sua cidadania em todas as circunst\u00e2ncias. O tempo n\u00e3o \u00e9, portanto, um dia ap\u00f3s o outro, revelando a impot\u00eancia humana para det\u00ea-lo ou control\u00e1-lo com a soberba contempor\u00e2nea, no que pese os avan\u00e7os cient\u00edficos e tecnol\u00f3gicos que t\u00eam dado uma configura\u00e7\u00e3o fant\u00e1stica, revolucion\u00e1ria e surpreendente, em din\u00e2mica e intera\u00e7\u00e3o aos cen\u00e1rios atuais.<\/p>\n<p style=\"text-align: justify\">A realidade fugaz do tempo \u00e9 uma complexidade que n\u00e3o se explica e n\u00e3o se entende por um conceito apenas. S\u00f3 a simplicidade que desveste o cora\u00e7\u00e3o humano de toda pretens\u00e3o, cria a possibilidade de n\u00e3o ter o tempo como um aguilh\u00e3o que adverte ou como mecanismo que revela a verdade de cada um. S\u00f3 a singeleza comprova os enganos das escolhas ou desmascara as farsas que enganam at\u00e9 as mais agu\u00e7adas intelig\u00eancias, rompendo o cerco de estrat\u00e9gias mim\u00e9ticas nas suas metas.<\/p>\n<p style=\"text-align: justify\">A peculiaridade do tempo \u00e9 tratada sob diversas concep\u00e7\u00f5es e investiga\u00e7\u00f5es, t\u00eam ponto de vista metaf\u00edsico, ontol\u00f3gico, hist\u00f3rico, epistemol\u00f3gico, psicol\u00f3gico, biol\u00f3gico ou f\u00edsico, e tamb\u00e9m sob o olhar do senso comum. O problema do tempo, portanto, pode e deve ser abordado e entendido sob v\u00e1rios aspectos.<\/p>\n<p style=\"text-align: justify\">N\u00e3o \u00e9 f\u00e1cil, talvez seja imposs\u00edvel, agrupar sistematicamente as concep\u00e7\u00f5es e investiga\u00e7\u00f5es sobre o tempo e alcan\u00e7ar um conceito unificado que valha para as intui\u00e7\u00f5es do senso comum e ajude a sustentar o desafio de enfrentar o tempo. Vale, \u00e0s v\u00e9speras do ano de 2011, na segunda d\u00e9cada do s\u00e9culo XXI, no terceiro mil\u00eanio, ter presente que o tempo \u00e9 nossa dimens\u00e3o existencial fundamental. Reconhecer, com nova consci\u00eancia, que \u00e9 preciso banh\u00e1-lo com valores, conceitos e perspectivas que permitam a contemporaneidade do tempo atual e n\u00e3o dos velhos tempos que n\u00e3o voltam mais. Os valores do Evangelho de Jesus Cristo, riqueza \u00e9tica, moral, inesgot\u00e1vel e insubstitu\u00edvel, garantem a refer\u00eancia para fecundar o tempo no qual se tem a gra\u00e7a de estar vivendo.<\/p>\n<p style=\"text-align: justify\">\u00c9 anacr\u00f4nico ver pessoas emitindo ju\u00edzos, pautando suas vidas, conversando e percebendo as coisas do mesmo lugar de um tempo que passou. O preju\u00edzo \u00e9 grande, compromete a cultura com retrocessos, numa pol\u00edtica enfadonha e nefasta. Aprisiona institui\u00e7\u00f5es em atendimentos de necessidades mesquinhas, alimentando aliena\u00e7\u00f5es perversas.<\/p>\n<p style=\"text-align: justify\">Os votos s\u00e3o para que a partir desta reflex\u00e3o tenhamos consci\u00eancia apurada de que tudo e todos sejam deste tempo em 2011, do terceiro mil\u00eanio.<\/p>\n","protected":false},"excerpt":{"rendered":"<p>Dom Walmor Oliveira de Azevedo Arcebispo metropolitano de Belo Horizonte O ano de 2011, terceiro mil\u00eanio, situa a sociedade, de novo, diante da contagem do tempo. Mais um ano vai come\u00e7ar. A queima de fogos, os brindes, shows, dan\u00e7as e folguedos familiares nos clubes, nas ruas e em todo lugar n\u00e3o permitem a ningu\u00e9m safar-se &hellip;<\/p>\n<p class=\"read-more\"> <a class=\"\" href=\"https:\/\/www.cnbb.org.br\/ano-novo-no-terceiro-milenio\/\"> <span class=\"screen-reader-text\">Ano novo no terceiro mil\u00eanio<\/span> Leia mais &raquo;<\/a><\/p>\n","protected":false},"author":83,"featured_media":0,"comment_status":"open","ping_status":"open","sticky":false,"template":"","format":"standard","meta":{"site-sidebar-layout":"default","site-content-layout":"default","ast-global-header-display":"","ast-banner-title-visibility":"","ast-main-header-display":"","ast-hfb-above-header-display":"","ast-hfb-below-header-display":"","ast-hfb-mobile-header-display":"","site-post-title":"","ast-breadcrumbs-content":"","ast-featured-img":"","footer-sml-layout":"","theme-transparent-header-meta":"","adv-header-id-meta":"","stick-header-meta":"","header-above-stick-meta":"","header-main-stick-meta":"","header-below-stick-meta":""},"categories":[758],"tags":[],"acf":[],"_links":{"self":[{"href":"https:\/\/www.cnbb.org.br\/cnbb-app\/wp\/v2\/posts\/12716"}],"collection":[{"href":"https:\/\/www.cnbb.org.br\/cnbb-app\/wp\/v2\/posts"}],"about":[{"href":"https:\/\/www.cnbb.org.br\/cnbb-app\/wp\/v2\/types\/post"}],"author":[{"embeddable":true,"href":"https:\/\/www.cnbb.org.br\/cnbb-app\/wp\/v2\/users\/83"}],"replies":[{"embeddable":true,"href":"https:\/\/www.cnbb.org.br\/cnbb-app\/wp\/v2\/comments?post=12716"}],"version-history":[{"count":0,"href":"https:\/\/www.cnbb.org.br\/cnbb-app\/wp\/v2\/posts\/12716\/revisions"}],"wp:attachment":[{"href":"https:\/\/www.cnbb.org.br\/cnbb-app\/wp\/v2\/media?parent=12716"}],"wp:term":[{"taxonomy":"category","embeddable":true,"href":"https:\/\/www.cnbb.org.br\/cnbb-app\/wp\/v2\/categories?post=12716"},{"taxonomy":"post_tag","embeddable":true,"href":"https:\/\/www.cnbb.org.br\/cnbb-app\/wp\/v2\/tags?post=12716"}],"curies":[{"name":"wp","href":"https:\/\/api.w.org\/{rel}","templated":true}]}}