{"id":12722,"date":"2011-01-04T00:00:00","date_gmt":"2011-01-04T02:00:00","guid":{"rendered":"https:\/\/www.cnbb.org.br\/uma-luz-em-seu-caminho\/"},"modified":"2011-01-04T00:00:00","modified_gmt":"2011-01-04T02:00:00","slug":"uma-luz-em-seu-caminho","status":"publish","type":"post","link":"https:\/\/www.cnbb.org.br\/uma-luz-em-seu-caminho\/","title":{"rendered":"Uma luz em seu caminho"},"content":{"rendered":"<p style=\"text-align: right\"><strong><em><span style=\"font-size: 10pt\">Dom Orani Jo\u00e3o Tempesta<br \/>Arcebispo Metropolitano de S\u00e3o Sebasti\u00e3o do Rio de Janeiro (RJ)<\/span><\/em><\/strong><\/p>\n<p style=\"text-align: justify\">Com alegria, hoje celebramos a Epifania do Senhor, isto \u00e9, a sua manifesta\u00e7\u00e3o aos povos do mundo inteiro, representados pelos Magos que vieram do Oriente para homenagear o Rei dos Judeus. \u00c9, portanto, a manifesta\u00e7\u00e3o do amor misericordioso de Deus que enviou aos homens um Salvador. \u00c9 a solenidade da universalidade da salva\u00e7\u00e3o! Aquele que nasceu em Bel\u00e9m, descendente de Davi, Filho de Deus, \u00e9 o Messias, Salvador do Mundo, que veio para libertar todo homem e todos os homens!<\/p>\n<p>  <!--more-->  <\/p>\n<p style=\"text-align: justify\">A estrela que surge no c\u00e9u faz resplandecer sobre todos, indistintamente, a sua luz. O caminho da f\u00e9 abre-se diante dos homens \u201cde toda tribo, l\u00edngua, povo e na\u00e7\u00e3o\u201d.<\/p>\n<p style=\"text-align: justify\">Ele revela-se como luz, n\u00e3o uma luz qualquer, mas como \u201ca luz\u201d que veio resplandecer nas nossas trevas. J\u00e1 o profeta Isa\u00edas tinha visto todas as na\u00e7\u00f5es dirigirem-se para Cristo, esplendor\u00a0 da Gl\u00f3ria do Pai, revela\u00e7\u00e3o de sua eterna gl\u00f3ria. \u00c9 noite, est\u00e1 escuro, o c\u00e9u \u00e9 imenso, mas j\u00e1 n\u00e3o \u00e9 um vazio que angustia, pois brilha uma estrela que indica um caminho, uma meta misteriosa, mas certa. Na vida de cada um de n\u00f3s sempre existir\u00e1 uma luz em nosso caminho que nos conduzir\u00e1 ao Cristo, \u00e0 simplicidade da vida, \u00e0 Salva\u00e7\u00e3o. Pode ser um acontecimento, uma pessoa, um encontro, uma ilumina\u00e7\u00e3o, a Palavra anunciada, o sacramento celebrado! Essa luz que descobrimos dentro de n\u00f3s, em meio \u00e0s trevas e sombras, nos faz enxergar com clareza o amor de Deus em nossa vida e na hist\u00f3ria.<\/p>\n<p style=\"text-align: justify\">As pessoas que fazem essa experi\u00eancia de uma vida iluminada \u00e9 que conseguem transformar a hist\u00f3ria para o bem atrav\u00e9s de suas vidas e seus testemunhos! Ao iniciarmos o novo ano, logo no primeiro domingo temos a gra\u00e7a de celebrar essa festa da manifesta\u00e7\u00e3o do Senhor, transferida do dia 6 de janeiro como uma oportunidade de retomarmos com intenso ardor nossas vidas e nosso entusiasmo para que reine a paz em nossos cora\u00e7\u00f5es e dentro de nossas cidades. Que os \u201csinais luminosos\u201d da passagem do ano marquem o nosso desejo de elevar ao mais alto dos c\u00e9us a luz que \u00e9 Cristo e que a todos ilumina e d\u00e1 possibilidade de uma nova vida.<\/p>\n<p style=\"text-align: justify\">Os homens e as mulheres de hoje encontram-se num caminho de busca humanamente infind\u00e1vel, busca da verdade e busca de uma pessoa em quem podem confiar. \u00c9, sem d\u00favida, a for\u00e7a do Esp\u00edrito Santo que suscita os cora\u00e7\u00f5es e as mentes a buscar a verdade, a beleza, a justi\u00e7a e a paz. Os Magos encontraram ambas realidades no Menino de Bel\u00e9m.<\/p>\n<p style=\"text-align: justify\">Todos n\u00f3s temos necessidade de ser orientados: ent\u00e3o, qual estrela podemos seguir? Depois de pairar sobre o \u201clugar onde estava o Menino\u201d, a estrela que guiou os Magos concluiu a sua fun\u00e7\u00e3o = miss\u00e3o, mas a sua luz espiritual est\u00e1 sempre presente na palavra do Evangelho, que tamb\u00e9m hoje \u00e9 capaz de guiar todos os homens at\u00e9 Jesus. Essa mesma Palavra que n\u00e3o \u00e9, sen\u00e3o, o reflexo de Cristo verdadeiro homem e verdadeiro Deus.<\/p>\n<p style=\"text-align: justify\">Recorda-nos o Papa Bento XVI: \u201cO pr\u00f3prio Filho \u00e9 a Palavra, \u00e9 o Logos: a Palavra eterna se fez pequena; t\u00e3o pequena que cabe numa manjedoura.\u00a0 Se fez crian\u00e7a, para que a Palavra possa ser compreendida por n\u00f3s\u201d. Desde ent\u00e3o a Palavra j\u00e1 n\u00e3o \u00e9 apenas aud\u00edvel, n\u00e3o possui somente uma voz; agora a Palavra tem um rosto, que por isso mesmo podemos ver: Jesus de Nazar\u00e9\u201d. Utilizei estes textos desse documento Verbum Domini para o cart\u00e3o dos cumprimentos de Natal e Ano Novo.<\/p>\n<p style=\"text-align: justify\">O mundo passa por nefastas situa\u00e7\u00f5es de mal-estar que afetam a humanidade de hoje \u2013 o &#8220;intenso nevoeiro que envolve as na\u00e7\u00f5es&#8221;, de que fala o Profeta, na primeira leitura da Solenidade da Epifania. A grande esperan\u00e7a n\u00e3o pode ser sen\u00e3o Deus\u2026 n\u00e3o um deus qualquer, mas o Deus&#8230; de rosto humano, manifestado no Menino de Bel\u00e9m e no Crucificado-Ressuscitado. S\u00f3 quando existe uma grande esperan\u00e7a se pode perseverar na sobriedade. Caso contr\u00e1rio, procura-se a felicidade na embriaguez, no sup\u00e9rfluo, nos excessos, e assim se destr\u00f3i a si mesmo e ao mundo. N\u00e3o \u00e9 a busca de satisfazer um vazio que leva as pessoas ao consumo da droga, que acarreta tantas consequ\u00eancias e depend\u00eancias econ\u00f4micas, sanit\u00e1rias e sociais? A modera\u00e7\u00e3o n\u00e3o \u00e9, apenas, uma regra asc\u00e9tica, mas tamb\u00e9m uma via de salva\u00e7\u00e3o para a humanidade. Para este ano que se inicia s\u00f3 adotando um estilo de vida s\u00f3brio, acompanhado por um s\u00e9rio empenho para uma igualit\u00e1ria distribui\u00e7\u00e3o das riquezas, ser\u00e1 poss\u00edvel instaurar uma ordem de desenvolvimento justo e sustent\u00e1vel. Ali\u00e1s, esse ser\u00e1 o nosso tema da pr\u00f3xima Campanha da Fraternidade, que deve nos questionar sobre o nosso modo de viver para que a vida do planeta continue saud\u00e1vel. Para tal, ocorrem homens que alimentam uma grande esperan\u00e7a e possuam, portanto, muita coragem: a coragem dos Magos\u2026<\/p>\n<p style=\"text-align: justify\">\u201cPor isso, Cristo \u00e9 \u201ca luz do mundo\u201d (Jo 8, 12), aquela luz que \u201cresplandece nas trevas\u201d (Jo 1, 5), mas as trevas n\u00e3o a acolheram (cf. Jo 1, 5). Aqui se compreende plenamente o significado do Salmo 119 quando a designa \u201cfarol para os meus passos, e luz para os meus caminhos\u201d (v. 105); esta luz decisiva na nossa estrada \u00e9 precisamente a Palavra que ressuscita. Desde o in\u00edcio, os crist\u00e3os tiveram consci\u00eancia de que, em Cristo, a Palavra de Deus est\u00e1 presente como Pessoa. A Palavra de Deus \u00e9 a luz verdadeira, de que o homem tem necessidade. Sim, na ressurrei\u00e7\u00e3o, o Filho de Deus surgiu como Luz do mundo. Agora, vivendo com Ele e para Ele, podemos viver na luz\u201d (Verbum Domini 112).<\/p>\n<p style=\"text-align: justify\">Infelizmente ainda hoje a luz nem sempre \u00e9 acolhida e por isso muitos ainda vivem nas trevas e na escurid\u00e3o. N\u00e3o basta ter r\u00f3tulos, mas sim abertura de vida para acolher com alegria a Jesus Cristo como nosso Salvador, luz que veio ao mundo! Aqueles que acolhem a Cristo passam a ter suas vidas iluminadas e, como a lua reflete a luz do sol, assim tamb\u00e9m os que seguem ao Senhor, tendo seus rostos iluminados, poder\u00e3o refletir a luz que vem de Cristo.<\/p>\n<p style=\"text-align: justify\">H\u00e1 pelo menos um momento na vida de cada um em que lhe \u00e9 dado fazer a experi\u00eancia dessa luz interior, momento em que se reconhece que, misteriosamente, o Senhor nos guiou ao encontro com Ele. Seguindo a luz de Cristo e deixando-nos inundar pela sua alegria, tornamo-nos, segundo a palavra do Evangelho, tamb\u00e9m n\u00f3s, como reflexo d\u00b4Ele: \u201cluz do mundo\u201d.<\/p>\n","protected":false},"excerpt":{"rendered":"<p>Dom Orani Jo\u00e3o TempestaArcebispo Metropolitano de S\u00e3o Sebasti\u00e3o do Rio de Janeiro (RJ) Com alegria, hoje celebramos a Epifania do Senhor, isto \u00e9, a sua manifesta\u00e7\u00e3o aos povos do mundo inteiro, representados pelos Magos que vieram do Oriente para homenagear o Rei dos Judeus. \u00c9, portanto, a manifesta\u00e7\u00e3o do amor misericordioso de Deus que enviou &hellip;<\/p>\n<p class=\"read-more\"> <a class=\"\" href=\"https:\/\/www.cnbb.org.br\/uma-luz-em-seu-caminho\/\"> <span class=\"screen-reader-text\">Uma luz em seu caminho<\/span> Leia mais &raquo;<\/a><\/p>\n","protected":false},"author":83,"featured_media":0,"comment_status":"open","ping_status":"open","sticky":false,"template":"","format":"standard","meta":{"site-sidebar-layout":"default","site-content-layout":"default","ast-global-header-display":"","ast-banner-title-visibility":"","ast-main-header-display":"","ast-hfb-above-header-display":"","ast-hfb-below-header-display":"","ast-hfb-mobile-header-display":"","site-post-title":"","ast-breadcrumbs-content":"","ast-featured-img":"","footer-sml-layout":"","theme-transparent-header-meta":"","adv-header-id-meta":"","stick-header-meta":"","header-above-stick-meta":"","header-main-stick-meta":"","header-below-stick-meta":""},"categories":[758],"tags":[],"acf":[],"_links":{"self":[{"href":"https:\/\/www.cnbb.org.br\/cnbb-app\/wp\/v2\/posts\/12722"}],"collection":[{"href":"https:\/\/www.cnbb.org.br\/cnbb-app\/wp\/v2\/posts"}],"about":[{"href":"https:\/\/www.cnbb.org.br\/cnbb-app\/wp\/v2\/types\/post"}],"author":[{"embeddable":true,"href":"https:\/\/www.cnbb.org.br\/cnbb-app\/wp\/v2\/users\/83"}],"replies":[{"embeddable":true,"href":"https:\/\/www.cnbb.org.br\/cnbb-app\/wp\/v2\/comments?post=12722"}],"version-history":[{"count":0,"href":"https:\/\/www.cnbb.org.br\/cnbb-app\/wp\/v2\/posts\/12722\/revisions"}],"wp:attachment":[{"href":"https:\/\/www.cnbb.org.br\/cnbb-app\/wp\/v2\/media?parent=12722"}],"wp:term":[{"taxonomy":"category","embeddable":true,"href":"https:\/\/www.cnbb.org.br\/cnbb-app\/wp\/v2\/categories?post=12722"},{"taxonomy":"post_tag","embeddable":true,"href":"https:\/\/www.cnbb.org.br\/cnbb-app\/wp\/v2\/tags?post=12722"}],"curies":[{"name":"wp","href":"https:\/\/api.w.org\/{rel}","templated":true}]}}