{"id":12753,"date":"2011-01-19T00:00:00","date_gmt":"2011-01-19T02:00:00","guid":{"rendered":"https:\/\/www.cnbb.org.br\/a-luz-brilha-nas-trevas\/"},"modified":"2011-01-19T00:00:00","modified_gmt":"2011-01-19T02:00:00","slug":"a-luz-brilha-nas-trevas","status":"publish","type":"post","link":"https:\/\/www.cnbb.org.br\/a-luz-brilha-nas-trevas\/","title":{"rendered":"A luz brilha nas trevas"},"content":{"rendered":"<p style=\"text-align: right\"><span style=\"font-size: 10pt\"><strong><em>Dom Paulo Mendes Peixoto<br \/> Bispo de S\u00e3o Jos\u00e9 do Rio Preto<\/em><\/strong><\/span><\/p>\n<p>A vida das pessoas tem momentos de luz e de trevas. Ningu\u00e9m escapa desta situa\u00e7\u00e3o. Para uns, acontece de forma mais radial, e at\u00e9 fatal. Para outros, as alegrias e decep\u00e7\u00f5es s\u00e3o mais brandas e com poucas consequ\u00eancias.<\/p>\n<p>  <!--more-->  <\/p>\n<p>Milhares de pessoas sofrem as consequ\u00eancias das cat\u00e1strofes das \u00faltimas chuvas e enchentes, principalmente no Estado do Rio de Janeiro. Centenas delas foram brutalmente ceifadas, deixando a marca do sofrimento de muitos familiares.<\/p>\n<p>A aut\u00eantica luz \u00e9 Jesus Cristo, que deve ser reconhecido como tal, assumindo o caminho da constru\u00e7\u00e3o do Reino de Deus. Reino da vida e n\u00e3o da morte, de flagelos e sofrimentos inesperados. \u00c9 preciso encontrar meios para diminuir os incidentes de sofrimento em massa, como tem acontecido alhures.<\/p>\n<p>\u00c9 f\u00e1cil ser solid\u00e1rio com os sofredores nestes instantes, principalmente porque o sofrimento n\u00e3o \u00e9 com a gente, n\u00e3o estamos no lugar daquelas fam\u00edlias enlutadas e despidas de tudo que tinham constru\u00eddo. Mas ser\u00e1 que a solu\u00e7\u00e3o destes acontecimentos n\u00e3o depende de todos n\u00f3s, de cada brasileiro e brasileira?<\/p>\n<p>Sempre houve momentos de \u201csombra, tristeza e morte\u201d. \u00c0s vezes contribu\u00edmos para que isto aconte\u00e7a. As causas s\u00e3o muitas, que passam pela busca de conforto indiscriminado, pelas constru\u00e7\u00f5es em lugares impr\u00f3prios e de risco, pela m\u00e1 atua\u00e7\u00e3o das autoridades, pela falta de uma Defesa Civil exigente etc.<\/p>\n<p>Nas trag\u00e9dias n\u00e3o existem privilegiados. Todos nos igualamos e sentimos a necessidade de miseric\u00f3rdia. Os olhares se voltam para Deus e para os nossos limites. Queira ou n\u00e3o, as nossas vidas est\u00e3o nas m\u00e3os de Deus. Tudo passa, inclusive nossas divis\u00f5es, incompreens\u00f5es, ego\u00edsmos, riquezas, mordomias etc.<\/p>\n<p>Na verdade, temos que nos apoiar naquele que foi crucificado, de onde brota a salva\u00e7\u00e3o. Cristo \u00e9 de todos e para todos. Ele tem uma prefer\u00eancia pelos marginalizados, pelos sofredores e flagelados. A sua mensagem \u00e9 de confian\u00e7a, de boa nova para reanimar os que ca\u00edram no desespero.<\/p>\n<p>Os disc\u00edpulos, livremente, deixaram tudo para seguir Jesus Cristo em sua miss\u00e3o. \u00c9 muito mais saud\u00e1vel ser assim de que perder tudo de forma brutal e violenta. Ambos os casos devem provocar capacidade de desprendimento, de luta e de seguimento.<\/p>\n<p>Seguir Jesus Cristo \u00e9 ter postura de fidelidade \u00e0 sua proposta, \u00e9 viver uma nova dimens\u00e3o de espiritualidade. E muitas pessoas s\u00e3o desafiadas a come\u00e7ar tudo de novo, com coragem e \u00e2nimo redobrados, confiando sempre na prote\u00e7\u00e3o divina. \u00c9 a presen\u00e7a da luz superando a for\u00e7a das trevas.<\/p>\n<p>Encerro esta reflex\u00e3o citando as palavras de Jesus, quando diz: \u201cEu, a luz vim ao mundo para que aquele que cr\u00ea em mim n\u00e3o permane\u00e7a nas trevas\u201d (Jo 12, 46). A reconstru\u00e7\u00e3o depende de todos, quando a Palavra de Deus diz: \u201cVoc\u00eas s\u00e3o a luz do mundo\u201d (Mt 5, 14). A vida se constr\u00f3i a cada dia.<\/p>\n<p>O momento \u00e9 de otimismo, de confian\u00e7a e de luta. \u00c9 olhar para frente com olhos de esperan\u00e7a. Somos impotentes diante da for\u00e7a da natureza, mas somos fortes quando confiamos no Autor da Cria\u00e7\u00e3o. Deus n\u00e3o nos abandona, mas quer de n\u00f3s atitudes de responsabilidade no momento de agir e de construir.<\/p>\n","protected":false},"excerpt":{"rendered":"<p>Dom Paulo Mendes Peixoto Bispo de S\u00e3o Jos\u00e9 do Rio Preto A vida das pessoas tem momentos de luz e de trevas. Ningu\u00e9m escapa desta situa\u00e7\u00e3o. Para uns, acontece de forma mais radial, e at\u00e9 fatal. Para outros, as alegrias e decep\u00e7\u00f5es s\u00e3o mais brandas e com poucas consequ\u00eancias.<\/p>\n","protected":false},"author":83,"featured_media":0,"comment_status":"open","ping_status":"open","sticky":false,"template":"","format":"standard","meta":{"site-sidebar-layout":"default","site-content-layout":"default","ast-global-header-display":"","ast-banner-title-visibility":"","ast-main-header-display":"","ast-hfb-above-header-display":"","ast-hfb-below-header-display":"","ast-hfb-mobile-header-display":"","site-post-title":"","ast-breadcrumbs-content":"","ast-featured-img":"","footer-sml-layout":"","theme-transparent-header-meta":"","adv-header-id-meta":"","stick-header-meta":"","header-above-stick-meta":"","header-main-stick-meta":"","header-below-stick-meta":""},"categories":[758],"tags":[],"acf":[],"_links":{"self":[{"href":"https:\/\/www.cnbb.org.br\/cnbb-app\/wp\/v2\/posts\/12753"}],"collection":[{"href":"https:\/\/www.cnbb.org.br\/cnbb-app\/wp\/v2\/posts"}],"about":[{"href":"https:\/\/www.cnbb.org.br\/cnbb-app\/wp\/v2\/types\/post"}],"author":[{"embeddable":true,"href":"https:\/\/www.cnbb.org.br\/cnbb-app\/wp\/v2\/users\/83"}],"replies":[{"embeddable":true,"href":"https:\/\/www.cnbb.org.br\/cnbb-app\/wp\/v2\/comments?post=12753"}],"version-history":[{"count":0,"href":"https:\/\/www.cnbb.org.br\/cnbb-app\/wp\/v2\/posts\/12753\/revisions"}],"wp:attachment":[{"href":"https:\/\/www.cnbb.org.br\/cnbb-app\/wp\/v2\/media?parent=12753"}],"wp:term":[{"taxonomy":"category","embeddable":true,"href":"https:\/\/www.cnbb.org.br\/cnbb-app\/wp\/v2\/categories?post=12753"},{"taxonomy":"post_tag","embeddable":true,"href":"https:\/\/www.cnbb.org.br\/cnbb-app\/wp\/v2\/tags?post=12753"}],"curies":[{"name":"wp","href":"https:\/\/api.w.org\/{rel}","templated":true}]}}