{"id":12780,"date":"2011-01-31T00:00:00","date_gmt":"2011-01-31T02:00:00","guid":{"rendered":"https:\/\/www.cnbb.org.br\/coragem-portanto-nao-desanimeis\/"},"modified":"2011-01-31T00:00:00","modified_gmt":"2011-01-31T02:00:00","slug":"coragem-portanto-nao-desanimeis","status":"publish","type":"post","link":"https:\/\/www.cnbb.org.br\/coragem-portanto-nao-desanimeis\/","title":{"rendered":"Coragem, portanto; n\u00e3o desanimeis!"},"content":{"rendered":"<p style=\"text-align: right\"><span style=\"font-size: 10pt\"><em><strong>Cardeal Dom Odilo Pedro Scherer<br \/>Arcebispo de S\u00e3o Paulo (SP)<\/strong><\/em><\/span><\/p>\n<p style=\"text-align: justify\">S\u00e3o freq\u00fcentes as not\u00edcias sobre atentados contra crist\u00e3os, nos quais muito perdem a vida, at\u00e9 mesmo em igrejas, durante celebra\u00e7\u00f5es, como aconteceu em novembro passado em Bagdad, no Iraque, ou na noite do Ano Novo, no Egito. S\u00e3o m\u00e1rtires, testemunhas de Cristo; n\u00e3o porque se auto-imolaram por alguma causa, mas porque foram perseguidos e mortos por causa de sua f\u00e9. Em todos os per\u00edodos da hist\u00f3ria do Cristianismo houve m\u00e1rtires. Hoje n\u00e3o \u00e9 diferente.<\/p>\n<p>  <!--more-->  <\/p>\n<p style=\"text-align: justify\">O Papa Bento XVI tem apelado v\u00e1rias vezes por prote\u00e7\u00e3o aos crist\u00e3os contra toda viol\u00eancia; e sua Mensagem para o Dia Mundial da Paz, 1\u00b0 de ano, tamb\u00e9m foi sobre a \u201cliberdade religiosa, como caminho para a paz\u201d. Mesmo autoridades europ\u00e9ias t\u00eam se pronunciado, bem recentemente, contra a viol\u00eancia aos crist\u00e3os. Os atentados acontecem geralmente onde os crist\u00e3os s\u00e3o minoria.<\/p>\n<p style=\"text-align: justify\">Entre n\u00f3s n\u00e3o h\u00e1 persegui\u00e7\u00e3o aberta, nem mart\u00edrios frequentes. Por\u00e9m os cat\u00f3licos e os crist\u00e3os, em geral, tamb\u00e9m sofrem certa press\u00e3o e discrimina\u00e7\u00e3o; muitos s\u00e3o tentados de des\u00e2nimo ou de seguir por um caminho religioso menos dif\u00edcil, ou mais \u201cpromissor\u201d, do ponto de vista da prosperidade e da satisfa\u00e7\u00e3o das necessidades imediatas. Outros v\u00e3o atr\u00e1s de promessas religiosas enganosas e esperam por milagres para resolver toda dor e todo problema na vida. N\u00e3o faltam ofertas de \u201cmilagres\u201d f\u00e1ceis e solu\u00e7\u00f5es m\u00e1gicas no campo religioso e muitos s\u00e3o tentados a experimentar a via mais f\u00e1cil. Jesus alertou que o caminho largo e a porta espa\u00e7osa n\u00e3o s\u00e3o os que d\u00e3o acesso \u00e0 salva\u00e7\u00e3o (cf Lc 13,24).<\/p>\n<p style=\"text-align: justify\">A experi\u00eancia da persegui\u00e7\u00e3o e do des\u00e2nimo foi vivida no in\u00edcio do Cristianismo e temos disso um testemunho admir\u00e1vel na Carta aos Hebreus, da qual estamos lendo belos trechos na Missa nestas primeiras semanas do Tempo Comum. Os destinat\u00e1rios desta Carta eram, certamente, crist\u00e3os oriundos do Juda\u00edsmo e tinham acolhido o Evangelho como natural desdobramento da f\u00e9 dos Patriarcas, Profetas e de todos os justos, descendentes de Abra\u00e3o, e da sua pr\u00f3pria f\u00e9. Mas, pelo teor da Carta, devia existir forte inquieta\u00e7\u00e3o e des\u00e2nimo entre os \u201cHebreus\u201d, aos quais ela \u00e9 dirigida.<\/p>\n<p style=\"text-align: justify\">Alguns estavam deixando a f\u00e9 crist\u00e3, outros eram tentados de fazer o mesmo; alguns experimentavam o desprezo p\u00fablico, persegui\u00e7\u00f5es, pris\u00f5es e mart\u00edrios (cf Hb 10,32-39). Outros punham questionamentos teol\u00f3gicos e doutrinais relevantes: eles haviam deixado o templo de Jerusal\u00e9m, os esplendores dos ritos, das festas anuais, faltava a figura do Sumo-Sacerdote, dos levitas; onde est\u00e1vamos sacrif\u00edcios?! No Cristianismo nascente, a Liturgia ainda n\u00e3o estava toda organizada, como hoje; ainda n\u00e3o havia igrejas esplendorosas, nem tradi\u00e7\u00f5es religiosas, como as que alimentaram a f\u00e9 do Povo Eleito por gera\u00e7\u00f5es e gera\u00e7\u00f5es. E ainda, por cima disso tudo, persegui\u00e7\u00f5es, pris\u00f5es e mart\u00edrios! N\u00e3o era uma situa\u00e7\u00e3o f\u00e1cil.<\/p>\n<p style=\"text-align: justify\">O autor escreve a Carta aos Hebreus para confortar esta comunidade e para aprofundar com ela o sentido da f\u00e9 crist\u00e3. Jesus Cristo \u00e9 o fruto das promessas de Deus, o verdadeiro e \u00fanico Sacerdote, que nos santifica com sua vinda ao mundo e com o seu sangue, no sacrif\u00edcio oferecido a Deus sobre a cruz. Nele se cumprem as promessas de Deus acalentadas pelo povo fiel ao longo de s\u00e9culos; Jesus \u00e9 o novo Templo de Deus no mundo e tamb\u00e9m n\u00f3s somos edificados, com Ele, em templo onde Deus habita. Nos momentos de prova\u00e7\u00e3o, \u00e9 preciso voltar aos fundamentos da f\u00e9, para reencontrar as raz\u00f5es da nossa esperan\u00e7a e as for\u00e7as para enfrentar os dias dif\u00edceis e prosseguir no caminho.<\/p>\n<p style=\"text-align: justify\">E o autor convida a olhar para o exemplo dos \u201cpais na f\u00e9\u201d \u2013 Abra\u00e3o, Isaac, Jac\u00f3, Gede\u00e3o, Barac, Sans\u00e3o, Jeft\u00e9, Davi, Samuel, os profetas (cf Hb 11). Foram homens de f\u00e9, que lutaram e perseveraram no meio de muitas tribula\u00e7\u00f5es; nos tempos dif\u00edceis, mantiveram o olhar fixo no Autor da Promessa e caminharam na esperan\u00e7a, \u201ccomo se vissem o invis\u00edvel\u201d&#8230;<\/p>\n<p style=\"text-align: justify\">A Carta aos Hebreus exorta a n\u00f3s, tamb\u00e9m: \u201cN\u00e3o abandoneis a vossa coragem, que merece grande recompensa! De fato, precisais de perseveran\u00e7a, para cumprir a vontade de Deus e alcan\u00e7ar o que ele prometeu\u201d (10,35-36).\u00a0 Coragem, portanto, n\u00e3o desanimemos!<\/p>\n","protected":false},"excerpt":{"rendered":"<p>Cardeal Dom Odilo Pedro SchererArcebispo de S\u00e3o Paulo (SP) S\u00e3o freq\u00fcentes as not\u00edcias sobre atentados contra crist\u00e3os, nos quais muito perdem a vida, at\u00e9 mesmo em igrejas, durante celebra\u00e7\u00f5es, como aconteceu em novembro passado em Bagdad, no Iraque, ou na noite do Ano Novo, no Egito. S\u00e3o m\u00e1rtires, testemunhas de Cristo; n\u00e3o porque se auto-imolaram &hellip;<\/p>\n<p class=\"read-more\"> <a class=\"\" href=\"https:\/\/www.cnbb.org.br\/coragem-portanto-nao-desanimeis\/\"> <span class=\"screen-reader-text\">Coragem, portanto; n\u00e3o desanimeis!<\/span> Leia mais &raquo;<\/a><\/p>\n","protected":false},"author":83,"featured_media":0,"comment_status":"open","ping_status":"open","sticky":false,"template":"","format":"standard","meta":{"site-sidebar-layout":"default","site-content-layout":"default","ast-global-header-display":"","ast-banner-title-visibility":"","ast-main-header-display":"","ast-hfb-above-header-display":"","ast-hfb-below-header-display":"","ast-hfb-mobile-header-display":"","site-post-title":"","ast-breadcrumbs-content":"","ast-featured-img":"","footer-sml-layout":"","theme-transparent-header-meta":"","adv-header-id-meta":"","stick-header-meta":"","header-above-stick-meta":"","header-main-stick-meta":"","header-below-stick-meta":""},"categories":[758],"tags":[],"acf":[],"_links":{"self":[{"href":"https:\/\/www.cnbb.org.br\/cnbb-app\/wp\/v2\/posts\/12780"}],"collection":[{"href":"https:\/\/www.cnbb.org.br\/cnbb-app\/wp\/v2\/posts"}],"about":[{"href":"https:\/\/www.cnbb.org.br\/cnbb-app\/wp\/v2\/types\/post"}],"author":[{"embeddable":true,"href":"https:\/\/www.cnbb.org.br\/cnbb-app\/wp\/v2\/users\/83"}],"replies":[{"embeddable":true,"href":"https:\/\/www.cnbb.org.br\/cnbb-app\/wp\/v2\/comments?post=12780"}],"version-history":[{"count":0,"href":"https:\/\/www.cnbb.org.br\/cnbb-app\/wp\/v2\/posts\/12780\/revisions"}],"wp:attachment":[{"href":"https:\/\/www.cnbb.org.br\/cnbb-app\/wp\/v2\/media?parent=12780"}],"wp:term":[{"taxonomy":"category","embeddable":true,"href":"https:\/\/www.cnbb.org.br\/cnbb-app\/wp\/v2\/categories?post=12780"},{"taxonomy":"post_tag","embeddable":true,"href":"https:\/\/www.cnbb.org.br\/cnbb-app\/wp\/v2\/tags?post=12780"}],"curies":[{"name":"wp","href":"https:\/\/api.w.org\/{rel}","templated":true}]}}