{"id":12781,"date":"2011-01-31T00:00:00","date_gmt":"2011-01-31T02:00:00","guid":{"rendered":"https:\/\/www.cnbb.org.br\/o-curso-para-bispos\/"},"modified":"2011-01-31T00:00:00","modified_gmt":"2011-01-31T02:00:00","slug":"o-curso-para-bispos","status":"publish","type":"post","link":"https:\/\/www.cnbb.org.br\/o-curso-para-bispos\/","title":{"rendered":"O curso para Bispos"},"content":{"rendered":"<p style=\"text-align: right\"><strong><em><span style=\"font-size: 10pt\">Dom Orani Jo\u00e3o Tempesta<br \/>Arcebispo do Rio de Janeiro (RJ)<\/span><\/em><\/strong><\/p>\n<p style=\"text-align: justify\">Realizamos neste ano na nossa Arquidiocese o XX Curso para Bispos, de 31 de janeiro a 04 de fevereiro. Essa louv\u00e1vel iniciativa do meu venerando antecessor, Cardeal Eug\u00eanio de Ara\u00fajo Sales, continuada pelo nosso predecessor, D. Eus\u00e9bio Oscar Scheid, parece ter ressoado para toda a Igreja, j\u00e1 vem explicitamente recomendada pelo Vener\u00e1vel Papa Jo\u00e3o Paulo II na Exorta\u00e7\u00e3o Apost\u00f3lica P\u00f3s-Sinodal Pastores Gregis, de 16 de outubro de 2003, que assim fomenta em seu n\u00famero 24: \u201cEm estreita liga\u00e7\u00e3o com o compromisso que o Bispo tem de avan\u00e7ar incansavelmente pelo caminho da santidade, vivendo uma espiritualidade cristoc\u00eantrica e eclesial, a assembleia sinodal colocou tamb\u00e9m a exig\u00eancia da sua forma\u00e7\u00e3o permanente. (&#8230;) A forma\u00e7\u00e3o permanente deve ser vista como necess\u00e1ria, especialmente para o Bispo, que carrega a responsabilidade do progresso comum e do caminho harm\u00f4nico na Igreja\u201d.<\/p>\n<p>  <!--more-->  <\/p>\n<p style=\"text-align: justify\">Desde o in\u00edcio, como tamb\u00e9m agora, esse momento \u00e9 de encontro, aprofundamento, ora\u00e7\u00e3o e confraterniza\u00e7\u00e3o entre os sucessores dos Ap\u00f3stolos que acolhem o convite da Arquidiocese de S\u00e3o Sebasti\u00e3o do Rio de Janeiro. E esta, por sua vez, tem a alegria de acolher a todos em seu Centro de Estudos do Sumar\u00e9.<\/p>\n<p style=\"text-align: justify\">Como para os sacerdotes e as pessoas de vida consagrada, a forma\u00e7\u00e3o permanente, no caso do Bispo, \u00e9 uma exig\u00eancia intr\u00ednseca da sua voca\u00e7\u00e3o e miss\u00e3o. De fato, em virtude dela \u00e9 poss\u00edvel discernir os novos apelos com que Deus especifica e atualiza o chamamento inicial. Tamb\u00e9m o ap\u00f3stolo Pedro, depois do convite \u201csegue-Me\u201d, recebido no primeiro encontro com Cristo (cf. Mt 4, 19), ouviu repetir-lhe o mesmo convite pelo Ressuscitado, que, antes de deixar a Terra e preanunciando-lhe as canseiras e tribula\u00e7\u00f5es do futuro minist\u00e9rio, acrescenta: \u201cTu, segue-Me\u201d (Jo 21, 22). \u201c\u00c9, portanto, um \u201csegue-Me\u201d que acompanha a vida e a miss\u00e3o do ap\u00f3stolo. \u00c9 um \u201csegue-Me\u201d que acompanha o apelo e a exig\u00eancia de fidelidade at\u00e9 \u00e0 morte (cf. Jo 21, 18-19), um \u201csegue-Me\u201d que pode significar uma sequela Christi at\u00e9 ao dom total de si no mart\u00edrio\u201d. N\u00e3o se trata, evidentemente, de realizar apenas aquela atualiza\u00e7\u00e3o adequada que se requer para um conhecimento real da situa\u00e7\u00e3o da Igreja e do mundo, que permita ao Pastor estar inserido no seu tempo com mente aberta e cora\u00e7\u00e3o compassivo. A esta boa raz\u00e3o para uma forma\u00e7\u00e3o permanente atualizada, juntam-se motiva\u00e7\u00f5es antropol\u00f3gicas resultantes do fato de que a pr\u00f3pria vida \u00e9 um caminhar incessante para a maturidade; e motiva\u00e7\u00f5es teol\u00f3gicas, que t\u00eam profundamente a ver com a raiz sacramental: com efeito, o Bispo deve \u201cguardar com amor vigilante o \u201cmist\u00e9rio\u201d que traz em si para o bem da Igreja e da humanidade\u201d.<\/p>\n<p style=\"text-align: justify\">Para uma atualiza\u00e7\u00e3o peri\u00f3dica, especialmente sobre alguns temas de grande import\u00e2ncia, requerem-se tempos espec\u00edficos e prolongados de escuta, comunh\u00e3o e di\u00e1logo com peritos \u2013 Bispos, sacerdotes, religiosos e religiosas, leigos \u2013 num interc\u00e2mbio de experi\u00eancias pastorais, conhecimentos doutrinais, recursos espirituais que n\u00e3o deixar\u00e3o de assegurar um verdadeiro enriquecimento pessoal\u201d.<\/p>\n<p style=\"text-align: justify\">Tal possibilidade da forma\u00e7\u00e3o permanente vem ainda corroborado pelo Diret\u00f3rio para o Minist\u00e9rio Pastoral dos Bispos, que nos foi dado pela Congrega\u00e7\u00e3o para os Bispos em 22 de fevereiro de 2004, na festa da C\u00e1tedra de S\u00e3o Pedro. Nele, a partir do n\u00famero 49, assinalam-se como subt\u00edtulos: O dever da forma\u00e7\u00e3o permanente; forma\u00e7\u00e3o humana, forma\u00e7\u00e3o espiritual, a forma\u00e7\u00e3o intelectual e doutrinal, a forma\u00e7\u00e3o pastoral, findando no n\u00famero 54 com o indicativo: Os meios da forma\u00e7\u00e3o permanente.<\/p>\n<p style=\"text-align: justify\">Neste ano refletiremos sobre os Cinquenta anos do Conc\u00edlio Ecum\u00eanico Vaticano II, em uma primeira abordagem. Quem coordena o nosso curso \u00e9 o Bispo Auxiliar Em\u00e9rito de nossa Arquidiocese, D. Karl Joseph Romer. Iremos ouvir especialistas que levantar\u00e3o aspectos essenciais do Conc\u00edlio, a sua doutrina, as transforma\u00e7\u00f5es e a rea\u00e7\u00e3o da Igreja. Iremos, nestes dias de estudo, de ora\u00e7\u00e3o, de retiro e de descanso, reviver o Conc\u00edlio que est\u00e1 muito presente na vida da Igreja, porque se trata da reflex\u00e3o da Igreja sobre si mesma e sobre a atua\u00e7\u00e3o no mundo. A Igreja \u00e9 a luz dos povos e ela deve ser o reflexo de Jesus Cristo! E \u00e9 precisamente esta luz que estaremos buscando enxergar nestes dias.<\/p>\n<p style=\"text-align: justify\">Papa Paulo VI, na mensagem do Conc\u00edlio \u00e0 Humanidade disse que \u201ceste \u00e9 um momento \u00fanico, de um significado e riqueza incompar\u00e1veis. Neste encontro universal convergem simultaneamente o passado, o presente e o futuro. O passado, porque est\u00e1 aqui reunida a Igreja de Cristo, com a sua tradi\u00e7\u00e3o, hist\u00f3ria, conc\u00edlios, doutores e santos. O presente, porque sa\u00edmos de n\u00f3s pr\u00f3prios para nos dirigirmos ao mundo atual, com suas mis\u00e9rias, dores, pecados, mas tamb\u00e9m com seus empreendimentos prodigiosos, valores e virtudes. Por fim, o futuro, que se encontra representado no apelo dos povos a uma maior justi\u00e7a, no seu desejo de paz e de uma vida que a Igreja de Cristo lhes pode e deseja dar&#8221;.<\/p>\n<p style=\"text-align: justify\">Pe\u00e7o a todos os meus leitores que rezem pelo \u00eaxito deste curso que muitos benef\u00edcios t\u00eam produzido em favor dos bispos brasileiros.<\/p>\n","protected":false},"excerpt":{"rendered":"<p>Dom Orani Jo\u00e3o TempestaArcebispo do Rio de Janeiro (RJ) Realizamos neste ano na nossa Arquidiocese o XX Curso para Bispos, de 31 de janeiro a 04 de fevereiro. Essa louv\u00e1vel iniciativa do meu venerando antecessor, Cardeal Eug\u00eanio de Ara\u00fajo Sales, continuada pelo nosso predecessor, D. Eus\u00e9bio Oscar Scheid, parece ter ressoado para toda a Igreja, &hellip;<\/p>\n<p class=\"read-more\"> <a class=\"\" href=\"https:\/\/www.cnbb.org.br\/o-curso-para-bispos\/\"> <span class=\"screen-reader-text\">O curso para Bispos<\/span> Leia mais &raquo;<\/a><\/p>\n","protected":false},"author":83,"featured_media":0,"comment_status":"open","ping_status":"open","sticky":false,"template":"","format":"standard","meta":{"site-sidebar-layout":"default","site-content-layout":"default","ast-global-header-display":"","ast-banner-title-visibility":"","ast-main-header-display":"","ast-hfb-above-header-display":"","ast-hfb-below-header-display":"","ast-hfb-mobile-header-display":"","site-post-title":"","ast-breadcrumbs-content":"","ast-featured-img":"","footer-sml-layout":"","theme-transparent-header-meta":"","adv-header-id-meta":"","stick-header-meta":"","header-above-stick-meta":"","header-main-stick-meta":"","header-below-stick-meta":""},"categories":[758],"tags":[],"acf":[],"_links":{"self":[{"href":"https:\/\/www.cnbb.org.br\/cnbb-app\/wp\/v2\/posts\/12781"}],"collection":[{"href":"https:\/\/www.cnbb.org.br\/cnbb-app\/wp\/v2\/posts"}],"about":[{"href":"https:\/\/www.cnbb.org.br\/cnbb-app\/wp\/v2\/types\/post"}],"author":[{"embeddable":true,"href":"https:\/\/www.cnbb.org.br\/cnbb-app\/wp\/v2\/users\/83"}],"replies":[{"embeddable":true,"href":"https:\/\/www.cnbb.org.br\/cnbb-app\/wp\/v2\/comments?post=12781"}],"version-history":[{"count":0,"href":"https:\/\/www.cnbb.org.br\/cnbb-app\/wp\/v2\/posts\/12781\/revisions"}],"wp:attachment":[{"href":"https:\/\/www.cnbb.org.br\/cnbb-app\/wp\/v2\/media?parent=12781"}],"wp:term":[{"taxonomy":"category","embeddable":true,"href":"https:\/\/www.cnbb.org.br\/cnbb-app\/wp\/v2\/categories?post=12781"},{"taxonomy":"post_tag","embeddable":true,"href":"https:\/\/www.cnbb.org.br\/cnbb-app\/wp\/v2\/tags?post=12781"}],"curies":[{"name":"wp","href":"https:\/\/api.w.org\/{rel}","templated":true}]}}