{"id":12813,"date":"2011-02-10T00:00:00","date_gmt":"2011-02-10T02:00:00","guid":{"rendered":"https:\/\/www.cnbb.org.br\/ccm-promove-1o-modulo-do-curso-de-extensao-em-missiologia-e-animacao-pastoral\/"},"modified":"2011-02-10T00:00:00","modified_gmt":"2011-02-10T02:00:00","slug":"ccm-promove-1o-modulo-do-curso-de-extensao-em-missiologia-e-animacao-pastoral","status":"publish","type":"post","link":"https:\/\/www.cnbb.org.br\/ccm-promove-1o-modulo-do-curso-de-extensao-em-missiologia-e-animacao-pastoral\/","title":{"rendered":"CCM promove 1\u00ba m\u00f3dulo do curso de extens\u00e3o em Missiologia e Anima\u00e7\u00e3o Pastoral"},"content":{"rendered":"<p style=\"text-align: justify\">O Centro Cultural Mission\u00e1rio (CCM), em parceria com o Instituto Superior de Filosofia Berthier (Ifibe), de Passo Fundo (RS) promove o primeiro m\u00f3dulo do curso de extens\u00e3o em Missiologia e Anima\u00e7\u00e3o Pastoral, em Bras\u00edlia. O evento que iniciou no domingo, 6, segue at\u00e9 o dia 16 e conta com 51 participantes, vindos de v\u00e1rios cantos do Brasil.<\/p>\n<p>  <!--more-->  <\/p>\n<p style=\"text-align: justify\">Segundo os organizadores, a finalidade do curso \u00e9 oferecer uma forma\u00e7\u00e3o especifica da miss\u00e3o para leigos, religiosos, di\u00e1conos e presb\u00edteros engajados na anima\u00e7\u00e3o mission\u00e1ria, particularmente os coordenadores e membros dos Conselhos Mission\u00e1rios Diocesanos.<\/p>\n<p style=\"text-align: justify\">O curso completo engloba tr\u00eas m\u00f3dulos, com dez dias cada um, ao longo de tr\u00eas anos de forma\u00e7\u00e3o. O tema da miss\u00e3o \u00e9 tratado sob tr\u00eas perspectivas: fundamental, contextual e pr\u00e1tica. Cada uma dessas perspectivas tem tr\u00eas abordagens: b\u00edblica, hist\u00f3rica e teol\u00f3gica para a \u00f3tica fundamental; antropol\u00f3gica, ecum\u00eanica e \u00e9tica para a \u00f3tica contextual; pedag\u00f3gico-catequ\u00e9tica, administrativo-gerencial e metodol\u00f3gica-projectual para a \u00f3tica pr\u00e1tica. No primeiro m\u00f3dulo s\u00e3o contempladas as tr\u00eas perspectivas nos temas dos fundamentos b\u00edblicos da miss\u00e3o, a miss\u00e3o nas diferentes culturas e a pedagogia do an\u00fancio mission\u00e1rio.<\/p>\n<p style=\"text-align: justify\">\u201cO primeiro aspecto do curso \u00e9 voltado \u00e0 miss\u00e3o que se torna, cada vez mais, um eixo de anima\u00e7\u00e3o de toda a Pastoral. O outro aspecto \u00e9 a pr\u00f3pria miss\u00e3o que incentiva os leigos, leigas, religiosos, seminaristas, di\u00e1conos e presb\u00edteros a se especializarem no conte\u00fado da miss\u00e3o. Hoje vejo que a procura por nossos cursos \u00e9 muito superior a anos atr\u00e1s, por conta do crescimento da pr\u00f3pria miss\u00e3o nas dioceses\u201d, explicou o secret\u00e1rio executivo do Centro Cultural Mission\u00e1rio, padre Estev\u00e3o Raschietti.<\/p>\n<p style=\"text-align: justify\"><img decoding=\"async\" loading=\"lazy\" class=\" alignright size-full wp-image-8368\" style=\"float: right\" alt=\"williamandrade_cursoccm\" src=\"https:\/\/www.cnbb.org.br\/wp-content\/uploads\/2020\/03\/williamandrade_cursoccm.jpg\" title=\"Professor de Antropologia e Ci\u00eancia da Religi\u00e3o, William Andrade\" width=\"200\" height=\"216\" \/>Para o professor de Antropologia e Ci\u00eancia da Religi\u00e3o, William Andrade, este curso pretende ampliar os conceitos de miss\u00e3o efetiva nas dioceses. \u201cEstamos trabalhando os conceitos que viabilize uma presen\u00e7a mission\u00e1ria mais efetiva nas par\u00f3quias e diocese do Brasil. Porque este curso chamou tanto a aten\u00e7\u00e3o? Por que ele oferece a possibilidade de enriquecer o discurso e a pr\u00e1tica mission\u00e1ria com outros elementos que habitualmente eventos de missiologia n\u00e3o oferecem. Aqui eles aprendem que podem ser disc\u00edpulos mission\u00e1rios onde estiverem. Atualmente, ser mission\u00e1rio em sua localidade \u00e9 um sinal de que a Igreja est\u00e1 crescendo cada dia mais, o que \u00e9 muito bom\u201d, afirmou o professor, que tamb\u00e9m \u00e9 mestre em Teologia Dogm\u00e1tica e em Psicologia.<\/p>\n<p style=\"text-align: justify\"><img decoding=\"async\" loading=\"lazy\" class=\" alignleft size-full wp-image-8369\" style=\"float: left\" alt=\"francivaldo_cursoccm\" src=\"https:\/\/www.cnbb.org.br\/wp-content\/uploads\/2020\/03\/francivaldo_cursoccm.jpg\" title=\"Francivaldo Ferreira, seminarista\" width=\"200\" height=\"218\" \/>\u201cQuero ser mission\u00e1rio em minha diocese. Quero sentir a presen\u00e7a mission\u00e1ria, as minhas a\u00e7\u00f5es como mission\u00e1rio, para da\u00ed sim, exercer minha fun\u00e7\u00e3o em outros estados ou mesmo em outros pa\u00edses\u201d, ressaltou o seminarista Francivaldo Ferreira Gomes, da diocese de Tingu\u00e1 (CE). Segundo o seminarista, a miss\u00e3o \u00e9 o encontro do di\u00e1logo com a f\u00e9 e n\u00e3o uma imposi\u00e7\u00e3o de ideologias e de cren\u00e7as. \u201cTemos que valorizar as culturas e nunca subjug\u00e1-las. Voc\u00ea n\u00e3o deve destruir, e sim somar, esse \u00e9 o nosso prop\u00f3sito como futuros mission\u00e1rios, e \u00e9 isso que o curso nos ensina\u201d.<\/p>\n<p style=\"text-align: justify\">Segundo a leiga consagrada, Aline Bonato, uma das participantes do primeiro m\u00f3dulo, o curso superou todas as suas expectativas devido \u00e0 abrang\u00eancia de assuntos estudados e pela capacidade dos assessores. \u201cVejo que n\u00e3o h\u00e1 curso sobre miss\u00e3o que chegue perto deste. Os professores s\u00e3o excelentes e as abrang\u00eancias dos temas refletidos s\u00e3o muito importantes para a implanta\u00e7\u00e3o da miss\u00e3o em nossas dioceses e par\u00f3quias\u201d, disse.<\/p>\n<p style=\"text-align: justify\"><img decoding=\"async\" loading=\"lazy\" class=\" alignright size-full wp-image-8370\" style=\"float: right\" alt=\"peraschietti_cursoccm\" src=\"https:\/\/www.cnbb.org.br\/wp-content\/uploads\/2020\/03\/peraschietti_cursoccm.jpg\" title=\"Padre Raschietti, secret\u00e1rio executivo do CCM\" width=\"200\" height=\"218\" \/>Segundo o secret\u00e1rio executivo do CCM, padre Raschietti, a procura pelo curso foi maior do que a expectativa. \u201cTivemos que abrir outro m\u00f3dulo, ainda neste ano, para comportar o n\u00famero de inscritos, ent\u00e3o marcamos para os dias 11 a 21 de maio a segunda edi\u00e7\u00e3o do primeiro m\u00f3dulo\u201d, destacou padre Estev\u00e3o.<\/p>\n<div style=\"text-align: justify\"><\/div>\n<p style=\"text-align: justify\">Para se inscrever na segunda edi\u00e7\u00e3o do primeiro m\u00f3dulo do curso de extens\u00e3o em Missiologia e Anima\u00e7\u00e3o Pastoral, basta acessar o site do Centro Cultural Mission\u00e1rio, no endere\u00e7o: www.ccm.org.br ou <a href=\"http:\/\/www.ccm.org.br\/cursos\/view\/id\/15\" target=\"_blank\" rel=\"noopener\">clique aqui e fa\u00e7a a sua inscri\u00e7\u00e3o<\/a>.<\/p>\n","protected":false},"excerpt":{"rendered":"<p>O Centro Cultural Mission\u00e1rio (CCM), em parceria com o Instituto Superior de Filosofia Berthier (Ifibe), de Passo Fundo (RS) promove o primeiro m\u00f3dulo do curso de extens\u00e3o em Missiologia e Anima\u00e7\u00e3o Pastoral, em Bras\u00edlia. O evento que iniciou no domingo, 6, segue at\u00e9 o dia 16 e conta com 51 participantes, vindos de v\u00e1rios cantos &hellip;<\/p>\n<p class=\"read-more\"> <a class=\"\" href=\"https:\/\/www.cnbb.org.br\/ccm-promove-1o-modulo-do-curso-de-extensao-em-missiologia-e-animacao-pastoral\/\"> <span class=\"screen-reader-text\">CCM promove 1\u00ba m\u00f3dulo do curso de extens\u00e3o em Missiologia e Anima\u00e7\u00e3o Pastoral<\/span> Leia mais &raquo;<\/a><\/p>\n","protected":false},"author":83,"featured_media":12814,"comment_status":"open","ping_status":"open","sticky":false,"template":"","format":"standard","meta":{"site-sidebar-layout":"default","site-content-layout":"default","ast-global-header-display":"","ast-banner-title-visibility":"","ast-main-header-display":"","ast-hfb-above-header-display":"","ast-hfb-below-header-display":"","ast-hfb-mobile-header-display":"","site-post-title":"","ast-breadcrumbs-content":"","ast-featured-img":"","footer-sml-layout":"","theme-transparent-header-meta":"","adv-header-id-meta":"","stick-header-meta":"","header-above-stick-meta":"","header-main-stick-meta":"","header-below-stick-meta":""},"categories":[758],"tags":[],"acf":[],"_links":{"self":[{"href":"https:\/\/www.cnbb.org.br\/cnbb-app\/wp\/v2\/posts\/12813"}],"collection":[{"href":"https:\/\/www.cnbb.org.br\/cnbb-app\/wp\/v2\/posts"}],"about":[{"href":"https:\/\/www.cnbb.org.br\/cnbb-app\/wp\/v2\/types\/post"}],"author":[{"embeddable":true,"href":"https:\/\/www.cnbb.org.br\/cnbb-app\/wp\/v2\/users\/83"}],"replies":[{"embeddable":true,"href":"https:\/\/www.cnbb.org.br\/cnbb-app\/wp\/v2\/comments?post=12813"}],"version-history":[{"count":0,"href":"https:\/\/www.cnbb.org.br\/cnbb-app\/wp\/v2\/posts\/12813\/revisions"}],"wp:featuredmedia":[{"embeddable":true,"href":"https:\/\/www.cnbb.org.br\/cnbb-app\/wp\/v2\/media\/12814"}],"wp:attachment":[{"href":"https:\/\/www.cnbb.org.br\/cnbb-app\/wp\/v2\/media?parent=12813"}],"wp:term":[{"taxonomy":"category","embeddable":true,"href":"https:\/\/www.cnbb.org.br\/cnbb-app\/wp\/v2\/categories?post=12813"},{"taxonomy":"post_tag","embeddable":true,"href":"https:\/\/www.cnbb.org.br\/cnbb-app\/wp\/v2\/tags?post=12813"}],"curies":[{"name":"wp","href":"https:\/\/api.w.org\/{rel}","templated":true}]}}