{"id":12817,"date":"2011-02-10T00:00:00","date_gmt":"2011-02-10T02:00:00","guid":{"rendered":"https:\/\/www.cnbb.org.br\/escolha-o-bem\/"},"modified":"2011-02-10T00:00:00","modified_gmt":"2011-02-10T02:00:00","slug":"escolha-o-bem","status":"publish","type":"post","link":"https:\/\/www.cnbb.org.br\/escolha-o-bem\/","title":{"rendered":"Escolha o bem"},"content":{"rendered":"<h4 style=\"text-align: right\">Dom Paulo Mendes Peixoto<\/h4>\n<h4 style=\"text-align: right\">Bispo de S\u00e3o Jos\u00e9 do Rio Preto<\/h4>\n<p style=\"text-align: justify\">A escolha que fazemos significa que h\u00e1 outras possibilidades para uma decis\u00e3o de vida, levando em conta a dimens\u00e3o da pr\u00e1tica comunit\u00e1ria. \u00c9 por isto que falamos de \u201cbem comum\u201d, porque o bem realizado atinge a todos aqueles que nos rodeiam.<\/p>\n<p>  <!--more-->  <\/p>\n<p style=\"text-align: justify\">O bem verdadeiro \u00e9 Deus e seu projeto, revelados na Sagrada Escritura. Palavra que nos desafia a praticar a justi\u00e7a com radicalidade, para que da\u00ed surja o bem coletivo, contribuindo para com o valor e a dignidade da vida em todas as suas reais dimens\u00f5es.<\/p>\n<p style=\"text-align: justify\">Escolhemos o bem quando socorremos os necessitados, partilhamos o p\u00e3o com os pobres, promovemos o fraterno relacionamento entre as pessoas e praticamos o gesto misericordioso do perd\u00e3o. Quem faz tudo isto n\u00e3o fica sendo o \u00fanico egoisticamente benefici\u00e1rio do bem.<\/p>\n<p style=\"text-align: justify\">Vivemos numa grande encruzilhada, podendo escolher o bem ou o mal, a vida ou a morte, a felicidade ou a desgra\u00e7a. A escolha \u00e9 de livre arb\u00edtrio, mas Deus aponta para um caminho: \u201cEscolhe, pois, a vida&#8230;\u201d (Dt 30, 19). Nisto est\u00e1 a sabedoria divina da f\u00e9.<\/p>\n<p style=\"text-align: justify\">Toda natureza criada deve ser interpretada e cuidada na perspectiva da promo\u00e7\u00e3o da vida e do bem comum das pessoas. \u00c9 a inten\u00e7\u00e3o das bem-aventuran\u00e7as proclamadas por Jesus Cristo em seu evangelho. Ele as dirige aos pobres, aos perseguidos, aos oprimidos etc.<\/p>\n<p style=\"text-align: justify\">Colocar em pr\u00e1tica as bem-aventuran\u00e7as \u00e9 estar indo na contram\u00e3o da nova cultura. Num cen\u00e1rio de milhares de assassinatos, de forma inescrupulosa, que presenciamos a todo instante, como vivenciar o \u201cn\u00e3o matar\u201d contido nos mandamentos de Deus!?<\/p>\n<p style=\"text-align: justify\">Na dimens\u00e3o da realidade moral, sem ser moralista, o adult\u00e9rio e o div\u00f3rcio, numa realidade pansexualista dos \u00faltimos tempos, s\u00e3o um desafio que envolve a integridade e a destrui\u00e7\u00e3o da vida familiar, trazendo conseq\u00fc\u00eancias at\u00e9 irrepar\u00e1veis dentro da comunidade.<\/p>\n<p style=\"text-align: justify\">O importante n\u00e3o \u00e9 observar leis, mas saber que elas s\u00e3o dirigidas \u00e0 vida de cada pessoa, tendo em vista o bem comum. As atitudes devem ser do cora\u00e7\u00e3o, pondo na pr\u00f3pria vida moral a justi\u00e7a, a miseric\u00f3rdia o amor e a f\u00e9.<\/p>\n","protected":false},"excerpt":{"rendered":"<p>Dom Paulo Mendes Peixoto Bispo de S\u00e3o Jos\u00e9 do Rio Preto A escolha que fazemos significa que h\u00e1 outras possibilidades para uma decis\u00e3o de vida, levando em conta a dimens\u00e3o da pr\u00e1tica comunit\u00e1ria. \u00c9 por isto que falamos de \u201cbem comum\u201d, porque o bem realizado atinge a todos aqueles que nos rodeiam.<\/p>\n","protected":false},"author":83,"featured_media":0,"comment_status":"open","ping_status":"open","sticky":false,"template":"","format":"standard","meta":{"site-sidebar-layout":"default","site-content-layout":"default","ast-global-header-display":"","ast-banner-title-visibility":"","ast-main-header-display":"","ast-hfb-above-header-display":"","ast-hfb-below-header-display":"","ast-hfb-mobile-header-display":"","site-post-title":"","ast-breadcrumbs-content":"","ast-featured-img":"","footer-sml-layout":"","theme-transparent-header-meta":"","adv-header-id-meta":"","stick-header-meta":"","header-above-stick-meta":"","header-main-stick-meta":"","header-below-stick-meta":""},"categories":[758],"tags":[],"acf":[],"_links":{"self":[{"href":"https:\/\/www.cnbb.org.br\/cnbb-app\/wp\/v2\/posts\/12817"}],"collection":[{"href":"https:\/\/www.cnbb.org.br\/cnbb-app\/wp\/v2\/posts"}],"about":[{"href":"https:\/\/www.cnbb.org.br\/cnbb-app\/wp\/v2\/types\/post"}],"author":[{"embeddable":true,"href":"https:\/\/www.cnbb.org.br\/cnbb-app\/wp\/v2\/users\/83"}],"replies":[{"embeddable":true,"href":"https:\/\/www.cnbb.org.br\/cnbb-app\/wp\/v2\/comments?post=12817"}],"version-history":[{"count":0,"href":"https:\/\/www.cnbb.org.br\/cnbb-app\/wp\/v2\/posts\/12817\/revisions"}],"wp:attachment":[{"href":"https:\/\/www.cnbb.org.br\/cnbb-app\/wp\/v2\/media?parent=12817"}],"wp:term":[{"taxonomy":"category","embeddable":true,"href":"https:\/\/www.cnbb.org.br\/cnbb-app\/wp\/v2\/categories?post=12817"},{"taxonomy":"post_tag","embeddable":true,"href":"https:\/\/www.cnbb.org.br\/cnbb-app\/wp\/v2\/tags?post=12817"}],"curies":[{"name":"wp","href":"https:\/\/api.w.org\/{rel}","templated":true}]}}