{"id":12852,"date":"2011-02-24T00:00:00","date_gmt":"2011-02-24T03:00:00","guid":{"rendered":"https:\/\/www.cnbb.org.br\/o-cuidado\/"},"modified":"2011-02-24T00:00:00","modified_gmt":"2011-02-24T03:00:00","slug":"o-cuidado","status":"publish","type":"post","link":"https:\/\/www.cnbb.org.br\/o-cuidado\/","title":{"rendered":"O cuidado"},"content":{"rendered":"<h4 style=\"text-align: right\">Dom Jos\u00e9 Alberto Moura<\/h4>\n<h4 style=\"text-align: right\">Arcebispo Metropolitano de Montes Claros<\/h4>\n<p style=\"text-align: justify\">Nossa preocupa\u00e7\u00e3o com a sobreviv\u00eancia \u00e9 natural. \u00c0s vezes, para alguns, exagerada. V\u00e3o acumulando, acumulando. H\u00e1 exagero, injusti\u00e7a, falta de solidariedade, verdadeiro ego\u00edsmo! H\u00e1 tamb\u00e9m grande parcela que passa grandes e permanentes necessidades. Faltam trabalho, moradia e at\u00e9 o m\u00ednimo para uma vida digna. A B\u00edblia nos coloca o desafio da confian\u00e7a na Provid\u00eancia Divina, querendo nos ensinar, mais do que tudo, o bom uso da intelig\u00eancia e da solidariedade para provermos o necess\u00e1rio para cada um. O planeta tem recursos, oferecidos pelo Criador. Mas devemos saber us\u00e1-los de modo adequado. Poder\u00edamos evitar cat\u00e1strofes, fome, insalubridade, mis\u00e9ria e muito tipo de enfermidades. Seria poss\u00edvel e dever\u00edamos oferecer oportunidade de educa\u00e7\u00e3o, sa\u00fade e vida realmente humana para todos, mesmo sem limitarmos artificialmente a natalidade. O uso racional da natureza seria fonte e meio de sobreviv\u00eancia adequada para a humanidade.<\/p>\n<p>  <!--more-->  <\/p>\n<p style=\"text-align: justify\">Deus \u00e9 cuidadoso para com as obras criadas: \u201cOlhai os p\u00e1ssaros dos c\u00e9us: eles n\u00e3o semeiam, n\u00e3o colhem nem ajuntam em armaz\u00e9ns. No entanto, vosso Pai que est\u00e1 nos c\u00e9us os alimenta&#8230;\u201d (Mateus 6,26). Mas confere a n\u00f3s humanos, parte do cuidado com nossos pares e a terra. At\u00e9 hoje n\u00e3o aprendemos a cuidar. At\u00e9 pensamos: \u201cO Senhor abandonou-me&#8230; Acaso pode a mulher esquecer-se do filho pequeno&#8230;? Se ela se esquecer, eu, por\u00e9m, n\u00e3o me esquecerei de ti\u201d (Isa\u00edas 49,14.15). \u00c0 vezes nos esquecemos de fazer nossa parte nesse cuidado. A solidariedade \u00e9 indispens\u00e1vel para caminharmos e solucionarmos os desafios da vida digna para todos. H\u00e1 quem usa muito do tesouro do cofre p\u00fablico para benesses pessoais, n\u00e3o tendo a altivez moral de usar com justi\u00e7a o que \u00e9 bem de todos. Os cargos de servi\u00e7o ao bem p\u00fablico n\u00e3o podem ser usados para o desenfreio ou a voracidade de se querer tudo para si em detrimento da confian\u00e7a\u00a0 depositada pelo povo em sua posi\u00e7\u00e3o de servidor do mesmo! U\u2019a manifesta\u00e7\u00e3o de cuidado deve haver por parte de todos em se unir para a promo\u00e7\u00e3o de pol\u00edticos e de pol\u00edticas p\u00fablicas que realmente sirvam as pessoas, a partir da mais deixadas de lado. A legisla\u00e7\u00e3o para a causa pr\u00f3pria no aumento dos pr\u00f3prios sal\u00e1rios \u00e9 imoralidade p\u00fablica.<\/p>\n<p style=\"text-align: justify\">Com a busca de valores maiores usufru\u00eddos do amor de Deus, todos nos tornamos mais solid\u00e1rios e solucionaremos melhor os problemas com a vida digna para cada um: \u201cBuscai em primeiro lugar o reino de Deus e sua justi\u00e7a, e todas essas coisas vos ser\u00e3o dadas por acr\u00e9scimo\u201d (Mateus 6, 33). De fato, quando a pessoa tem a forma\u00e7\u00e3o do car\u00e1ter bem sedimentado com valores \u00e9ticos e crist\u00e3os, ela se torna criatura de forma\u00e7\u00e3o para a conviv\u00eancia na justi\u00e7a e solidariedade. Caso contr\u00e1rio, poderemos ter pessoas at\u00e9 de qualifica\u00e7\u00e3o p\u00f3s universit\u00e1ria com deforma\u00e7\u00e3o de car\u00e1ter, usando seus conhecimentos para s\u00f3 pensar em si e desrespeitar o semelhante e o que lhe pertence. O trabalho pelo comum \u00e9 realizado por quem tem ideal de vida baseado no aut\u00eantico amor fru\u00eddo de Deus. Ele \u00e9 feito para ajudar o cuidado com o bem do semelhante.<\/p>\n","protected":false},"excerpt":{"rendered":"<p>Dom Jos\u00e9 Alberto Moura Arcebispo Metropolitano de Montes Claros Nossa preocupa\u00e7\u00e3o com a sobreviv\u00eancia \u00e9 natural. \u00c0s vezes, para alguns, exagerada. V\u00e3o acumulando, acumulando. H\u00e1 exagero, injusti\u00e7a, falta de solidariedade, verdadeiro ego\u00edsmo! H\u00e1 tamb\u00e9m grande parcela que passa grandes e permanentes necessidades. Faltam trabalho, moradia e at\u00e9 o m\u00ednimo para uma vida digna. A B\u00edblia &hellip;<\/p>\n<p class=\"read-more\"> <a class=\"\" href=\"https:\/\/www.cnbb.org.br\/o-cuidado\/\"> <span class=\"screen-reader-text\">O cuidado<\/span> Leia mais &raquo;<\/a><\/p>\n","protected":false},"author":83,"featured_media":0,"comment_status":"open","ping_status":"open","sticky":false,"template":"","format":"standard","meta":{"site-sidebar-layout":"default","site-content-layout":"default","ast-global-header-display":"","ast-banner-title-visibility":"","ast-main-header-display":"","ast-hfb-above-header-display":"","ast-hfb-below-header-display":"","ast-hfb-mobile-header-display":"","site-post-title":"","ast-breadcrumbs-content":"","ast-featured-img":"","footer-sml-layout":"","theme-transparent-header-meta":"","adv-header-id-meta":"","stick-header-meta":"","header-above-stick-meta":"","header-main-stick-meta":"","header-below-stick-meta":""},"categories":[758],"tags":[],"acf":[],"_links":{"self":[{"href":"https:\/\/www.cnbb.org.br\/cnbb-app\/wp\/v2\/posts\/12852"}],"collection":[{"href":"https:\/\/www.cnbb.org.br\/cnbb-app\/wp\/v2\/posts"}],"about":[{"href":"https:\/\/www.cnbb.org.br\/cnbb-app\/wp\/v2\/types\/post"}],"author":[{"embeddable":true,"href":"https:\/\/www.cnbb.org.br\/cnbb-app\/wp\/v2\/users\/83"}],"replies":[{"embeddable":true,"href":"https:\/\/www.cnbb.org.br\/cnbb-app\/wp\/v2\/comments?post=12852"}],"version-history":[{"count":0,"href":"https:\/\/www.cnbb.org.br\/cnbb-app\/wp\/v2\/posts\/12852\/revisions"}],"wp:attachment":[{"href":"https:\/\/www.cnbb.org.br\/cnbb-app\/wp\/v2\/media?parent=12852"}],"wp:term":[{"taxonomy":"category","embeddable":true,"href":"https:\/\/www.cnbb.org.br\/cnbb-app\/wp\/v2\/categories?post=12852"},{"taxonomy":"post_tag","embeddable":true,"href":"https:\/\/www.cnbb.org.br\/cnbb-app\/wp\/v2\/tags?post=12852"}],"curies":[{"name":"wp","href":"https:\/\/api.w.org\/{rel}","templated":true}]}}