{"id":12856,"date":"2011-02-25T00:00:00","date_gmt":"2011-02-25T03:00:00","guid":{"rendered":"https:\/\/www.cnbb.org.br\/falar-da-familia-emociona\/"},"modified":"2011-02-25T00:00:00","modified_gmt":"2011-02-25T03:00:00","slug":"falar-da-familia-emociona","status":"publish","type":"post","link":"https:\/\/www.cnbb.org.br\/falar-da-familia-emociona\/","title":{"rendered":"Falar da fam\u00edlia emociona"},"content":{"rendered":"<h4 style=\"text-align: right\">Dom Anuar Battisti<\/h4>\n<h4 style=\"text-align: right\">Arcebispo de Maring\u00e1<\/h4>\n<p style=\"text-align: justify\">Na \u00faltima sexta-feira, tive a oportunidade de participar de uma confraterniza\u00e7\u00e3o em homenagem ao desembargador Miguel Kfouri Neto, Presidente do Tribunal de Justi\u00e7a do Paran\u00e1 (TJ-PR). Ambiente de festa e de congra\u00e7amento de amigos, fam\u00edlia e companheiros de caminhada no trabalho da Justi\u00e7a no Paran\u00e1.<\/p>\n<p><!--more--><\/p>\n<p style=\"text-align: justify\">Entre tantos, cada qual com seus m\u00e9ritos, o objetivo principal era homenagear algu\u00e9m que galgou as alturas pisando o ch\u00e3o das terras maringaenses e hoje ocupa um cargo de alt\u00edssima import\u00e2ncia na vida do nosso povo, promovendo a justi\u00e7a, a defesa dos direitos e a dignidade de todas as pessoas.<\/p>\n<p style=\"text-align: justify\">Entre os v\u00e1rios pronunciamentos, todos bem colocados, chamou-me aten\u00e7\u00e3o a fala do doutor Kfouri. Ao ser chamado para a tribuna levou consigo um discurso pronto, certamente bem elaborado para aquela circunst\u00e2ncia solene.<\/p>\n<p style=\"text-align: justify\">Inicia de forma espont\u00e2nea e livre, saudando todos aqueles que, al\u00e9m do protocolo, foram seus amigos e companheiros nos estudos e na profiss\u00e3o, destacando qualidades e virtudes que distinguem pessoas comprometidas com a vida.<\/p>\n<p style=\"text-align: justify\">N\u00e3o se importando com os pap\u00e9is abriu o cora\u00e7\u00e3o relatando as v\u00e1rias etapas da vida de estudante e profissional, emocionando-se v\u00e1rias vezes ao falar dos amigos e, principalmente, ao falar da fam\u00edlia.<\/p>\n<p style=\"text-align: justify\">N\u00e3o \u00e9 f\u00e1cil encontrar pessoas que falem do cora\u00e7\u00e3o, com o cora\u00e7\u00e3o e para os cora\u00e7\u00f5es. Pessoas assim, mais que profissionais, s\u00e3o pessoas que vivem intensamente cada momento e deixam marcas no caminho da vida.<\/p>\n<p style=\"text-align: justify\">As rela\u00e7\u00f5es n\u00e3o s\u00e3o de funcion\u00e1rios desempenhando tarefas, cumprindo rituais de trabalho, e sim rela\u00e7\u00f5es carregadas de amor, de um cora\u00e7\u00e3o que vibra e sente a presen\u00e7a do outro, como algu\u00e9m importante e indispens\u00e1vel para a realiza\u00e7\u00e3o pessoal.<\/p>\n<p style=\"text-align: justify\">Como nos faz falta gente que se emociona ao falar da fam\u00edlia, da pr\u00f3pria fam\u00edlia. Como seria diferente se antes das formalidades e burocracias coloc\u00e1ssemos as pessoas que amamos e as que ainda n\u00e3o amamos como os mais importantes da vida.<\/p>\n<p style=\"text-align: justify\">Na carta de despedida do grande poeta Gabriel Garcia Marques, ele diz: \u201cQue o homem s\u00f3 tem direito de olhar de cima para baixo quando est\u00e1 ajudando o outro a levantar-se. Aprendi que todo mundo quer viver no topo da montanha, sem saber que a verdadeira felicidade est\u00e1 na forma de subi-la.\u201d<\/p>\n<p style=\"text-align: justify\">Certamente estes exemplos n\u00f3s os encontramos de forma muito discreta e silenciosa. Tudo seria muito diferente se o cora\u00e7\u00e3o humano fosse mais humano, onde a raz\u00e3o deixasse o primeiro lugar ao cora\u00e7\u00e3o. As rela\u00e7\u00f5es entre n\u00f3s seriam de outro colorido se antes de tudo reinasse a igualdade, o respeito, a dignidade de cada ser humano.<\/p>\n<p style=\"text-align: justify\">Muitos lares est\u00e3o desfeitos porque algu\u00e9m quis estar sempre no topo da montanha, do amor pr\u00f3prio, do senhorio sobre as coisas e as pessoas. Muita gente amargada e depressiva porque se afogaram em desejos ut\u00f3picos, esquecendo-se de fazer hoje, porque o amanh\u00e3 pode nunca chegar.<\/p>\n<p style=\"text-align: justify\">Tudo seria muito diferente se ao falar dos amigos e da fam\u00edlia reg\u00e1ssemos as palavras com as l\u00e1grimas da emo\u00e7\u00e3o. Meus parab\u00e9ns ao desembargador Miguel Kfouri Neto.<\/p>\n","protected":false},"excerpt":{"rendered":"<p>Dom Anuar Battisti Arcebispo de Maring\u00e1 Na \u00faltima sexta-feira, tive a oportunidade de participar de uma confraterniza\u00e7\u00e3o em homenagem ao desembargador Miguel Kfouri Neto, Presidente do Tribunal de Justi\u00e7a do Paran\u00e1 (TJ-PR). Ambiente de festa e de congra\u00e7amento de amigos, fam\u00edlia e companheiros de caminhada no trabalho da Justi\u00e7a no Paran\u00e1.<\/p>\n","protected":false},"author":83,"featured_media":0,"comment_status":"open","ping_status":"open","sticky":false,"template":"","format":"standard","meta":{"site-sidebar-layout":"default","site-content-layout":"default","ast-global-header-display":"","ast-banner-title-visibility":"","ast-main-header-display":"","ast-hfb-above-header-display":"","ast-hfb-below-header-display":"","ast-hfb-mobile-header-display":"","site-post-title":"","ast-breadcrumbs-content":"","ast-featured-img":"","footer-sml-layout":"","theme-transparent-header-meta":"","adv-header-id-meta":"","stick-header-meta":"","header-above-stick-meta":"","header-main-stick-meta":"","header-below-stick-meta":""},"categories":[758],"tags":[],"acf":[],"_links":{"self":[{"href":"https:\/\/www.cnbb.org.br\/cnbb-app\/wp\/v2\/posts\/12856"}],"collection":[{"href":"https:\/\/www.cnbb.org.br\/cnbb-app\/wp\/v2\/posts"}],"about":[{"href":"https:\/\/www.cnbb.org.br\/cnbb-app\/wp\/v2\/types\/post"}],"author":[{"embeddable":true,"href":"https:\/\/www.cnbb.org.br\/cnbb-app\/wp\/v2\/users\/83"}],"replies":[{"embeddable":true,"href":"https:\/\/www.cnbb.org.br\/cnbb-app\/wp\/v2\/comments?post=12856"}],"version-history":[{"count":0,"href":"https:\/\/www.cnbb.org.br\/cnbb-app\/wp\/v2\/posts\/12856\/revisions"}],"wp:attachment":[{"href":"https:\/\/www.cnbb.org.br\/cnbb-app\/wp\/v2\/media?parent=12856"}],"wp:term":[{"taxonomy":"category","embeddable":true,"href":"https:\/\/www.cnbb.org.br\/cnbb-app\/wp\/v2\/categories?post=12856"},{"taxonomy":"post_tag","embeddable":true,"href":"https:\/\/www.cnbb.org.br\/cnbb-app\/wp\/v2\/tags?post=12856"}],"curies":[{"name":"wp","href":"https:\/\/api.w.org\/{rel}","templated":true}]}}