{"id":12858,"date":"2011-02-25T00:00:00","date_gmt":"2011-02-25T03:00:00","guid":{"rendered":"https:\/\/www.cnbb.org.br\/pe-jose-comblin-crepusculo-de-um-profeta\/"},"modified":"2011-02-25T00:00:00","modified_gmt":"2011-02-25T03:00:00","slug":"pe-jose-comblin-crepusculo-de-um-profeta","status":"publish","type":"post","link":"https:\/\/www.cnbb.org.br\/pe-jose-comblin-crepusculo-de-um-profeta\/","title":{"rendered":"Pe. Jos\u00e9 Comblin: crep\u00fasculo de um profeta?"},"content":{"rendered":"<h4 style=\"text-align: right\">Dom Redovino Rizzardo<\/h4>\n<h4 style=\"text-align: right\">Bispo de Dourados &#8211; MS<\/h4>\n<p style=\"text-align: justify\">Causou-me tristeza a entrevista concedida pelo Pe. Jos\u00e9 Comblin no Chile, onde esteve no in\u00edcio de 2011. Conhe\u00e7o-o e admiro-o desde os meus primeiros anos de minist\u00e9rio presbiteral, quando o via como um incans\u00e1vel batalhador por uma Igreja mais fiel ao projeto de Jesus e \u00e0s necessidades do povo.<\/p>\n<p>  <!--more-->  <\/p>\n<p style=\"text-align: justify\">Mas, ultimamente, percebo-o triste e ressentido, talvez contaminado pelo v\u00edrus que afeta a maior parte das pessoas que ultrapassam a casa dos 70 anos (ele chegou aos 87!) \u2013, etapa da vida caracterizada pela saudade dos \u201cbons tempos antigos\u201d e pelas queixas contra a superficialidade e a apatia da sociedade atual.<\/p>\n<p style=\"text-align: justify\">A entrevista faz eco a in\u00fameros outros artigos escritos por ele nestes \u00faltimos anos. Neles, s\u00e3o comuns e acerbas as cr\u00edticas contra o modelo de Igreja incentivado pelos Papas Jo\u00e3o Paulo II e Bento XVI, em aberto contraste com a Teologia da Liberta\u00e7\u00e3o: \u00abNa Am\u00e9rica Latina, a repress\u00e3o foi terr\u00edvel. A ditadura do Papa \u00e9 total. Pode-se criticar Deus, mas n\u00e3o o Papa\u00bb.<\/p>\n<p style=\"text-align: justify\">Outra sua reclama\u00e7\u00e3o \u00e9 dirigida aos Institutos, Movimentos Eclesiais e Comunidades de Vida nascidos nas \u00faltimas d\u00e9cadas. Ele os v\u00ea como os grandes culpados pela letargia em que jaz a Igreja, depois dos anos gloriosos das Comunidades Eclesiais de Base: \u00abO futuro da Am\u00e9rica Latina \u00e9 ser um continente evang\u00e9lico. O Opus Dei, os Legion\u00e1rios de Cristo e todas as demais associa\u00e7\u00f5es de ultradireita crescem a olhos vistos\u00bb.<\/p>\n<p style=\"text-align: justify\">Sua dor n\u00e3o nasce apenas do fato de lhe parecer que \u00aba Igreja Cat\u00f3lica abandonou as classes populares\u00bb, mas tamb\u00e9m de saber que \u00abos te\u00f3logos da liberta\u00e7\u00e3o t\u00eam hoje mais de 80 anos, e n\u00e3o apareceu ainda uma nova gera\u00e7\u00e3o disposta a dar-lhes continuidade\u00bb.<\/p>\n<p style=\"text-align: justify\">Para Comblin, a Igreja se teria transformado numa institui\u00e7\u00e3o como qualquer outra, sujeita a conchavos e politicagem: \u00abFoi o Opus Dei que elegeu Jo\u00e3o Paulo II e o Papa atual, praticando a chantagem e intimidando os cardeais\u00bb. Por isso, n\u00e3o \u00e9 de se admirar que \u00abDeus esteja presente em \u201cLa Victoria\u201d e em \u201cLa Legua\u201d (dois bairros populares de Santiago) e nos pres\u00eddios, mas de Roma ele se afastou h\u00e1 muito tempo\u00bb.<\/p>\n<p style=\"text-align: justify\">Nenhuma esperan\u00e7a, portanto? Para o te\u00f3logo belga, \u00abo futuro do cristianismo est\u00e1 na China, na Coreia, nas Filipinas e na Indon\u00e9sia. Sup\u00f5e-se que, na China, vivam 130 milh\u00f5es de crist\u00e3os em cont\u00ednuo estado de persegui\u00e7\u00e3o\u00bb. Sem d\u00favida, uma novidade, j\u00e1 que na d\u00e9cada 1970\/1980, no auge da Teologia da Liberta\u00e7\u00e3o e das Comunidades Eclesiais de Base, tinha-se por certo que o futuro da Igreja Cat\u00f3lica seria a Am\u00e9rica Latina&#8230;<\/p>\n<p style=\"text-align: justify\">O Pe. Comblin encerra a entrevista criticando a eventual canoniza\u00e7\u00e3o de Jo\u00e3o Paulo II, cujo papado, para ele, foi simplesmente \u00abcatastr\u00f3fico. Todos os eclesi\u00e1sticos que fizeram carreira com ele chegaram ao cardinalato, apesar de sua mediocridade pessoal. Nada mereciam, mas ele os promoveu. Evidentemente, agora querem canoniz\u00e1-lo! Mas, uma vez que canonizaram Jos\u00e9 Maria Escriv\u00e1, todo mundo sabe que se pode ser santo sem ter virtude alguma\u00bb.<\/p>\n<p style=\"text-align: justify\">Nascido em Bruxelas no dia 22 de mar\u00e7o de 1923 e formado pela Universidade de Lovaina, o Pe. Jos\u00e9 Comblin veio ao Brasil em 1958, como resposta ao apelo do Papa Pio XII, preocupado com a falta de sacerdotes na Am\u00e9rica Latina. Autor de in\u00fameros e renomados livros de teologia e de forma\u00e7\u00e3o popular, tomou v\u00e1rias iniciativas no intuito de aproximar a Igreja das classes trabalhadoras e campesinas. A Teologia da Enxada, os Mission\u00e1rios do Campo e as Mission\u00e1rias do Meio Popular s\u00e3o algumas delas.<\/p>\n<p style=\"text-align: justify\">Apesar do ressentimento que lhe ofusca a \u201cmelhor idade\u201d, o Pe. Comblin batalhou por uma Igreja em constante estado de convers\u00e3o, como deixou claro num artigo de 3 de agosto de 2007, poucos meses ap\u00f3s a Assembleia da Confer\u00eancia do Episcopado Latino Americano, em Aparecida: \u00abA hist\u00f3ria mostra que todas as mudan\u00e7as profundas na Igreja foram realizadas por pessoas novas, formando grupos novos e criando um novo estilo de vida, sempre a partir de uma op\u00e7\u00e3o de vida na pobreza\u00bb. Seu pecado, talvez, tenha sido esquecer que esta renova\u00e7\u00e3o n\u00e3o nasce da for\u00e7a prepotente e demolidora do furac\u00e3o, mas da brisa suave da comunh\u00e3o e da humildade (Cf. 1Rs, 19,11) de quem acredita que tamb\u00e9m os \u201coutros\u201d, come\u00e7ando pelos Papas, amam a Igreja e trabalham por ela&#8230; pelo menos tanto como ele!<\/p>\n","protected":false},"excerpt":{"rendered":"<p>Dom Redovino Rizzardo Bispo de Dourados &#8211; MS Causou-me tristeza a entrevista concedida pelo Pe. Jos\u00e9 Comblin no Chile, onde esteve no in\u00edcio de 2011. Conhe\u00e7o-o e admiro-o desde os meus primeiros anos de minist\u00e9rio presbiteral, quando o via como um incans\u00e1vel batalhador por uma Igreja mais fiel ao projeto de Jesus e \u00e0s necessidades &hellip;<\/p>\n<p class=\"read-more\"> <a class=\"\" href=\"https:\/\/www.cnbb.org.br\/pe-jose-comblin-crepusculo-de-um-profeta\/\"> <span class=\"screen-reader-text\">Pe. Jos\u00e9 Comblin: crep\u00fasculo de um profeta?<\/span> Leia mais &raquo;<\/a><\/p>\n","protected":false},"author":83,"featured_media":0,"comment_status":"open","ping_status":"open","sticky":false,"template":"","format":"standard","meta":{"site-sidebar-layout":"default","site-content-layout":"default","ast-global-header-display":"","ast-banner-title-visibility":"","ast-main-header-display":"","ast-hfb-above-header-display":"","ast-hfb-below-header-display":"","ast-hfb-mobile-header-display":"","site-post-title":"","ast-breadcrumbs-content":"","ast-featured-img":"","footer-sml-layout":"","theme-transparent-header-meta":"","adv-header-id-meta":"","stick-header-meta":"","header-above-stick-meta":"","header-main-stick-meta":"","header-below-stick-meta":""},"categories":[758],"tags":[],"acf":[],"_links":{"self":[{"href":"https:\/\/www.cnbb.org.br\/cnbb-app\/wp\/v2\/posts\/12858"}],"collection":[{"href":"https:\/\/www.cnbb.org.br\/cnbb-app\/wp\/v2\/posts"}],"about":[{"href":"https:\/\/www.cnbb.org.br\/cnbb-app\/wp\/v2\/types\/post"}],"author":[{"embeddable":true,"href":"https:\/\/www.cnbb.org.br\/cnbb-app\/wp\/v2\/users\/83"}],"replies":[{"embeddable":true,"href":"https:\/\/www.cnbb.org.br\/cnbb-app\/wp\/v2\/comments?post=12858"}],"version-history":[{"count":0,"href":"https:\/\/www.cnbb.org.br\/cnbb-app\/wp\/v2\/posts\/12858\/revisions"}],"wp:attachment":[{"href":"https:\/\/www.cnbb.org.br\/cnbb-app\/wp\/v2\/media?parent=12858"}],"wp:term":[{"taxonomy":"category","embeddable":true,"href":"https:\/\/www.cnbb.org.br\/cnbb-app\/wp\/v2\/categories?post=12858"},{"taxonomy":"post_tag","embeddable":true,"href":"https:\/\/www.cnbb.org.br\/cnbb-app\/wp\/v2\/tags?post=12858"}],"curies":[{"name":"wp","href":"https:\/\/api.w.org\/{rel}","templated":true}]}}