{"id":12860,"date":"2011-02-28T00:00:00","date_gmt":"2011-02-28T03:00:00","guid":{"rendered":"https:\/\/www.cnbb.org.br\/cf-2011-creio-em-deus-pai-criador\/"},"modified":"2011-02-28T00:00:00","modified_gmt":"2011-02-28T03:00:00","slug":"cf-2011-creio-em-deus-pai-criador","status":"publish","type":"post","link":"https:\/\/www.cnbb.org.br\/cf-2011-creio-em-deus-pai-criador\/","title":{"rendered":"CF 2011: Creio em Deus, Pai Criador"},"content":{"rendered":"<h4 style=\"text-align: right\">Cardeal Odilo Pedro Scherer<\/h4>\n<h4 style=\"text-align: right\">Arcebispo de S\u00e3o Paulo<\/h4>\n<p style=\"text-align: justify\">A Campanha da Fraternidade de 2011 (CF-2011) prop\u00f5e uma quest\u00e3o de evidente atualidade: fraternidade e a vida no nosso Planeta. Nem \u00e9 preciso argumentar muito para justificar a escolha desse tema pela CNBB: J\u00e1 faz tempo que estudiosos est\u00e3o alertando para o fen\u00f4meno do aquecimento global e suas consequ\u00eancias para o clima e para o equil\u00edbrio ecol\u00f3gico.<\/p>\n<p><!--more--><\/p>\n<p style=\"text-align: justify\">As Confer\u00eancias mundiais sobre o clima, que congregam as maiores autoridades cient\u00edficas da \u00e1rea, deixam sempre mais evidente que o sistema produtivo da economia moderna e contempor\u00e2nea desencadeia interven\u00e7\u00f5es inadequadas do homem na natureza e se constitui numa amea\u00e7a real para o equil\u00edbrio ecol\u00f3gico e at\u00e9 mesmo para o futuro da vida na terra. Em contraste com tais constata\u00e7\u00f5es, nas mesmas movimentadas Confer\u00eancias sobre o clima, as principais autoridades pol\u00edticas e econ\u00f4micas do Planeta n\u00e3o conseguem chegar a um acordo sobre as medidas a serem adotadas para sanar o problema e prevenir os riscos. \u00c8 dif\u00edcil redimensionar o desenvolvimento econ\u00f4mico, quando a receita \u00e9 renunciar a certo padr\u00e3o de consumo dos recursos naturais, que equivale \u00e0 depreda\u00e7\u00e3o e depauperamento da natureza. Exigimos da natureza mais do que ela pode oferecer, sem comprometer a sua sustentabilidade.<\/p>\n<p style=\"text-align: justify\">A CF-2011 convida a encarar seriamente a responsabilidade humana em rela\u00e7\u00e3o ao futuro da vida no planeta Terra, o \u201cninho da vida\u201d no universo, a casa comum da grande e diversificada fam\u00edlia humana. O Texto Base, que apresenta a proposta da CF, traz argumentos e reflex\u00f5es sobre o fen\u00f4meno do aquecimento global e os motivos que deveriam levar todos a pensar sobre o que \u00e9 poss\u00edvel fazer e o que n\u00e3o se deveria fazer, para evitar a deteriora\u00e7\u00e3o do ambiente da vida na terra. Argumentos b\u00edblicos e teol\u00f3gicos deveriam motivar os crist\u00e3os e todos os crentes em Deus a uma verdadeira convers\u00e3o nos modos de viver e de se relacionar com a natureza, quando ficam comprometidas a qualidade da vida e a fraternidade na fam\u00edlia humana. Todos s\u00e3o convidados a se envolverem na CF-2011.<\/p>\n<p style=\"text-align: justify\">Destaco dois motivos de fundo religioso, que deveriam ser levados em conta por todas as pessoas de f\u00e9 no tocante \u00e0 quest\u00e3o ecol\u00f3gica. Primeiramente, tratar bem a natureza e cuidar do peda\u00e7o do Planeta que ocupamos est\u00e1 implicado na nossa f\u00e9 no Deus Criador. Professamos a f\u00e9 no Deus, Criador do c\u00e9u e da terra, n\u00e3o importa como, ou quando isso aconteceu. A ci\u00eancia pode continuar a pesquisar sobre a origem do universo e da vida na terra e isso n\u00e3o contradiz a nossa f\u00e9 no Deus Criador. O certo \u00e9 que n\u00e3o fomos n\u00f3s que demos origem a toda essa beleza e grandiosidade. Dizer que tudo isso surgiu por si mesmo \u00e9 um grande absurdo.<\/p>\n<p style=\"text-align: justify\">Mas tamb\u00e9m aprendemos da nossa f\u00e9 que Deus fez o homem \u00e0 sua imagem e semelhan\u00e7a, confiando-lhe o cuidado do \u201cjardim da vida\u201d. Embora pequeninos entre as criaturas do grande universo, somos importantes e Deus nos trata com predile\u00e7\u00e3o especial. O poeta do Salmo tem consci\u00eancia disso, quando exclama, admirando o c\u00e9u numa noite estrelada: \u201cQue \u00e9 o homem, Senhor, para que dele te ocupes?! No entanto, Tu o fizeste pouco menor que um deus&#8230; Tu o colocaste \u00e0 frente da obra de tuas m\u00e3os!\u201d (cf Sl 8). Sim, Deus colocou o mundo \u00e0 disposi\u00e7\u00e3o do homem; n\u00e3o para que acabe com ele, e sim, para que dele viva e usufrua, mas tamb\u00e9m para que zele por ele, qual bom administrador. Cuidar bem da natureza \u00e9 sinal de f\u00e9 e de gratid\u00e3o para com o Deus Criador. Avan\u00e7ar sobre a natureza com a vontade de possuir e dominar, \u00e9 cair novamente na tenta\u00e7\u00e3o de \u201cser deuses\u201d, como Ad\u00e3o e Eva no para\u00edso (cf Gn 3). Quando o homem resolve assumir o lugar de Deus, desprezando seu des\u00edgnio, a desordem e o caos entram no mundo, com seus frutos de injusti\u00e7a, viol\u00eancia e morte.<\/p>\n<p style=\"text-align: justify\">O outro motivo, relacionado com o primeiro, \u00e9 de fundo \u00e9tico e moral: Cuidar bem da Terra, nossa casa comum, \u00e9 quest\u00e3o de responsabilidade e solidariedade. Os bens da cria\u00e7\u00e3o foram colocados por Deus \u00e0 disposi\u00e7\u00e3o de todas as suas criaturas; descuidar da natureza, ou estrag\u00e1-la, \u00e9 falta de respeito e de justi\u00e7a para com o pr\u00f3ximo e para com as futuras gera\u00e7\u00f5es. N\u00e3o somos os \u00fanicos a ocupar esta casa, nem seremos os \u00faltimos; e \u00e9 moralmente correto pensar nos outros, quando nos relacionamos com a natureza. N\u00e3o ficar\u00e1 bem deixar atr\u00e1s de n\u00f3s um para\u00edso depredado, o mundo cheio de lixo, as terras desertificadas, as \u00e1guas contaminadas, o ar irrespir\u00e1vel, o equil\u00edbrio ecol\u00f3gico comprometido&#8230; A CF-2011 \u00e9 um convite a refletir, para formar uma consci\u00eancia comum sobre nossa responsabilidade e para tomar decis\u00f5es eficazes sobre os cuidados que a Terra merece. \u00c9 nossa casa comum. E ainda ser\u00e1 a casa dos que viver\u00e3o depois de n\u00f3s.<\/p>\n<p style=\"text-align: right\"><em>Artigo publicado em O ESTADO DE S\u00c3O PAULO<\/em><\/p>\n","protected":false},"excerpt":{"rendered":"<p>Cardeal Odilo Pedro Scherer Arcebispo de S\u00e3o Paulo A Campanha da Fraternidade de 2011 (CF-2011) prop\u00f5e uma quest\u00e3o de evidente atualidade: fraternidade e a vida no nosso Planeta. Nem \u00e9 preciso argumentar muito para justificar a escolha desse tema pela CNBB: J\u00e1 faz tempo que estudiosos est\u00e3o alertando para o fen\u00f4meno do aquecimento global e &hellip;<\/p>\n<p class=\"read-more\"> <a class=\"\" href=\"https:\/\/www.cnbb.org.br\/cf-2011-creio-em-deus-pai-criador\/\"> <span class=\"screen-reader-text\">CF 2011: Creio em Deus, Pai Criador<\/span> Leia mais &raquo;<\/a><\/p>\n","protected":false},"author":83,"featured_media":0,"comment_status":"open","ping_status":"open","sticky":false,"template":"","format":"standard","meta":{"site-sidebar-layout":"default","site-content-layout":"default","ast-global-header-display":"","ast-banner-title-visibility":"","ast-main-header-display":"","ast-hfb-above-header-display":"","ast-hfb-below-header-display":"","ast-hfb-mobile-header-display":"","site-post-title":"","ast-breadcrumbs-content":"","ast-featured-img":"","footer-sml-layout":"","theme-transparent-header-meta":"","adv-header-id-meta":"","stick-header-meta":"","header-above-stick-meta":"","header-main-stick-meta":"","header-below-stick-meta":""},"categories":[758],"tags":[],"acf":[],"_links":{"self":[{"href":"https:\/\/www.cnbb.org.br\/cnbb-app\/wp\/v2\/posts\/12860"}],"collection":[{"href":"https:\/\/www.cnbb.org.br\/cnbb-app\/wp\/v2\/posts"}],"about":[{"href":"https:\/\/www.cnbb.org.br\/cnbb-app\/wp\/v2\/types\/post"}],"author":[{"embeddable":true,"href":"https:\/\/www.cnbb.org.br\/cnbb-app\/wp\/v2\/users\/83"}],"replies":[{"embeddable":true,"href":"https:\/\/www.cnbb.org.br\/cnbb-app\/wp\/v2\/comments?post=12860"}],"version-history":[{"count":0,"href":"https:\/\/www.cnbb.org.br\/cnbb-app\/wp\/v2\/posts\/12860\/revisions"}],"wp:attachment":[{"href":"https:\/\/www.cnbb.org.br\/cnbb-app\/wp\/v2\/media?parent=12860"}],"wp:term":[{"taxonomy":"category","embeddable":true,"href":"https:\/\/www.cnbb.org.br\/cnbb-app\/wp\/v2\/categories?post=12860"},{"taxonomy":"post_tag","embeddable":true,"href":"https:\/\/www.cnbb.org.br\/cnbb-app\/wp\/v2\/tags?post=12860"}],"curies":[{"name":"wp","href":"https:\/\/api.w.org\/{rel}","templated":true}]}}