{"id":12878,"date":"2011-03-07T00:00:00","date_gmt":"2011-03-07T03:00:00","guid":{"rendered":"https:\/\/www.cnbb.org.br\/tempo-da-quaresma-2\/"},"modified":"2011-03-07T00:00:00","modified_gmt":"2011-03-07T03:00:00","slug":"tempo-da-quaresma-2","status":"publish","type":"post","link":"https:\/\/www.cnbb.org.br\/tempo-da-quaresma-2\/","title":{"rendered":"Tempo da Quaresma"},"content":{"rendered":"<div style=\"text-align: right\"><span style=\"font-size: 10pt\"><span style=\"font-family: arial,helvetica,sans-serif\"><em><strong>Dom Jos\u00e9 Alberto Moura, CSS<\/strong><\/em><\/span><\/span><br \/><span style=\"font-size: 10pt\"><span style=\"font-family: arial,helvetica,sans-serif\"><em><strong> Arcebispo de Montes Claros-MG<\/strong><\/em><\/span><\/span><\/div>\n<p style=\"text-align: justify\">O cuidado com a vida nos remete ao projeto de Deus, sua fonte. Ele \u00e9 o grande solid\u00e1rio com a causa de nossa realiza\u00e7\u00e3o humana. N\u00e3o foi \u00e0 toa que resolveu nos ensinar, de modo humano, a valorizar e descobrir o divino em n\u00f3s e sua a\u00e7\u00e3o humana no trato com todo tipo de vida. A Quaresma \u00e9 uma oportunidade de grande gra\u00e7a para revermos nossa caminhada existencial \u00e0 luz do Filho. Ele nos leva ao endere\u00e7amento da caminhada terrestre de sentido. \u00c9 verdadeira voca\u00e7\u00e3o para construirmos todo o processo de comunh\u00e3o com Ele, entre n\u00f3s e a natureza.<\/p>\n<p>  <!--more-->  <\/p>\n<p style=\"text-align: justify\">Fazemos penit\u00eancia, ora\u00e7\u00e3o, escutamos, seguimos e ensinamos a Palavra de Deus, somos caridosos, promovemos a justi\u00e7a, reconhecemos e pedimos perd\u00e3o dos erros e pecados. Tudo \u00e9 realizado justamente para nos prepararmos mais intensamente para a realiza\u00e7\u00e3o da P\u00e1scoa em n\u00f3s, com a vida nova indicada por Cristo ressuscitado. N\u00e3o \u00e9 tempo de tristeza e sim de pondera\u00e7\u00e3o e revis\u00e3o da caminhada. Assim nos\u00a0 imbuimos da alegria de experimentar dentro de n\u00f3s e na conviv\u00eancia fraterna, a certeza de que nosso esfor\u00e7o para a realiza\u00e7\u00e3o do projeto de Deus vale a pena. Superamos o medo, as tenta\u00e7\u00f5es, a fixa\u00e7\u00e3o na pris\u00e3o do ego\u00edsmo e do materialismo. Somos capazes de olhar para a finalidade da vida com os crit\u00e9rios de Cristo.<\/p>\n<p style=\"text-align: justify\">Neste tempo privilegiado de convers\u00e3o somos ajudados pela Campanha da Fraternidade. Ela nos ajuda \u00e0 pr\u00e1tica da f\u00e9 comprometida com o planeta terra, que Deus nos deu para cuidarmos. O tema \u201cFraternidade e a Vida no Planeta\u201d nos apresenta o desafio de cuidarmos de nossa casa comum. Desleix\u00e1-la, agredi-la e\u00a0 arruin\u00e1-la \u00e9 nossa derrota. Faz\u00ea-la habit\u00e1vel com respeito \u00e9 benef\u00edcio para todos; \u00e9 prolongarmos nossa vida e sermos gratos ao Criador. Somente mereceremos a vida eterna feliz se vivermos realmente como imagens e semelhan\u00e7as de Deus. Assim como Ele cuida de tudo, tamb\u00e9m faremos nossa parte cuidando da terra. O lema \u201cA cria\u00e7\u00e3o geme em dores de parto\u201d (Rm 8,22) mostra a realidade sofrida da natureza agredida de modo irrespons\u00e1vel pelo ser humano. Precisamos reverter isso. As intemp\u00e9ries da natureza est\u00e3o nos mostrando nossa agress\u00e3o \u00e0 mesma. Precisamos criar uma consci\u00eancia ecol\u00f3gica de respeito \u00e0 natureza como dom de Deus. \u00c9 verdade que a m\u00e3e terra nos alimenta. Alguns s\u00e3o gananciosos e exploram a m\u00e3e, em detrimento de grandes parcelas que morrem a m\u00edngua. O uso da terra e tudo o que ela cont\u00e9m deve ser regulado pela consci\u00eancia do amor de todos por ela. Sem o amor a Deus nos tornamos altamente ego\u00edstas e desrespeitosos para com a natureza.<\/p>\n<p style=\"text-align: justify\">As cartilhas ou livrinhos da Campanha da Fraternidade, espalhados por todo o Brasil, ajudam-nos a realiz\u00e1-la com mais proveito, preparando-nos espiritual e comunitariamente para a celebra\u00e7\u00e3o da P\u00e1scoa. Damos\u00a0 o sentido adequado para termos e levarmos a vida nova para todos. A mudan\u00e7a de mentalidade, advinda com a ressurrei\u00e7\u00e3o de Jesus, nos impulsiona a tratarmos nosso planeta com dedica\u00e7\u00e3o e verdadeiro amor. Superamos o pecado, que \u00e9 uma agress\u00e3o moral a Deus, ao semelhante e \u00e0 natureza. Com Cristo superamos todo tipo de tenta\u00e7\u00e3o e\u00a0 pecado (Cf. Mateus 4,1-11). Vivemos na alegria do amor. Obedecemos ao Senhor e executamos melhor seu projeto. Ele nos mandou dominar \u00e0 sua semelhan\u00e7a, ou seja, cuidar da terra.<\/p>\n<p><\/p>\n","protected":false},"excerpt":{"rendered":"<p>Dom Jos\u00e9 Alberto Moura, CSS Arcebispo de Montes Claros-MG O cuidado com a vida nos remete ao projeto de Deus, sua fonte. Ele \u00e9 o grande solid\u00e1rio com a causa de nossa realiza\u00e7\u00e3o humana. N\u00e3o foi \u00e0 toa que resolveu nos ensinar, de modo humano, a valorizar e descobrir o divino em n\u00f3s e sua &hellip;<\/p>\n<p class=\"read-more\"> <a class=\"\" href=\"https:\/\/www.cnbb.org.br\/tempo-da-quaresma-2\/\"> <span class=\"screen-reader-text\">Tempo da Quaresma<\/span> Leia mais &raquo;<\/a><\/p>\n","protected":false},"author":83,"featured_media":0,"comment_status":"open","ping_status":"open","sticky":false,"template":"","format":"standard","meta":{"site-sidebar-layout":"default","site-content-layout":"default","ast-global-header-display":"","ast-banner-title-visibility":"","ast-main-header-display":"","ast-hfb-above-header-display":"","ast-hfb-below-header-display":"","ast-hfb-mobile-header-display":"","site-post-title":"","ast-breadcrumbs-content":"","ast-featured-img":"","footer-sml-layout":"","theme-transparent-header-meta":"","adv-header-id-meta":"","stick-header-meta":"","header-above-stick-meta":"","header-main-stick-meta":"","header-below-stick-meta":""},"categories":[758],"tags":[],"acf":[],"_links":{"self":[{"href":"https:\/\/www.cnbb.org.br\/cnbb-app\/wp\/v2\/posts\/12878"}],"collection":[{"href":"https:\/\/www.cnbb.org.br\/cnbb-app\/wp\/v2\/posts"}],"about":[{"href":"https:\/\/www.cnbb.org.br\/cnbb-app\/wp\/v2\/types\/post"}],"author":[{"embeddable":true,"href":"https:\/\/www.cnbb.org.br\/cnbb-app\/wp\/v2\/users\/83"}],"replies":[{"embeddable":true,"href":"https:\/\/www.cnbb.org.br\/cnbb-app\/wp\/v2\/comments?post=12878"}],"version-history":[{"count":0,"href":"https:\/\/www.cnbb.org.br\/cnbb-app\/wp\/v2\/posts\/12878\/revisions"}],"wp:attachment":[{"href":"https:\/\/www.cnbb.org.br\/cnbb-app\/wp\/v2\/media?parent=12878"}],"wp:term":[{"taxonomy":"category","embeddable":true,"href":"https:\/\/www.cnbb.org.br\/cnbb-app\/wp\/v2\/categories?post=12878"},{"taxonomy":"post_tag","embeddable":true,"href":"https:\/\/www.cnbb.org.br\/cnbb-app\/wp\/v2\/tags?post=12878"}],"curies":[{"name":"wp","href":"https:\/\/api.w.org\/{rel}","templated":true}]}}