{"id":12888,"date":"2011-03-12T00:00:00","date_gmt":"2011-03-12T03:00:00","guid":{"rendered":"https:\/\/www.cnbb.org.br\/quaresma-e-campanha-da-fraternidade\/"},"modified":"2011-03-12T00:00:00","modified_gmt":"2011-03-12T03:00:00","slug":"quaresma-e-campanha-da-fraternidade","status":"publish","type":"post","link":"https:\/\/www.cnbb.org.br\/quaresma-e-campanha-da-fraternidade\/","title":{"rendered":"Quaresma e Campanha da Fraternidade"},"content":{"rendered":"<h4 style=\"text-align: right\">Dom Orani Jo\u00e3o Tempesta, O. Cist.<\/h4>\n<h4 style=\"text-align: right\">Arcebispo Metropolitano de S\u00e3o Sebasti\u00e3o do Rio de Janeiro, RJ<\/h4>\n<p style=\"text-align: justify\">Com a Quaresma, no Brasil passamos a viver tamb\u00e9m o tempo da Campanha da Fraternidade. \u00c9 uma maneira dos crist\u00e3os examinarem a sua vida batismal iluminados por um aspecto social que nos atinge a todos. O tema interessa a toda humanidade \u2013 \u00e9 uma ocasi\u00e3o prop\u00edcia para olharmos a nossa vida e descobrirmos a nossa miss\u00e3o diante da responsabilidade desse assunto.<\/p>\n<p><!--more--><\/p>\n<p style=\"text-align: justify\">O tema da \u201cfraternidade e a vida no planeta\u201d questiona a nossa vida e nossas op\u00e7\u00f5es quando verificamos que \u201ca cria\u00e7\u00e3o geme em dores de parto\u201d (Rom 8,22), supondo a coragem de acolhermos o chamado \u00e0 convers\u00e3o para uma vida mais s\u00f3bria e humana.<\/p>\n<p style=\"text-align: justify\">Para os cat\u00f3licos, o tema ir\u00e1 inspirar todos os demais, principalmente os dias e meses tem\u00e1ticos deste ano, ajudando-nos a continuar aprofundando o assunto atrav\u00e9s de diversos matizes. Tamb\u00e9m ele continuar\u00e1 a ser trabalhado com a pastoral da ecologia ou outro nome que se assemelhe, passando assim a integrar as preocupa\u00e7\u00f5es da Igreja.<\/p>\n<p style=\"text-align: justify\">As reflex\u00f5es que fazemos sup\u00f5em que cheguemos a conclus\u00f5es que impliquem n\u00e3o s\u00f3 mudan\u00e7a de mentalidade, mas, principalmente, mudan\u00e7a de atitudes e comportamentos. E com rela\u00e7\u00e3o ao tema deste ano, urge que isso aconte\u00e7a com certa rapidez, pois as mudan\u00e7as que ora ocorrem na natureza est\u00e3o levando nosso planeta a \u201cgemer\u201d e fazem com que tamb\u00e9m os seus habitantes sofram como consequ\u00eancia de seus pr\u00f3prios atos.<\/p>\n<p style=\"text-align: justify\">Assim, o tempo da Quaresma, ao nos chamar a renovar nossa vida batismal e por isso supondo mudan\u00e7as na vida pessoal, religiosa, familiar, comunit\u00e1ria e social, coloca para n\u00f3s um tema que sup\u00f5e tamb\u00e9m uma mudan\u00e7a de mentalidade e, consequentemente, chama-nos tamb\u00e9m \u00e0 convers\u00e3o.<\/p>\n<p style=\"text-align: justify\">Incentivo todos os queridos diocesanos para que aproveitem este tempo para a ora\u00e7\u00e3o, jejum, esmola, penit\u00eancia, lectio divina, confiss\u00e3o, participa\u00e7\u00e3o nas comunidades e as reuni\u00f5es de grupos, c\u00edrculos b\u00edblicos ou pequenas comunidades com o texto elaborado pela arquidiocese sobre a Quaresma e a Campanha da Fraternidade.<\/p>\n<p style=\"text-align: justify\">Vivemos em uma cidade maravilhosa, onde a natureza exuberante rodeia as constru\u00e7\u00f5es feitas pelos homens.\u00a0 Por\u00e9m, a beleza das flores, o encanto das madrugadas e das noites serenas, o belo nascer e p\u00f4r do sol, o trinar dos p\u00e1ssaros e o encanto da nossa vida podem estar sendo engolidos por uma onda de destrui\u00e7\u00e3o sem limites, numa vol\u00fapia do ganho sem medida, do prazer descontrolado, da falta de consci\u00eancia do pecado, que, como j\u00e1 dizia Pio XII, \u00e9 o maior mal dos dias atuais.<\/p>\n<p style=\"text-align: justify\">Temos tamb\u00e9m que ter o olhar na dignidade das pessoas e em suas necessidades urgentes que muitas vezes levam-nas a procurar caminhos que as colocam em risco de vida pr\u00f3pria e dos outros. Necessitamos sonhar com tempos melhores.<\/p>\n<p style=\"text-align: justify\">O pecado do homem, ensina-nos a Sagrada Escritura, destruiu a harmonia da cria\u00e7\u00e3o. E o pecado, presente nos dias de hoje com recursos incomensur\u00e1veis da ci\u00eancia e da t\u00e9cnica tem um poder de destrui\u00e7\u00e3o ainda maior.<\/p>\n<p style=\"text-align: justify\">Na abertura desta Quaresma, o S. Padre, o Papa Bento XVI, nos diz: \u201cNo nosso caminho encontramo-nos perante a tenta\u00e7\u00e3o do ter, da avidez do dinheiro, que insidia a primazia de Deus na nossa vida. A cupidez da posse provoca viol\u00eancia, prevarica\u00e7\u00e3o e morte&#8230; A idolatria dos bens, ao contr\u00e1rio, n\u00e3o s\u00f3 afasta do outro, mas despoja o homem, torna-o infeliz, engana-o, ilude-o sem realizar aquilo que promete, porque coloca as coisas materiais no lugar de Deus, \u00fanica fonte da vida. Como compreender a bondade paterna de Deus se o cora\u00e7\u00e3o est\u00e1 cheio de si e dos pr\u00f3prios projetos, com os quais nos iludimos de poder garantir o futuro?\u201d<\/p>\n<p style=\"text-align: justify\">A Quaresma, na Igreja, foi sempre um tempo penitencial de prepara\u00e7\u00e3o para uma vida nova, marcada pela Paix\u00e3o e Ressurrei\u00e7\u00e3o de Cristo que venceu a morte e, ressuscitado, j\u00e1 n\u00e3o morre mais e marca na fronte todos os que Nele creem. Batizados na morte de Cristo, somos o novo homem, de que toda a natureza espera tamb\u00e9m o renascimento, segundo nos ensina S\u00e3o Paulo no texto que culmina com o lema da Campanha da Fraternidade neste ano: \u201cA cria\u00e7\u00e3o em expectativa anseia pela revela\u00e7\u00e3o dos filhos de Deus&#8230;.Pois sabemos que a cria\u00e7\u00e3o inteira geme e sofre as dores de parto at\u00e9 o presente.\u201d<\/p>\n<p style=\"text-align: justify\">Neste sentido, a Igreja do Brasil escolheu um tema em que o pecado social se manifesta com presen\u00e7a forte em nosso tempo, numa avidez do lucro, do enriquecimento sem controle, violentando a natureza.<\/p>\n<p style=\"text-align: justify\">A polui\u00e7\u00e3o das \u00e1guas, o represamento irracional de rios, lix\u00f5es situados em locais de aqu\u00edferos importantes, o desmatamento irracional das florestas, a falta de saneamento b\u00e1sico nas cidades, a dificuldade de possuir moradias dignas que leva pessoas a constru\u00edrem em lugares de risco, a n\u00e3o exist\u00eancia de um plano diretor que contemple a realidade urbana honestamente, sem interesses escusos, a aus\u00eancia de educa\u00e7\u00e3o para uma coleta seletiva do lixo, a falta de utiliza\u00e7\u00e3o de recipientes degrad\u00e1veis e tantas outras situa\u00e7\u00f5es locais, nacionais ou mundiais (pa\u00edses que poluem e pouco se importam com outros) nos questionam sobre os desastres ambientais: a morte de tantos irm\u00e3os e irm\u00e3s, o aquecimento global, a diminui\u00e7\u00e3o das geleiras dos p\u00f3los, o aumento do n\u00edvel dos oceanos e as doen\u00e7as antigas que retornam e adoecem o nosso povo.<\/p>\n<p style=\"text-align: justify\">Como crist\u00e3os, vamos meditar sobre a realidade desse pecado social de que todos participamos. Pe\u00e7amos perd\u00e3o por n\u00f3s e pelos outros. Tentemos reedificar nossa vida ouvindo os gritos de dor da cria\u00e7\u00e3o, manifestados nas grandes trag\u00e9dias a que estamos assistindo, cada dia com mais frequ\u00eancia, inclusive com a perda de vida de nossos irm\u00e3os, obrigados que s\u00e3o a agredir a natureza por sua mis\u00e9ria nas favelas e nos morros.<\/p>\n<p style=\"text-align: justify\">Esse planeta \u00e9 o nosso habitat. N\u00e3o existe outro local, at\u00e9 agora conhecido, poss\u00edvel de habitarmos. Por isso, a Campanha da Fraternidade nos direciona para a conscientiza\u00e7\u00e3o sobre a sustentabilidade com o Reduzir, Reutilizar, Recuperar, Reciclar, Repensar. O que poderemos fazer pessoalmente e em nossas fam\u00edlias com rela\u00e7\u00e3o a essa realidade? O que e como poderemos cobrar leis e atitudes de nossos munic\u00edpios, estados e na\u00e7\u00e3o?<\/p>\n<p style=\"text-align: justify\">A Campanha da Fraternidade \u00e9 um meio de nos inserirmos no mist\u00e9rio de Cristo Redentor, com a aten\u00e7\u00e3o voltada a um campo espec\u00edfico, em esp\u00edrito penitencial que nos leve a viver com consci\u00eancia o nosso batismo, a viver uma vida de f\u00e9 na esperan\u00e7a da reden\u00e7\u00e3o.<\/p>\n","protected":false},"excerpt":{"rendered":"<p>Dom Orani Jo\u00e3o Tempesta, O. Cist. Arcebispo Metropolitano de S\u00e3o Sebasti\u00e3o do Rio de Janeiro, RJ Com a Quaresma, no Brasil passamos a viver tamb\u00e9m o tempo da Campanha da Fraternidade. \u00c9 uma maneira dos crist\u00e3os examinarem a sua vida batismal iluminados por um aspecto social que nos atinge a todos. O tema interessa a &hellip;<\/p>\n<p class=\"read-more\"> <a class=\"\" href=\"https:\/\/www.cnbb.org.br\/quaresma-e-campanha-da-fraternidade\/\"> <span class=\"screen-reader-text\">Quaresma e Campanha da Fraternidade<\/span> Leia mais &raquo;<\/a><\/p>\n","protected":false},"author":83,"featured_media":0,"comment_status":"open","ping_status":"open","sticky":false,"template":"","format":"standard","meta":{"site-sidebar-layout":"default","site-content-layout":"default","ast-global-header-display":"","ast-banner-title-visibility":"","ast-main-header-display":"","ast-hfb-above-header-display":"","ast-hfb-below-header-display":"","ast-hfb-mobile-header-display":"","site-post-title":"","ast-breadcrumbs-content":"","ast-featured-img":"","footer-sml-layout":"","theme-transparent-header-meta":"","adv-header-id-meta":"","stick-header-meta":"","header-above-stick-meta":"","header-main-stick-meta":"","header-below-stick-meta":""},"categories":[758],"tags":[],"acf":[],"_links":{"self":[{"href":"https:\/\/www.cnbb.org.br\/cnbb-app\/wp\/v2\/posts\/12888"}],"collection":[{"href":"https:\/\/www.cnbb.org.br\/cnbb-app\/wp\/v2\/posts"}],"about":[{"href":"https:\/\/www.cnbb.org.br\/cnbb-app\/wp\/v2\/types\/post"}],"author":[{"embeddable":true,"href":"https:\/\/www.cnbb.org.br\/cnbb-app\/wp\/v2\/users\/83"}],"replies":[{"embeddable":true,"href":"https:\/\/www.cnbb.org.br\/cnbb-app\/wp\/v2\/comments?post=12888"}],"version-history":[{"count":0,"href":"https:\/\/www.cnbb.org.br\/cnbb-app\/wp\/v2\/posts\/12888\/revisions"}],"wp:attachment":[{"href":"https:\/\/www.cnbb.org.br\/cnbb-app\/wp\/v2\/media?parent=12888"}],"wp:term":[{"taxonomy":"category","embeddable":true,"href":"https:\/\/www.cnbb.org.br\/cnbb-app\/wp\/v2\/categories?post=12888"},{"taxonomy":"post_tag","embeddable":true,"href":"https:\/\/www.cnbb.org.br\/cnbb-app\/wp\/v2\/tags?post=12888"}],"curies":[{"name":"wp","href":"https:\/\/api.w.org\/{rel}","templated":true}]}}