{"id":12893,"date":"2011-03-11T00:00:00","date_gmt":"2011-03-11T03:00:00","guid":{"rendered":"https:\/\/www.cnbb.org.br\/quaresma-e-campanha-da-fraternidade-tempo-de-conversao\/"},"modified":"2011-03-11T00:00:00","modified_gmt":"2011-03-11T03:00:00","slug":"quaresma-e-campanha-da-fraternidade-tempo-de-conversao","status":"publish","type":"post","link":"https:\/\/www.cnbb.org.br\/quaresma-e-campanha-da-fraternidade-tempo-de-conversao\/","title":{"rendered":"Quaresma e Campanha da Fraternidade: Tempo de Convers\u00e3o"},"content":{"rendered":"<h4 style=\"text-align: right\">Dom Paulo De Conto<\/h4>\n<h4 style=\"text-align: right\">Bispo de Montenegro &#8211; RS<\/h4>\n<p style=\"text-align: justify\">A Igreja sempre celebrou a quaresma. Os 40 dias que precedem a P\u00e1scoa s\u00e3o pr\u00f3prios para escuta da Palavra, ora\u00e7\u00e3o,\u00a0 jejum,\u00a0\u00a0 pr\u00e1tica da caridade. A penit\u00eancia se faz necess\u00e1ria. A mesma fortifica o corpo, o esp\u00edrito e o ps\u00edquico. Se o pecado afeta a tr\u00edplice dimens\u00e3o do ser humano, a gra\u00e7a fortalece, dignifica e santifica. A mortifica\u00e7\u00e3o leva para a convers\u00e3o, para a vida nova, a vida em Cristo. O coroamento da quaresma \u00e9 a P\u00e1scoa. Todos s\u00e3o chamados para a ressurrei\u00e7\u00e3o.<\/p>\n<p><!--more--><\/p>\n<p style=\"text-align: justify\">No Brasil, desde 1964 acontece Campanha da Fraternidade. Esta se realiza concomitantemente com a quaresma. Cada ano com tema e lema espec\u00edficos, \u00e9 um grande meio de evangeliza\u00e7\u00e3o que atinge todos os recantos do Brasil. Trata-se da maior campanha do mundo. A dura\u00e7\u00e3o \u00e9 de 40 dias. Seu esp\u00edrito perpassa o ano e a vida toda. Com conscientiza\u00e7\u00e3o, viv\u00eancia e gestos concretos o homem participa da evangeliza\u00e7\u00e3o\u00a0 e testemunho de fraternidade.<\/p>\n<p style=\"text-align: justify\">A Campanha da Fraternidade de 2011 tem como tema \u201cFraternidade e a Vida no Planeta\u201d e como lema \u201cA cria\u00e7\u00e3o geme em dores de parto (Rm 8,22)\u201d. Com ela, a Igreja e a sociedade refletem sobre a gravidade do aquecimento global, o uso racional das energias, o desenvolvimento econ\u00f4mico e social, a preserva\u00e7\u00e3o da Amaz\u00f4nia, o agroneg\u00f3cio, a biodiversidade, a \u00e1gua e as mudan\u00e7as clim\u00e1ticas. Objetiva-se, desta forma, motivar a participa\u00e7\u00e3o de todos nas iniciativas que visem preservar a vida no planeta.<\/p>\n<p style=\"text-align: justify\">Recebemos um jardim. Infelizmente, n\u00e3o o cuidamos como deveria. Nele, as florestas s\u00e3o devastadas, as flores desaparecem, as \u00e1guas terminam, a terra est\u00e1 contaminada, o ar n\u00e3o \u00e9 mais o mesmo, o aquecimento global preocupa, o planeta est\u00e1 doente. O homem destruindo a natureza destr\u00f3i-se a si mesmo.<\/p>\n<p style=\"text-align: justify\">Com a quaresma, a Campanha da Fraternidade, conjuntamente, visa convers\u00e3o. Convers\u00e3o como mudan\u00e7a no modo de viver, de produzir, de se desenvolver, de se alimentar, de reciclar o lixo, de cuidar da cria\u00e7\u00e3o, enfim, significa sustentabilidade.<\/p>\n<p style=\"text-align: justify\">O povo de Deus \u00e9 conclamado a participar e\u00a0 a tomar consci\u00eancia da import\u00e2ncia de salvar o universo que o rodeia. Quando uma doen\u00e7a aparece todos se preocupam. O rem\u00e9dio para a sa\u00fade do planeta est\u00e1 nas m\u00e3os de todos. Estas, com consci\u00eancia e participa\u00e7\u00e3o, far\u00e3o que, n\u00e3o s\u00f3 o homem como tamb\u00e9m o cosmos encontre o verdadeiro respiro para uma sa\u00fade perfeita.<\/p>\n<p style=\"text-align: justify\">Oxal\u00e1, ao celebrar a P\u00e1scoa, ser humano encontrem sorriso e alegria de viver. Comprometidos, tudo e todos, ressuscitamos com Cristo.<\/p>\n","protected":false},"excerpt":{"rendered":"<p>Dom Paulo De Conto Bispo de Montenegro &#8211; RS A Igreja sempre celebrou a quaresma. Os 40 dias que precedem a P\u00e1scoa s\u00e3o pr\u00f3prios para escuta da Palavra, ora\u00e7\u00e3o,\u00a0 jejum,\u00a0\u00a0 pr\u00e1tica da caridade. A penit\u00eancia se faz necess\u00e1ria. A mesma fortifica o corpo, o esp\u00edrito e o ps\u00edquico. Se o pecado afeta a tr\u00edplice dimens\u00e3o &hellip;<\/p>\n<p class=\"read-more\"> <a class=\"\" href=\"https:\/\/www.cnbb.org.br\/quaresma-e-campanha-da-fraternidade-tempo-de-conversao\/\"> <span class=\"screen-reader-text\">Quaresma e Campanha da Fraternidade: Tempo de Convers\u00e3o<\/span> Leia mais &raquo;<\/a><\/p>\n","protected":false},"author":83,"featured_media":0,"comment_status":"open","ping_status":"open","sticky":false,"template":"","format":"standard","meta":{"site-sidebar-layout":"default","site-content-layout":"default","ast-global-header-display":"","ast-banner-title-visibility":"","ast-main-header-display":"","ast-hfb-above-header-display":"","ast-hfb-below-header-display":"","ast-hfb-mobile-header-display":"","site-post-title":"","ast-breadcrumbs-content":"","ast-featured-img":"","footer-sml-layout":"","theme-transparent-header-meta":"","adv-header-id-meta":"","stick-header-meta":"","header-above-stick-meta":"","header-main-stick-meta":"","header-below-stick-meta":""},"categories":[758],"tags":[],"acf":[],"_links":{"self":[{"href":"https:\/\/www.cnbb.org.br\/cnbb-app\/wp\/v2\/posts\/12893"}],"collection":[{"href":"https:\/\/www.cnbb.org.br\/cnbb-app\/wp\/v2\/posts"}],"about":[{"href":"https:\/\/www.cnbb.org.br\/cnbb-app\/wp\/v2\/types\/post"}],"author":[{"embeddable":true,"href":"https:\/\/www.cnbb.org.br\/cnbb-app\/wp\/v2\/users\/83"}],"replies":[{"embeddable":true,"href":"https:\/\/www.cnbb.org.br\/cnbb-app\/wp\/v2\/comments?post=12893"}],"version-history":[{"count":0,"href":"https:\/\/www.cnbb.org.br\/cnbb-app\/wp\/v2\/posts\/12893\/revisions"}],"wp:attachment":[{"href":"https:\/\/www.cnbb.org.br\/cnbb-app\/wp\/v2\/media?parent=12893"}],"wp:term":[{"taxonomy":"category","embeddable":true,"href":"https:\/\/www.cnbb.org.br\/cnbb-app\/wp\/v2\/categories?post=12893"},{"taxonomy":"post_tag","embeddable":true,"href":"https:\/\/www.cnbb.org.br\/cnbb-app\/wp\/v2\/tags?post=12893"}],"curies":[{"name":"wp","href":"https:\/\/api.w.org\/{rel}","templated":true}]}}