{"id":12900,"date":"2011-03-11T00:00:00","date_gmt":"2011-03-11T03:00:00","guid":{"rendered":"https:\/\/www.cnbb.org.br\/fraternidade-e-a-vida-no-planeta\/"},"modified":"2011-03-11T00:00:00","modified_gmt":"2011-03-11T03:00:00","slug":"fraternidade-e-a-vida-no-planeta","status":"publish","type":"post","link":"https:\/\/www.cnbb.org.br\/fraternidade-e-a-vida-no-planeta\/","title":{"rendered":"Fraternidade e a Vida no Planeta"},"content":{"rendered":"<h4 style=\"text-align: right\">Dom Can\u00edsio Klaus<\/h4>\n<div style=\"text-align: right\"><\/div>\n<h4 style=\"text-align: right\">Bispo de Santa Cruz do Sul &#8211; RS<\/h4>\n<p style=\"text-align: justify\">Na quarta-feira de cinzas foi lan\u00e7ada, em todo o pa\u00eds, a 47\u00aa Campanha da Fraternidade, abordando o tema da vida no Planeta Terra. A Campanha foi lan\u00e7ada pela CNBB em n\u00edvel nacional e pelas dioceses e par\u00f3quias em n\u00edvel local. Teve tamb\u00e9m uma mensagem especial do Papa Bento XVI, recordando \u201cque o dever de cuidar do meio ambiente \u00e9 um imperativo que nasce da consci\u00eancia de que Deus confia sua cria\u00e7\u00e3o ao homem, para que ele a conserve e cuide como um filho cuida da heran\u00e7a de seu pai\u201d. O lan\u00e7amento da Campanha aconteceu em pronunciamentos para a imprensa e nas celebra\u00e7\u00f5es da missa de ben\u00e7\u00e3o das cinzas, com as quais iniciamos o tempo lit\u00fargico da Quaresma, que \u00e9 um tempo favor\u00e1vel para a escuta da Palavra de Deus, a ora\u00e7\u00e3o, o jejum e a pr\u00e1tica da caridade fraterna. Tudo isso no esp\u00edrito da convers\u00e3o em prepara\u00e7\u00e3o \u00e0 P\u00e1scoa, quando celebraremos o Mist\u00e9rio da Paix\u00e3o, Morte e Ressurrei\u00e7\u00e3o de Nosso Senhor Jesus Cristo.<\/p>\n<p><!--more--><\/p>\n<p style=\"text-align: justify\">Com o tema \u201cFraternidade e a Vida no Planeta Terra\u201d, e o lema \u201ca cria\u00e7\u00e3o geme em dores de parto\u201d, a Igreja no Brasil nos convida mais uma vez a entrarmos em profunda comunh\u00e3o com Deus que nos brinda com o Dom da Vida.<\/p>\n<p style=\"text-align: justify\">Desde o princ\u00edpio da cria\u00e7\u00e3o, Deus confiou o mundo ao homem, para que ele o administrasse e dominasse como senhor. De acordo com o Texto Base da Campanha da Fraternidade, o exerc\u00edcio do senhorio deve ser feito \u201ca partir do modelo do pr\u00f3prio Deus, que cria a natureza, ordena o seu crescimento e a sua evolu\u00e7\u00e3o, garante a sua continuidade, cuida dela e a aben\u00e7oa\u201d.<\/p>\n<p style=\"text-align: justify\">O primeiro passo a ser dado pelo homem \u00e9 reconhecer-se \u201ccriatura entre as criaturas\u201d. Reconhecer que ele n\u00e3o \u00e9 Deus, mas apenas \u201cimagem de Deus\u201d. \u201cO homem s\u00f3 ser\u00e1 capaz de respeitar as criaturas na medida em que respeitar a si mesmo e aquilo que o circunda (&#8230;) Por isso, a primeira ecologia a ser defendida \u00e9 a ecologia humana\u201d (Bento XVI, Caritas in Veritate, 51). \u00c9 justamente na condi\u00e7\u00e3o de criatura humana, preocupada com o seu futuro, que o homem deve estar atento aos clamores e gemidos do Planeta Terra.<\/p>\n<p style=\"text-align: justify\">O aquecimento global e as mudan\u00e7as clim\u00e1ticas s\u00e3o um fato, e elas s\u00e3o provocadas, em grande parte, pela a\u00e7\u00e3o do ser humano. Neste sentido, esta campanha ser\u00e1 uma boa oportunidade para tomarmos consci\u00eancia da situa\u00e7\u00e3o e assumirmos \u201ca\u00e7\u00f5es que visem enfrentar o problema e preservar as condi\u00e7\u00f5es de vida no Planeta\u201d, o que inclui a redu\u00e7\u00e3o na produ\u00e7\u00e3o de gases de efeito estufa.<\/p>\n<p style=\"text-align: justify\">Em se tratando de Campanha, todos se sintam convidados a participar. Vamos nos unir na luta pela preserva\u00e7\u00e3o do meio ambiente, viabilizando a vida no Planeta e diminuindo os gemidos da M\u00e3e Terra.<\/p>\n","protected":false},"excerpt":{"rendered":"<p>Dom Can\u00edsio Klaus Bispo de Santa Cruz do Sul &#8211; RS Na quarta-feira de cinzas foi lan\u00e7ada, em todo o pa\u00eds, a 47\u00aa Campanha da Fraternidade, abordando o tema da vida no Planeta Terra. A Campanha foi lan\u00e7ada pela CNBB em n\u00edvel nacional e pelas dioceses e par\u00f3quias em n\u00edvel local. Teve tamb\u00e9m uma mensagem &hellip;<\/p>\n<p class=\"read-more\"> <a class=\"\" href=\"https:\/\/www.cnbb.org.br\/fraternidade-e-a-vida-no-planeta\/\"> <span class=\"screen-reader-text\">Fraternidade e a Vida no Planeta<\/span> Leia mais &raquo;<\/a><\/p>\n","protected":false},"author":83,"featured_media":0,"comment_status":"open","ping_status":"open","sticky":false,"template":"","format":"standard","meta":{"site-sidebar-layout":"default","site-content-layout":"default","ast-global-header-display":"","ast-banner-title-visibility":"","ast-main-header-display":"","ast-hfb-above-header-display":"","ast-hfb-below-header-display":"","ast-hfb-mobile-header-display":"","site-post-title":"","ast-breadcrumbs-content":"","ast-featured-img":"","footer-sml-layout":"","theme-transparent-header-meta":"","adv-header-id-meta":"","stick-header-meta":"","header-above-stick-meta":"","header-main-stick-meta":"","header-below-stick-meta":""},"categories":[758],"tags":[],"acf":[],"_links":{"self":[{"href":"https:\/\/www.cnbb.org.br\/cnbb-app\/wp\/v2\/posts\/12900"}],"collection":[{"href":"https:\/\/www.cnbb.org.br\/cnbb-app\/wp\/v2\/posts"}],"about":[{"href":"https:\/\/www.cnbb.org.br\/cnbb-app\/wp\/v2\/types\/post"}],"author":[{"embeddable":true,"href":"https:\/\/www.cnbb.org.br\/cnbb-app\/wp\/v2\/users\/83"}],"replies":[{"embeddable":true,"href":"https:\/\/www.cnbb.org.br\/cnbb-app\/wp\/v2\/comments?post=12900"}],"version-history":[{"count":0,"href":"https:\/\/www.cnbb.org.br\/cnbb-app\/wp\/v2\/posts\/12900\/revisions"}],"wp:attachment":[{"href":"https:\/\/www.cnbb.org.br\/cnbb-app\/wp\/v2\/media?parent=12900"}],"wp:term":[{"taxonomy":"category","embeddable":true,"href":"https:\/\/www.cnbb.org.br\/cnbb-app\/wp\/v2\/categories?post=12900"},{"taxonomy":"post_tag","embeddable":true,"href":"https:\/\/www.cnbb.org.br\/cnbb-app\/wp\/v2\/tags?post=12900"}],"curies":[{"name":"wp","href":"https:\/\/api.w.org\/{rel}","templated":true}]}}