{"id":12916,"date":"2011-03-18T00:00:00","date_gmt":"2011-03-18T03:00:00","guid":{"rendered":"https:\/\/www.cnbb.org.br\/vivendo-a-quaresma\/"},"modified":"2011-03-18T00:00:00","modified_gmt":"2011-03-18T03:00:00","slug":"vivendo-a-quaresma","status":"publish","type":"post","link":"https:\/\/www.cnbb.org.br\/vivendo-a-quaresma\/","title":{"rendered":"Vivendo a Quaresma"},"content":{"rendered":"<h4 style=\"text-align: right\">Dom Moacir Silva<\/h4>\n<h4 style=\"text-align: right\">Bispo Diocesano de S\u00e3o Jos\u00e9 dos Campos &#8211; SP<\/h4>\n<p style=\"text-align: justify\">Ao aproximarmos da celebra\u00e7\u00e3o dos 50 anos da realiza\u00e7\u00e3o do Conc\u00edlio Vaticano II (1962-1965) somos convidados a retomar e aprofundar a riqueza dos seus ensinamentos. A respeito da Quaresma, o Conc\u00edlio afirmou: \u201cTanto na liturgia quanto na catequese lit\u00fargica esclare\u00e7a-se melhor a dupla \u00edndole do tempo quaresmal, que, principalmente pela lembran\u00e7a ou prepara\u00e7\u00e3o do Batismo e pela penit\u00eancia, fazendo os fi\u00e9is ouvirem com mais frequ\u00eancia a palavra de Deus e entregarem-se \u00e0 ora\u00e7\u00e3o, os disp\u00f5em \u00e0 celebra\u00e7\u00e3o do mist\u00e9rio pascal\u201d (SC, 109). A dupla \u00edndole do tempo quaresmal \u00e9 a batismal (recorda\u00e7\u00e3o ou prepara\u00e7\u00e3o do Batismo) e a penitencial.<\/p>\n<p>  <!--more-->  <\/p>\n<p style=\"text-align: justify\">O tempo quaresmal tem uma finalidade, que \u00e9 preparar os fi\u00e9is para a celebra\u00e7\u00e3o do mist\u00e9rio pascal, mediante uma escuta mais frequente da Palavra de Deus e pela ora\u00e7\u00e3o. As Normas Universais para o Ano Lit\u00fargico e Calend\u00e1rio (NUALC), nos n\u00fameros 27-31, apresentam algumas orienta\u00e7\u00f5es sobre a Quaresma: \u201cO Tempo da Quaresma visa preparar a celebra\u00e7\u00e3o da P\u00e1scoa; a liturgia quaresmal, com efeito, disp\u00f5e para a celebra\u00e7\u00e3o do mist\u00e9rio pascal tanto para os catec\u00famenos, pelos diversos graus de inicia\u00e7\u00e3o crist\u00e3, como os fi\u00e9is, pela comemora\u00e7\u00e3o do batismo e pela penit\u00eancia. O Tempo da Quaresma vai da Quarta-feira de Cinzas at\u00e9 a Missa da Ceia do Senhor exclusive. Do in\u00edcio da Quaresma at\u00e9 a Vig\u00edlia pascal n\u00e3o se diz o Aleluia. Na Quarta-feira de abrupta da Quaresma, que por toda parte \u00e9 dia de Jejum, faz-se a imposi\u00e7\u00e3o das cinzas. Os Domingos deste tempo s\u00e3o chamados 1\u00ba, 2\u00ba, 3\u00ba, 4\u00ba e 5\u00ba domingos da Quaresma. O 6\u00ba domingo, com o qual se inicia a Semana Santa, \u00e9 chamado \u201cDomingo de Ramos e da Paix\u00e3o do Senhor\u201d.<\/p>\n<p style=\"text-align: justify\">Os dois primeiros domingos t\u00eam tem\u00e1tica fixa em todos os anos, variando apenas conforme o evangelista do ano (neste ano A \u00e9 S\u00e3o Mateus). No primeiro domingo temos as tenta\u00e7\u00f5es de Jesus no deserto e, no segundo, a transfigura\u00e7\u00e3o do Senhor. Nestes domingos contemplamos Jesus como modelo da vida de penit\u00eancia dos crist\u00e3os. O Jesus que jejua, o Jesus que se dedica \u00e0 ora\u00e7\u00e3o, deve ser visto \u00e0 luz do Cristo transfigurado. Toda a caminhada da convers\u00e3o dos crist\u00e3os s\u00f3 tem sentido \u00e0 luz da ressurrei\u00e7\u00e3o prenunciada na transfigura\u00e7\u00e3o.<\/p>\n<p style=\"text-align: justify\">A partir do terceiro domingo temos uma diversifica\u00e7\u00e3o, de acordo com os ciclos do Ano A, B e C. Neste Ano A aparece com mais clareza a tem\u00e1tica batismal. O Batismo ser\u00e1 revivido no Tr\u00edduo Pascal e, especialmente, na Solene Vig\u00edlia.<\/p>\n<p style=\"text-align: justify\">No terceiro domingo temos como tema batismal Cristo, fonte de \u00e1gua viva, isto \u00e9, de vida plena em oposi\u00e7\u00e3o a Lei do Antigo Testamento e a tudo o que n\u00e3o sacia a sede ou os anseios humanos de verdade e vida. O personagem central, junto a Cristo, manancial de \u00e1gua viva, \u00e9 a samaritana, s\u00edmbolo da busca da vida, que s\u00f3 encontra em Cristo.<\/p>\n<p style=\"text-align: justify\">No quarto domingo o tema batismal \u00e9 Cristo, luz para o homem. Personagem simb\u00f3lico do catec\u00fameno que busca Cristo-Luz, \u00e9 o cego de nascen\u00e7a, iluminado duplamente, no f\u00edsico (cura da cegueira) e no espiritual ao mergulhar-se em Cristo, Enviado do Pai.<\/p>\n<p style=\"text-align: justify\">No quinto domingo temos como tema batismal Cristo, ressurrei\u00e7\u00e3o e vida, onde junto ao Senhor aparece L\u00e1zaro, resgatado do imposs\u00edvel (morto h\u00e1 quatro dias) e estabelecido aos seus, como sinal da a\u00e7\u00e3o restauradora, recriadora de Deus em Cristo.<\/p>\n<p style=\"text-align: justify\">O tempo quaresmal com seu conte\u00fado b\u00edblico, teol\u00f3gico e lit\u00fargico \u00e9 riqu\u00edssimo para nossa viv\u00eancia crist\u00e3 e para nossa vida de disc\u00edpulos mission\u00e1rios de Jesus Cristo. Chamando nossa aten\u00e7\u00e3o para a dimens\u00e3o batismal, \u00e9 um convite a nos prepararmos para a renova\u00e7\u00e3o dos nossos compromissos batismais, na Solene Vig\u00edlia Pascal. Esta prepara\u00e7\u00e3o passa pela dimens\u00e3o penitencial, ou seja, pela pr\u00e1tica da convers\u00e3o para renovar as promessas do batismo. N\u00f3s temos consci\u00eancia de que ainda n\u00e3o estamos na plenitude do ideal crist\u00e3o; sabemos que o processo de nossa convers\u00e3o ainda n\u00e3o chegou ao fim. Por isso, aproveitemos a riqueza deste tempo quaresmal para avan\u00e7amos no caminho da convers\u00e3o e podermos celebrar bem a P\u00e1scoa do Senhor.<\/p>\n","protected":false},"excerpt":{"rendered":"<p>Dom Moacir Silva Bispo Diocesano de S\u00e3o Jos\u00e9 dos Campos &#8211; SP Ao aproximarmos da celebra\u00e7\u00e3o dos 50 anos da realiza\u00e7\u00e3o do Conc\u00edlio Vaticano II (1962-1965) somos convidados a retomar e aprofundar a riqueza dos seus ensinamentos. A respeito da Quaresma, o Conc\u00edlio afirmou: \u201cTanto na liturgia quanto na catequese lit\u00fargica esclare\u00e7a-se melhor a dupla &hellip;<\/p>\n<p class=\"read-more\"> <a class=\"\" href=\"https:\/\/www.cnbb.org.br\/vivendo-a-quaresma\/\"> <span class=\"screen-reader-text\">Vivendo a Quaresma<\/span> Leia mais &raquo;<\/a><\/p>\n","protected":false},"author":83,"featured_media":0,"comment_status":"open","ping_status":"open","sticky":false,"template":"","format":"standard","meta":{"site-sidebar-layout":"default","site-content-layout":"default","ast-global-header-display":"","ast-banner-title-visibility":"","ast-main-header-display":"","ast-hfb-above-header-display":"","ast-hfb-below-header-display":"","ast-hfb-mobile-header-display":"","site-post-title":"","ast-breadcrumbs-content":"","ast-featured-img":"","footer-sml-layout":"","theme-transparent-header-meta":"","adv-header-id-meta":"","stick-header-meta":"","header-above-stick-meta":"","header-main-stick-meta":"","header-below-stick-meta":""},"categories":[758],"tags":[],"acf":[],"_links":{"self":[{"href":"https:\/\/www.cnbb.org.br\/cnbb-app\/wp\/v2\/posts\/12916"}],"collection":[{"href":"https:\/\/www.cnbb.org.br\/cnbb-app\/wp\/v2\/posts"}],"about":[{"href":"https:\/\/www.cnbb.org.br\/cnbb-app\/wp\/v2\/types\/post"}],"author":[{"embeddable":true,"href":"https:\/\/www.cnbb.org.br\/cnbb-app\/wp\/v2\/users\/83"}],"replies":[{"embeddable":true,"href":"https:\/\/www.cnbb.org.br\/cnbb-app\/wp\/v2\/comments?post=12916"}],"version-history":[{"count":0,"href":"https:\/\/www.cnbb.org.br\/cnbb-app\/wp\/v2\/posts\/12916\/revisions"}],"wp:attachment":[{"href":"https:\/\/www.cnbb.org.br\/cnbb-app\/wp\/v2\/media?parent=12916"}],"wp:term":[{"taxonomy":"category","embeddable":true,"href":"https:\/\/www.cnbb.org.br\/cnbb-app\/wp\/v2\/categories?post=12916"},{"taxonomy":"post_tag","embeddable":true,"href":"https:\/\/www.cnbb.org.br\/cnbb-app\/wp\/v2\/tags?post=12916"}],"curies":[{"name":"wp","href":"https:\/\/api.w.org\/{rel}","templated":true}]}}