{"id":12917,"date":"2011-03-18T00:00:00","date_gmt":"2011-03-18T03:00:00","guid":{"rendered":"https:\/\/www.cnbb.org.br\/apelos-da-quaresma\/"},"modified":"2011-03-18T00:00:00","modified_gmt":"2011-03-18T03:00:00","slug":"apelos-da-quaresma","status":"publish","type":"post","link":"https:\/\/www.cnbb.org.br\/apelos-da-quaresma\/","title":{"rendered":"Apelos da Quaresma"},"content":{"rendered":"<h4 style=\"text-align: right\">Dom Walmor Oliveira de Azevedo<\/h4>\n<h4 style=\"text-align: right\">Arcebispo metropolitano de Belo Horizonte &#8211; MG<\/h4>\n<p style=\"text-align: justify\">Os apelos da Quaresma, tempo precioso que a Igreja Cat\u00f3lica, por quarenta dias, consagra como prepara\u00e7\u00e3o para a P\u00e1scoa do Senhor, ecoam na consci\u00eancia dos crist\u00e3os, homens e mulheres. Ecoa porque o n\u00facleo mais importante de cada pessoa \u00e9 a pr\u00f3pria consci\u00eancia, problema que \u00e9 um fen\u00f4meno central de nosso tempo, como tamb\u00e9m \u00e9 central na reflex\u00e3o moral crist\u00e3. O contexto contempor\u00e2neo est\u00e1 na fase de reconhecimento e valoriza\u00e7\u00e3o, cada vez mais n\u00edtida, da responsabiliza\u00e7\u00e3o da pessoa e do car\u00e1ter origin\u00e1rio de sua consci\u00eancia.<\/p>\n<p>  <!--more-->  <\/p>\n<p style=\"text-align: justify\">J\u00e1 \u00e9 distante a fase na qual houve a exalta\u00e7\u00e3o unilateral da lei objetiva &#8211; da polis e do jus do Estado romano &#8211; passando pela considera\u00e7\u00e3o est\u00f3ica da consci\u00eancia como seu eco e reflexo, at\u00e9 a responsabiliza\u00e7\u00e3o de cada pessoa considerando-se a essencialidade de sua consci\u00eancia, condi\u00e7\u00e3o determinante na viv\u00eancia da dignidade e responsabilidade ao estruturar-se como cidad\u00e3o. Estas refer\u00eancias s\u00e3o suficientes para concluir que os apelos da Quaresma, por configura\u00e7\u00e3o pr\u00f3pria de sua significa\u00e7\u00e3o \u00e9tica e moral, e garantia da sustentabilidade do que \u00e9 pr\u00f3prio da consci\u00eancia, podem e devem ecoar no cora\u00e7\u00e3o dos crist\u00e3os. Bem como, no de toda e qualquer pessoa, como ajuda indispens\u00e1vel para corre\u00e7\u00e3o, acertos e manuten\u00e7\u00e3o do que \u00e9 a sua mais importante refer\u00eancia de sustento: a consci\u00eancia, com sua moralidade e princ\u00edpios que a mant\u00eam com integridade.<\/p>\n<p style=\"text-align: justify\">O evangelista Marcos, no cap\u00edtulo sete do seu Evangelho, narra com maestria inigual\u00e1vel, de maneira direta, simples e muito eficaz, como Jesus &#8211; o cordeiro pascal imolado na grande festa da reden\u00e7\u00e3o, a P\u00e1scoa -, ensina aos seus disc\u00edpulos esse importante e b\u00e1sico entendimento moral, disciplinar e comportamental. Depois de falar \u00e0 multid\u00e3o, j\u00e1 a s\u00f3s com os disc\u00edpulos, em casa, enquanto lhe faziam perguntas sobre os ensinamentos de suas par\u00e1bolas, por ter dito que o que sai da pessoa \u00e9 que a torna impura, esclareceu: \u201cTamb\u00e9m v\u00f3s n\u00e3o entendeis? N\u00e3o compreendeis que nada que de fora entra na pessoa a torna impura, porque n\u00e3o entra no seu cora\u00e7\u00e3o, mas no est\u00f4mago, e vai para a fossa?\u201d Assim Jesus declarou puro todo alimento. E acrescentou: \u201cO que sai da pessoa \u00e9 que a torna impura. Pois \u00e9 de dentro, do cora\u00e7\u00e3o humano, que saem as m\u00e1s inten\u00e7\u00f5es: imoralidade sexual, roubos, homic\u00eddios, adult\u00e9rios, ambi\u00e7\u00f5es desmedidas, perversidades, fraude, devassid\u00e3o, inveja, cal\u00fania, orgulho e insensatez. Todas essas coisas saem de dentro e s\u00e3o elas que tornam algu\u00e9m impuro\u201d.<\/p>\n<p style=\"text-align: justify\">O cora\u00e7\u00e3o \u00e9 a consci\u00eancia da pessoa. A\u00ed \u00e9 que est\u00e1 o sustento ou a derrocada de suas op\u00e7\u00f5es, comportamentos e compromissos \u00e9ticos e cidad\u00e3os. Tendo um cora\u00e7\u00e3o, uma consci\u00eancia, cada pessoa \u00e9 precisada e deposit\u00e1ria de apelos que lhe devolvam a condi\u00e7\u00e3o da possibilidade de conquistar a integridade \u00e9tica e moral que, na verdade, define sua dignidade e viv\u00eancia. Nisso est\u00e1, incontestavelmente, a explica\u00e7\u00e3o dos desmandos que geram abusos de poder e arbitrariedades, comuns desde a fam\u00edlia, passando pelas institui\u00e7\u00f5es religiosas at\u00e9 as governamentais, todas elas a servi\u00e7o da vida em comum. Este entendimento explica a gravidade da corrup\u00e7\u00e3o que se configura como abomin\u00e1vel cultura, do jeito maroto de passar o outro para tr\u00e1s incluindo tamb\u00e9m outros absurdos, por exemplo, verbas p\u00fablicas, destinadas \u00e0 melhoria da condi\u00e7\u00e3o social dos mais pobres, que s\u00e3o embolsadas e interceptadas no seu percurso, jamais chegando ao devido destino.<\/p>\n<p style=\"text-align: justify\">H\u00e1 uma lista grande de inconveni\u00eancias e descompassos na conduta individual, na configura\u00e7\u00e3o social e pol\u00edtica que precisam ser iluminadas e interpeladas pelos apelos pr\u00f3prios da Quaresma. Apelos que v\u00eam com o an\u00fancio da Palavra de Deus indicando o medicamento que se toma como escuta amorosa e com aten\u00e7\u00e3o redobrada. Essa escuta ilumina o mais \u00edntimo da consci\u00eancia, faz desabrochar, pelo desejo de convers\u00e3o, a convic\u00e7\u00e3o de que \u00e9 preciso viver o dia a dia de modo diferente, mais qualificado, humanizado, \u00e0 altura da dignidade humana e cidad\u00e3 de cada um. Uma convic\u00e7\u00e3o que d\u00e1 gosto, um percurso saud\u00e1vel, qualificado e frutuoso.<\/p>\n<p style=\"text-align: justify\">O Papa Bento XVI, na sua rica mensagem quaresmal, referindo-se \u00e0s tenta\u00e7\u00f5es narradas pelo evangelista Mateus &#8211; Evangelho do primeiro domingo da Quaresma &#8211; sublinha que a nossa condi\u00e7\u00e3o de homens nesta terra \u00e9 o combate \u00e0s tenta\u00e7\u00f5es, a exemplo de Jesus, tomando consci\u00eancia de nossa pr\u00f3pria fragilidade. Bem assim, \u00e9 preciso ter consci\u00eancia clara, diz o Papa, de que o diabo \u00e9 ativo e n\u00e3o se cansa de tentar quem quer se aproximar de Deus. P\u00f5e-se o desafio, indica o pont\u00edfice, que cada um deve se esfor\u00e7ar para distanciar-se dos boatos da vida cotidiana e imergir na presen\u00e7a de Deus. Acontecimentos, sinais da natureza, a vida, o dia a dia, indicam o quanto \u00e9 necess\u00e1rio e urgente acolher os apelos da Quaresma.<\/p>\n","protected":false},"excerpt":{"rendered":"<p>Dom Walmor Oliveira de Azevedo Arcebispo metropolitano de Belo Horizonte &#8211; MG Os apelos da Quaresma, tempo precioso que a Igreja Cat\u00f3lica, por quarenta dias, consagra como prepara\u00e7\u00e3o para a P\u00e1scoa do Senhor, ecoam na consci\u00eancia dos crist\u00e3os, homens e mulheres. Ecoa porque o n\u00facleo mais importante de cada pessoa \u00e9 a pr\u00f3pria consci\u00eancia, problema &hellip;<\/p>\n<p class=\"read-more\"> <a class=\"\" href=\"https:\/\/www.cnbb.org.br\/apelos-da-quaresma\/\"> <span class=\"screen-reader-text\">Apelos da Quaresma<\/span> Leia mais &raquo;<\/a><\/p>\n","protected":false},"author":83,"featured_media":0,"comment_status":"open","ping_status":"open","sticky":false,"template":"","format":"standard","meta":{"site-sidebar-layout":"default","site-content-layout":"default","ast-global-header-display":"","ast-banner-title-visibility":"","ast-main-header-display":"","ast-hfb-above-header-display":"","ast-hfb-below-header-display":"","ast-hfb-mobile-header-display":"","site-post-title":"","ast-breadcrumbs-content":"","ast-featured-img":"","footer-sml-layout":"","theme-transparent-header-meta":"","adv-header-id-meta":"","stick-header-meta":"","header-above-stick-meta":"","header-main-stick-meta":"","header-below-stick-meta":""},"categories":[758],"tags":[],"acf":[],"_links":{"self":[{"href":"https:\/\/www.cnbb.org.br\/cnbb-app\/wp\/v2\/posts\/12917"}],"collection":[{"href":"https:\/\/www.cnbb.org.br\/cnbb-app\/wp\/v2\/posts"}],"about":[{"href":"https:\/\/www.cnbb.org.br\/cnbb-app\/wp\/v2\/types\/post"}],"author":[{"embeddable":true,"href":"https:\/\/www.cnbb.org.br\/cnbb-app\/wp\/v2\/users\/83"}],"replies":[{"embeddable":true,"href":"https:\/\/www.cnbb.org.br\/cnbb-app\/wp\/v2\/comments?post=12917"}],"version-history":[{"count":0,"href":"https:\/\/www.cnbb.org.br\/cnbb-app\/wp\/v2\/posts\/12917\/revisions"}],"wp:attachment":[{"href":"https:\/\/www.cnbb.org.br\/cnbb-app\/wp\/v2\/media?parent=12917"}],"wp:term":[{"taxonomy":"category","embeddable":true,"href":"https:\/\/www.cnbb.org.br\/cnbb-app\/wp\/v2\/categories?post=12917"},{"taxonomy":"post_tag","embeddable":true,"href":"https:\/\/www.cnbb.org.br\/cnbb-app\/wp\/v2\/tags?post=12917"}],"curies":[{"name":"wp","href":"https:\/\/api.w.org\/{rel}","templated":true}]}}