{"id":12918,"date":"2011-03-18T00:00:00","date_gmt":"2011-03-18T03:00:00","guid":{"rendered":"https:\/\/www.cnbb.org.br\/conversao-ecologica\/"},"modified":"2011-03-18T00:00:00","modified_gmt":"2011-03-18T03:00:00","slug":"conversao-ecologica","status":"publish","type":"post","link":"https:\/\/www.cnbb.org.br\/conversao-ecologica\/","title":{"rendered":"Convers\u00e3o Ecol\u00f3gica"},"content":{"rendered":"<h4 style=\"text-align: right\">Dom Can\u00edsio Klaus<\/h4>\n<h4 style=\"text-align: right\">Bispo de Santa Cruz do Sul<\/h4>\n<p style=\"text-align: justify\">Quaresma \u00e9 tempo de convers\u00e3o: \u201cConvertei-vos e crede no Evangelho\u201d.<\/p>\n<p style=\"text-align: justify\">Em 2011, a Igreja no Brasil nos convida a uma convers\u00e3o ecol\u00f3gica, a partir da reflex\u00e3o sobre a Vida no Planeta Terra. A convers\u00e3o ecol\u00f3gica implica num esfor\u00e7o consciente e organizado na defesa da vida. Implica em defender as condi\u00e7\u00f5es para que a vida possa se desenvolver. Lutar pela pureza do ar e das \u00e1guas e se empenhar na preserva\u00e7\u00e3o das plantas e dos animais.<\/p>\n<p>  <!--more-->  <\/p>\n<p style=\"text-align: justify\">A verdadeira convers\u00e3o come\u00e7a com a tomada de consci\u00eancia, passa pelo arrependimento sincero e desemboca em gestos e prop\u00f3sitos concretos de mudan\u00e7a.<\/p>\n<p style=\"text-align: justify\">Ao nos apresentar o tema da Vida no Planeta Terra, a Campanha da Fraternidade nos recorda que fomos criados por Deus para administrar a obra da sua cria\u00e7\u00e3o. Cabe a n\u00f3s humanos, tamb\u00e9m criados por Deus, a tarefa de bem administrar e governar a grande obra criada por Deus.<\/p>\n<p style=\"text-align: justify\">Perplexos diante dos fortes gemidos da cria\u00e7\u00e3o &#8211; \u201ca cria\u00e7\u00e3o geme em dores de parto\u201d (Rm 8,22) &#8211; que se expressam em temporais, estiagens, terremotos e inunda\u00e7\u00f5es, nos perguntamos: o que fazer? Dif\u00edcil \u00e9 acreditar que as pessoas ainda continuam a agredir a natureza, provocando o desequil\u00edbrio na ordem natural das coisas e dos acontecimentos.<\/p>\n<p style=\"text-align: justify\">A proclama\u00e7\u00e3o de Jesus no in\u00edcio do seu minist\u00e9rio na Galil\u00e9ia &#8211; \u201cconvertei-vos e credo no Evangelho\u201d (Mc 1,15) &#8211; se traduz hoje, conforme express\u00e3o de Jo\u00e3o Paulo II, em \u201cconvers\u00e3o ecol\u00f3gica\u201d. \u00c9 bom agirmos r\u00e1pido, antes que sejamos tragados pelas ondas gigantes provocadas pelas l\u00e1grimas que acompanham os gemidos da cria\u00e7\u00e3o. Muitos j\u00e1 foram tragados por estas ondas. Outros foram sufocados pelos deslizamentos provocados com a ocupa\u00e7\u00e3o das encostas dos morros. In\u00fameras s\u00e3o as fam\u00edlias obrigadas a migrarem por causa das longas estiagens. Milhares s\u00e3o os que est\u00e3o sob a amea\u00e7a das radia\u00e7\u00f5es at\u00f4micas no Jap\u00e3o.<\/p>\n<p style=\"text-align: justify\">A quaresma \u00e9 tempo de reflex\u00e3o. Precisamos verificar o quanto temos contribu\u00eddo para o caos que se instaurou. Ser\u00e1 que trabalhamos para evitar o desperd\u00edcio? Ser\u00e1 que n\u00e3o estamos contribuindo para poluir o mundo? N\u00e3o estamos acumulando o que falta aos nossos irm\u00e3os que passam fome? A ang\u00fastia das pessoas exclu\u00eddas, assim como a deteriora\u00e7\u00e3o do meio ambiente, v\u00e3o pesar sobre os nossos ombros.<\/p>\n<p style=\"text-align: justify\">Por isso, aproveitemos este tempo para um grande exame de consci\u00eancia. Vamos bater no peito e reconhecer as coisas erradas que fizemos. Assumir novos prop\u00f3sitos em vista de um mundo sustent\u00e1vel, ancorado na solidariedade entre todos os povos.<\/p>\n<p style=\"text-align: justify\">Vamos trabalhar para mudar nossa consci\u00eancia, nossos h\u00e1bitos e atitudes! O tempo favor\u00e1vel para a convers\u00e3o \u00e9 agora.<\/p>\n","protected":false},"excerpt":{"rendered":"<p>Dom Can\u00edsio Klaus Bispo de Santa Cruz do Sul Quaresma \u00e9 tempo de convers\u00e3o: \u201cConvertei-vos e crede no Evangelho\u201d. Em 2011, a Igreja no Brasil nos convida a uma convers\u00e3o ecol\u00f3gica, a partir da reflex\u00e3o sobre a Vida no Planeta Terra. A convers\u00e3o ecol\u00f3gica implica num esfor\u00e7o consciente e organizado na defesa da vida. Implica &hellip;<\/p>\n<p class=\"read-more\"> <a class=\"\" href=\"https:\/\/www.cnbb.org.br\/conversao-ecologica\/\"> <span class=\"screen-reader-text\">Convers\u00e3o Ecol\u00f3gica<\/span> Leia mais &raquo;<\/a><\/p>\n","protected":false},"author":83,"featured_media":0,"comment_status":"open","ping_status":"open","sticky":false,"template":"","format":"standard","meta":{"site-sidebar-layout":"default","site-content-layout":"default","ast-global-header-display":"","ast-banner-title-visibility":"","ast-main-header-display":"","ast-hfb-above-header-display":"","ast-hfb-below-header-display":"","ast-hfb-mobile-header-display":"","site-post-title":"","ast-breadcrumbs-content":"","ast-featured-img":"","footer-sml-layout":"","theme-transparent-header-meta":"","adv-header-id-meta":"","stick-header-meta":"","header-above-stick-meta":"","header-main-stick-meta":"","header-below-stick-meta":""},"categories":[758],"tags":[],"acf":[],"_links":{"self":[{"href":"https:\/\/www.cnbb.org.br\/cnbb-app\/wp\/v2\/posts\/12918"}],"collection":[{"href":"https:\/\/www.cnbb.org.br\/cnbb-app\/wp\/v2\/posts"}],"about":[{"href":"https:\/\/www.cnbb.org.br\/cnbb-app\/wp\/v2\/types\/post"}],"author":[{"embeddable":true,"href":"https:\/\/www.cnbb.org.br\/cnbb-app\/wp\/v2\/users\/83"}],"replies":[{"embeddable":true,"href":"https:\/\/www.cnbb.org.br\/cnbb-app\/wp\/v2\/comments?post=12918"}],"version-history":[{"count":0,"href":"https:\/\/www.cnbb.org.br\/cnbb-app\/wp\/v2\/posts\/12918\/revisions"}],"wp:attachment":[{"href":"https:\/\/www.cnbb.org.br\/cnbb-app\/wp\/v2\/media?parent=12918"}],"wp:term":[{"taxonomy":"category","embeddable":true,"href":"https:\/\/www.cnbb.org.br\/cnbb-app\/wp\/v2\/categories?post=12918"},{"taxonomy":"post_tag","embeddable":true,"href":"https:\/\/www.cnbb.org.br\/cnbb-app\/wp\/v2\/tags?post=12918"}],"curies":[{"name":"wp","href":"https:\/\/api.w.org\/{rel}","templated":true}]}}