{"id":12919,"date":"2011-03-18T00:00:00","date_gmt":"2011-03-18T03:00:00","guid":{"rendered":"https:\/\/www.cnbb.org.br\/mude-de-religiao-enquanto-e-tempo\/"},"modified":"2011-03-18T00:00:00","modified_gmt":"2011-03-18T03:00:00","slug":"mude-de-religiao-enquanto-e-tempo","status":"publish","type":"post","link":"https:\/\/www.cnbb.org.br\/mude-de-religiao-enquanto-e-tempo\/","title":{"rendered":"Mude de religi\u00e3o enquanto \u00e9 tempo&#8230;"},"content":{"rendered":"<h4 style=\"text-align: right\">Dom Redovino Rizzardo, cs<\/h4>\n<h4 style=\"text-align: right\">Bispo de Dourados &#8211; MS<\/h4>\n<p style=\"text-align: justify\">No dia 11 de fevereiro de 2011, a C\u00e2mara dos Vereadores de Dourados se reuniu para eleger um novo presidente. Era uma sexta-feira \u00e0 noite, o que fez com que um deles n\u00e3o comparecesse ao ato. O motivo alegado n\u00e3o deixou de chamar a aten\u00e7\u00e3o: sendo membro da Igreja Adventista do S\u00e9timo Dia, era-lhe proibido exercer atividades profissionais entre o p\u00f4r do sol de sexta-feira e do s\u00e1bado.<\/p>\n<p>  <!--more-->  <\/p>\n<p style=\"text-align: justify\">Nada de anormal que algu\u00e9m tenha e pratique uma religi\u00e3o, sobretudo quando a coloca a servi\u00e7o da vida, da fraternidade e do bem comum. A d\u00favida surge quando, por motivos religiosos, se tomam \u2013 ou se deixam de tomar \u2013 pr\u00e1ticas e a\u00e7\u00f5es das quais depende o bem do indiv\u00edduo e da sociedade.<\/p>\n<p style=\"text-align: justify\">No dia 16 de fevereiro, um jornal local debatia o assunto numa reportagem intitulada: \u201cElei\u00e7\u00e3o amea\u00e7ada\u201d! Nela, o autor punha em d\u00favida a validade da elei\u00e7\u00e3o do Presidente \u00abpor n\u00e3o ter conquistado o voto da maioria dos integrantes da Casa de Leis\u00bb e por ter sido (o citado vereador) \u00abimpedido de participar da vota\u00e7\u00e3o por quest\u00f5es religiosas, j\u00e1 que, na condi\u00e7\u00e3o de membro da Igreja Adventista do S\u00e9timo Dia, ele estaria impedido de trabalhar ou fazer qualquer tipo de atividade ap\u00f3s o p\u00f4r do sol de sexta-feira. Assim, o vereador pode pedir a anula\u00e7\u00e3o da sess\u00e3o extraordin\u00e1ria e exigir uma nova sess\u00e3o, em data e hor\u00e1rio compat\u00edveis com a religi\u00e3o e a f\u00e9 que ele professa\u00bb.<\/p>\n<p style=\"text-align: justify\">Fico me perguntando o que sucederia no Brasil se todos os cat\u00f3licos agissem da mesma maneira e se negassem a trabalhar aos domingos! E se isso acontecesse, como se comportariam os empres\u00e1rios que colocam o lucro acima de quaisquer outros valores?!<\/p>\n<p style=\"text-align: justify\">Contudo, a bem da verdade, devo reconhecer que muita coisa melhoria nas fam\u00edlias e na sociedade se nos deix\u00e1ssemos guiar por uma religi\u00e3o bem entendida.<\/p>\n<p style=\"text-align: justify\">Mas, o que significa uma religi\u00e3o bem entendida? Dou a palavra a algu\u00e9m que sabe expressar-se melhor do que eu, o te\u00f3logo e escritor espanhol, Pe. Jos\u00e9 Ant\u00f4nio Pagola: \u00abNenhum setor judaico discute com Jesus sobre a bondade de Deus, sua proximidade ou sua a\u00e7\u00e3o libertadora. Todos creem no mesmo Deus. A diferen\u00e7a est\u00e1 em que os dirigentes religiosos daquele povo associam Deus com o seu sistema religioso, e n\u00e3o tanto com a felicidade e a vida das pessoas. A primeira coisa e a mais importante para eles \u00e9 dar gl\u00f3ria a Deus observando a lei, respeitando o s\u00e1bado e assegurando o culto do templo. Jesus, pelo contr\u00e1rio, associa Deus com a vida: a primeira coisa e a mais importante para ele \u00e9 que os filhos e filhas de Deus desfrutem da vida de maneira justa e digna. Os setores mais religiosos sentem-se urgidos por Deus a cuidar da religi\u00e3o do templo e do cumprimento da lei. Jesus, pelo contr\u00e1rio, sente-se enviado para promover a justi\u00e7a de Deus e a sua miseric\u00f3rdia\u00bb.<\/p>\n<p style=\"text-align: justify\">Ao comentar a cena do \u201cJu\u00edzo Final\u201d, assim como \u00e9 apresentado por Jesus, o mesmo autor apresenta uma interpreta\u00e7\u00e3o que p\u00f5e em cheque o conceito de religi\u00e3o assim como \u00e9 visto pela maioria das pessoas que se consideram fi\u00e9is e praticantes: \u00abOs que s\u00e3o declarados \u201cbenditos do Pai\u201d n\u00e3o agiram por motivos religiosos, mas por compaix\u00e3o. N\u00e3o \u00e9 sua religi\u00e3o nem a ades\u00e3o expl\u00edcita a Jesus que os leva ao reino de Deus, mas sua ajuda aos necessitados. O caminho que conduz a Deus n\u00e3o passa necessariamente pela religi\u00e3o, pelo culto ou pela confiss\u00e3o de f\u00e9, mas pela compaix\u00e3o para com os \u201cirm\u00e3os pequenos\u201d. Podemos dizer, sem medo de equivocar-nos, que a \u201cgrande revolu\u00e7\u00e3o religiosa\u201d levada a cabo por Jesus \u00e9 ter aberto outra via de acesso a Deus, diferente do sagrado: a ajuda ao irm\u00e3o necessitado. A religi\u00e3o n\u00e3o det\u00e9m o monop\u00f3lio da salva\u00e7\u00e3o; o caminho mais acertado \u00e9 a ajuda ao necessitado. Por ele caminham muitos homens e mulheres que n\u00e3o conheceram Jesus\u00bb.<\/p>\n<p style=\"text-align: justify\">De per si, n\u00e3o \u00e9 nenhuma novidade, se j\u00e1 S\u00e3o Tiago esclarecia que \u00abuma religi\u00e3o \u00e9 boa e v\u00e1lida diante de Deus se sabe socorrer os \u00f3rf\u00e3os e as vi\u00favas \u2013 as duas classes mais exclu\u00eddas da \u00e9poca \u2013 e se manter livre da corrup\u00e7\u00e3o do mundo\u00bb (Tg 1,27).<\/p>\n<p style=\"text-align: justify\">Para saber, portanto, da qualidade de sua f\u00e9 religiosa, observe se ela lhe d\u00e1 a for\u00e7a e a alegria de que precisa para se libertar da \u201ccorrup\u00e7\u00e3o do mundo\u201d e para fazer seu o projeto de Jesus: \u00abReunir os filhos de Deus dispersos\u00bb (Jo 11,52), \u00abpara que todos tenham vida plena e vigorosa\u00bb (Jo 10,10).<\/p>\n","protected":false},"excerpt":{"rendered":"<p>Dom Redovino Rizzardo, cs Bispo de Dourados &#8211; MS No dia 11 de fevereiro de 2011, a C\u00e2mara dos Vereadores de Dourados se reuniu para eleger um novo presidente. Era uma sexta-feira \u00e0 noite, o que fez com que um deles n\u00e3o comparecesse ao ato. O motivo alegado n\u00e3o deixou de chamar a aten\u00e7\u00e3o: sendo &hellip;<\/p>\n<p class=\"read-more\"> <a class=\"\" href=\"https:\/\/www.cnbb.org.br\/mude-de-religiao-enquanto-e-tempo\/\"> <span class=\"screen-reader-text\">Mude de religi\u00e3o enquanto \u00e9 tempo&#8230;<\/span> Leia mais &raquo;<\/a><\/p>\n","protected":false},"author":83,"featured_media":0,"comment_status":"open","ping_status":"open","sticky":false,"template":"","format":"standard","meta":{"site-sidebar-layout":"default","site-content-layout":"default","ast-global-header-display":"","ast-banner-title-visibility":"","ast-main-header-display":"","ast-hfb-above-header-display":"","ast-hfb-below-header-display":"","ast-hfb-mobile-header-display":"","site-post-title":"","ast-breadcrumbs-content":"","ast-featured-img":"","footer-sml-layout":"","theme-transparent-header-meta":"","adv-header-id-meta":"","stick-header-meta":"","header-above-stick-meta":"","header-main-stick-meta":"","header-below-stick-meta":""},"categories":[758],"tags":[],"acf":[],"_links":{"self":[{"href":"https:\/\/www.cnbb.org.br\/cnbb-app\/wp\/v2\/posts\/12919"}],"collection":[{"href":"https:\/\/www.cnbb.org.br\/cnbb-app\/wp\/v2\/posts"}],"about":[{"href":"https:\/\/www.cnbb.org.br\/cnbb-app\/wp\/v2\/types\/post"}],"author":[{"embeddable":true,"href":"https:\/\/www.cnbb.org.br\/cnbb-app\/wp\/v2\/users\/83"}],"replies":[{"embeddable":true,"href":"https:\/\/www.cnbb.org.br\/cnbb-app\/wp\/v2\/comments?post=12919"}],"version-history":[{"count":0,"href":"https:\/\/www.cnbb.org.br\/cnbb-app\/wp\/v2\/posts\/12919\/revisions"}],"wp:attachment":[{"href":"https:\/\/www.cnbb.org.br\/cnbb-app\/wp\/v2\/media?parent=12919"}],"wp:term":[{"taxonomy":"category","embeddable":true,"href":"https:\/\/www.cnbb.org.br\/cnbb-app\/wp\/v2\/categories?post=12919"},{"taxonomy":"post_tag","embeddable":true,"href":"https:\/\/www.cnbb.org.br\/cnbb-app\/wp\/v2\/tags?post=12919"}],"curies":[{"name":"wp","href":"https:\/\/api.w.org\/{rel}","templated":true}]}}