{"id":12920,"date":"2011-03-20T00:00:00","date_gmt":"2011-03-20T03:00:00","guid":{"rendered":"https:\/\/www.cnbb.org.br\/este-e-o-meu-filho-amado\/"},"modified":"2011-03-20T00:00:00","modified_gmt":"2011-03-20T03:00:00","slug":"este-e-o-meu-filho-amado","status":"publish","type":"post","link":"https:\/\/www.cnbb.org.br\/este-e-o-meu-filho-amado\/","title":{"rendered":"Este \u00e9 o Meu Filho amado"},"content":{"rendered":"<h4 style=\"text-align: right\">Dom Orani Jo\u00e3o Tempesta, O. Cist.<\/h4>\n<h4 style=\"text-align: right\">Arcebispo Metropolitano de S\u00e3o Sebasti\u00e3o do Rio de Janeiro, RJ<\/h4>\n<p style=\"text-align: justify\">Que bom seria se as cinzas que foram impostas sobre nossas cabe\u00e7as tivessem se tornado um forte sinal de sincero reconhecimento da necessidade da convers\u00e3o em nossas vidas despertando o torpor da nossa f\u00e9 e colocando em nosso cora\u00e7\u00e3o o fervor, a disposi\u00e7\u00e3o, e a incandesc\u00eancia que purifica e renova.<\/p>\n<p>  <!--more-->  <\/p>\n<p style=\"text-align: justify\">Que bom seria se a mortifica\u00e7\u00e3o desta primeira semana reavivasse a nossa f\u00e9 e nos fizesse prontos para reconhecer os becos sem sa\u00edda dos nossos atalhos para chegar ao caminho promissor do Evangelho. Do deserto da tenta\u00e7\u00e3o, a liturgia nos faz dar um salto at\u00e9 o Tabor, o monte da Transfigura\u00e7\u00e3o. Um salto importante, porque nos faz saborear uma antecipa\u00e7\u00e3o da meta para a qual caminhamos.<\/p>\n<p style=\"text-align: justify\">Esse &#8220;salto espiritual&#8221; do deserto ao Tabor nos coloca diante dos olhos um Evangelho que d\u00e1 nova luz \u00e0quela imagem cinzenta escura e \u00e0s vezes mofada que alguns t\u00eam da Quaresma, e que pode ter se instalado em nosso imagin\u00e1rio espiritual. A aut\u00eantica mortifica\u00e7\u00e3o quaresmal \u00e9 para a vivifica\u00e7\u00e3o e n\u00e3o para a tristeza. Se me mortifiquei \u00e9 para fazer crescer a vida do Esp\u00edrito em mim: \u00e9 porque eu preciso dizer uns &#8220;n\u00e3o&#8221; para ampliar o cora\u00e7\u00e3o a alguns &#8220;sim&#8221; maiores e mais maduros; \u00e9 porque em mim existe algo que deve morrer para poder dar frutos.<\/p>\n<p style=\"text-align: justify\">Pedro, Tiago e Jo\u00e3o s\u00e3o conduzidos por seu Rabi para a parte superior do Tabor. Deveriam estar subindo pensativos, pois o an\u00fancio da Paix\u00e3o feito seis dias antes apertava os seus cora\u00e7\u00f5es. A palavra de Jesus sobre o seu futuro de paix\u00e3o, de morte e ressurrei\u00e7\u00e3o permaneceu indigesta. N\u00e3o entendem, mas p\u00f5em a confian\u00e7a no Mestre. N\u00e3o entendem, mas caminham sobre seus passos. N\u00e3o entendem, mas sabem que devem estar nos passos de Jesus.<\/p>\n<p style=\"text-align: justify\">Enquanto sobem ao Tabor, os pensamentos est\u00e3o em turbul\u00eancia: confus\u00e3o, des\u00e2nimo, trevas.\u00a0 A respira\u00e7\u00e3o mais curta da subida marca o ritmo de um milh\u00e3o de pensamentos que se chocam no cora\u00e7\u00e3o e na mente.<\/p>\n<p style=\"text-align: justify\">E de repente, para romper a escurid\u00e3o que os disc\u00edpulos trazem dentro de si, eis uma luz: um \u201cflash\u201d de beleza! Os olhos est\u00e3o abertos e o cora\u00e7\u00e3o bate a mil. Pedro, Tiago e Jo\u00e3o receberam o dom de assistir a uma antecipa\u00e7\u00e3o da gl\u00f3ria da Ressurrei\u00e7\u00e3o. Jesus revela a outra face do seu mist\u00e9rio: n\u00e3o s\u00f3 a Cruz, mas tamb\u00e9m a gl\u00f3ria. Jesus abre seus olhos para reconhecer a sua beleza, para revelar a sua identidade.<\/p>\n<p style=\"text-align: justify\">O Sumo Pont\u00edfice Bento XVI, que nesta semana reflete acerca da santidade do seu Vener\u00e1vel Predecessor, o Servo de Deus Jo\u00e3o Paulo, nos fala, em sua mensagem quaresmal, sobre a Transfigura\u00e7\u00e3o: \u201cO Evangelho da Transfigura\u00e7\u00e3o do Senhor p\u00f5e diante dos nossos olhos a gl\u00f3ria de Cristo, que antecipa a ressurrei\u00e7\u00e3o e que anuncia a diviniza\u00e7\u00e3o do homem. A comunidade crist\u00e3 toma consci\u00eancia de ser conduzida, como os ap\u00f3stolos Pedro, Tiago e Jo\u00e3o, \u00abem particular, a um alto monte\u00bb (Mt 17, 1), para acolher de novo em Cristo, como filhos no Filho, o dom da Gra\u00e7a de Deus: \u00abEste \u00e9 o Meu Filho muito amado: n\u2019Ele pus todo o Meu enlevo. Escutai-O\u201d (v. 5).<\/p>\n<p style=\"text-align: justify\">N\u00f3s vos pedimos, Senhor Jesus, nos iluminar com a luz da vossa beleza. Na companhia de Pedro, Tiago e Jo\u00e3o, contemplando o vosso rosto transfigurado com amor. N\u00e3o queirais jamais nos deixar sozinhos, pois sabeis que somos debilitados e fr\u00e1geis. V\u00f3s conheceis as nossas fatigas e nos chamastes para v\u00f3s para nos dar for\u00e7a e coragem com a vossa Palavra e o vosso P\u00e3o de vida. Fazei que, mesmo em meio a lutas di\u00e1rias, nunca nos sintamos sozinhos e que a mem\u00f3ria da vossa beleza n\u00e3o permita vacilar o nosso cora\u00e7\u00e3o para as ilus\u00f5es e falsas promessas do mundo. Com a for\u00e7a do Esp\u00edrito de Santidade, guiai-nos no nosso caminho quaresmal de convers\u00e3o. Maria, acrescente o que falta \u00e0s nossas ora\u00e7\u00f5es. Am\u00e9m!<\/p>\n","protected":false},"excerpt":{"rendered":"<p>Dom Orani Jo\u00e3o Tempesta, O. Cist. Arcebispo Metropolitano de S\u00e3o Sebasti\u00e3o do Rio de Janeiro, RJ Que bom seria se as cinzas que foram impostas sobre nossas cabe\u00e7as tivessem se tornado um forte sinal de sincero reconhecimento da necessidade da convers\u00e3o em nossas vidas despertando o torpor da nossa f\u00e9 e colocando em nosso cora\u00e7\u00e3o &hellip;<\/p>\n<p class=\"read-more\"> <a class=\"\" href=\"https:\/\/www.cnbb.org.br\/este-e-o-meu-filho-amado\/\"> <span class=\"screen-reader-text\">Este \u00e9 o Meu Filho amado<\/span> Leia mais &raquo;<\/a><\/p>\n","protected":false},"author":83,"featured_media":0,"comment_status":"open","ping_status":"open","sticky":false,"template":"","format":"standard","meta":{"site-sidebar-layout":"default","site-content-layout":"default","ast-global-header-display":"","ast-banner-title-visibility":"","ast-main-header-display":"","ast-hfb-above-header-display":"","ast-hfb-below-header-display":"","ast-hfb-mobile-header-display":"","site-post-title":"","ast-breadcrumbs-content":"","ast-featured-img":"","footer-sml-layout":"","theme-transparent-header-meta":"","adv-header-id-meta":"","stick-header-meta":"","header-above-stick-meta":"","header-main-stick-meta":"","header-below-stick-meta":""},"categories":[758],"tags":[],"acf":[],"_links":{"self":[{"href":"https:\/\/www.cnbb.org.br\/cnbb-app\/wp\/v2\/posts\/12920"}],"collection":[{"href":"https:\/\/www.cnbb.org.br\/cnbb-app\/wp\/v2\/posts"}],"about":[{"href":"https:\/\/www.cnbb.org.br\/cnbb-app\/wp\/v2\/types\/post"}],"author":[{"embeddable":true,"href":"https:\/\/www.cnbb.org.br\/cnbb-app\/wp\/v2\/users\/83"}],"replies":[{"embeddable":true,"href":"https:\/\/www.cnbb.org.br\/cnbb-app\/wp\/v2\/comments?post=12920"}],"version-history":[{"count":0,"href":"https:\/\/www.cnbb.org.br\/cnbb-app\/wp\/v2\/posts\/12920\/revisions"}],"wp:attachment":[{"href":"https:\/\/www.cnbb.org.br\/cnbb-app\/wp\/v2\/media?parent=12920"}],"wp:term":[{"taxonomy":"category","embeddable":true,"href":"https:\/\/www.cnbb.org.br\/cnbb-app\/wp\/v2\/categories?post=12920"},{"taxonomy":"post_tag","embeddable":true,"href":"https:\/\/www.cnbb.org.br\/cnbb-app\/wp\/v2\/tags?post=12920"}],"curies":[{"name":"wp","href":"https:\/\/api.w.org\/{rel}","templated":true}]}}