{"id":12921,"date":"2011-03-18T00:00:00","date_gmt":"2011-03-18T03:00:00","guid":{"rendered":"https:\/\/www.cnbb.org.br\/tempo-de-oracao\/"},"modified":"2011-03-18T00:00:00","modified_gmt":"2011-03-18T03:00:00","slug":"tempo-de-oracao","status":"publish","type":"post","link":"https:\/\/www.cnbb.org.br\/tempo-de-oracao\/","title":{"rendered":"Tempo de Ora\u00e7\u00e3o"},"content":{"rendered":"<h4 style=\"text-align: right\">Dom Orani Jo\u00e3o Tempesta, O. Cist.<\/h4>\n<h4 style=\"text-align: right\">Arcebispo Metropolitano de S\u00e3o Sebasti\u00e3o do Rio de Janeiro, RJ<\/h4>\n<p style=\"text-align: justify\">Uma das pr\u00e1ticas pedidas para realizarmos na Quaresma \u00e9 a ora\u00e7\u00e3o. Escutamos isso desde a Quarta-feira de Cinzas. Entramos neste tempo de \u201cdeserto\u201d para o encontro com o Senhor e para aprender a n\u00e3o cair na tenta\u00e7\u00e3o e buscar uma vida de verdadeira convers\u00e3o. Somos convidados por Jesus a experimentar a delicadeza do sil\u00eancio, a busc\u00e1-Lo pela ora\u00e7\u00e3o.<\/p>\n<p>  <!--more-->  <\/p>\n<p style=\"text-align: justify\">Necessitamos de orar sem cessar. Somos chamados a viver uma vida de ora\u00e7\u00e3o. O tempo da Quaresma, portanto, quer nos ajudar a reavivar a nossa vida orante, retomando a nossa inicia\u00e7\u00e3o crist\u00e3 que sup\u00f5e tamb\u00e9m a inicia\u00e7\u00e3o \u00e0 ora\u00e7\u00e3o. Como estamos neste tempo de reavivar o dom da vida crist\u00e3o, da vida batismal, sup\u00f5e-se tamb\u00e9m retomar com mais afinco a vida de ora\u00e7\u00e3o. A quarta parte do Catecismo da Igreja Cat\u00f3lica trata justamente da \u201cora\u00e7\u00e3o crist\u00e3\u201d, o que sup\u00f5e que essa dimens\u00e3o deve estar presente em toda a nossa miss\u00e3o catequ\u00e9tica. Aproveitamos estes quarenta dias de retiro para aprofundar e retomar essa pr\u00e1tica com mais fervor.<\/p>\n<p style=\"text-align: justify\">Somente quem faz um salutar sil\u00eancio conseguir\u00e1 ouvir a voz de Deus, ouvir o que o Senhor tem a falar a cada um de n\u00f3s, buscando os dons do Santo Esp\u00edrito para discernir sobre o que \u00e9 fundamental na nossa intimidade com o Ressuscitado, que est\u00e1 presente no meio de n\u00f3s.<\/p>\n<p style=\"text-align: justify\">Esses dias dedicados \u00e0 incessante ora\u00e7\u00e3o, ao jejum, \u00e0 penit\u00eancia, \u00e0 esmola, a uma boa confiss\u00e3o sacramental, a viver refletindo os acontecimentos da salva\u00e7\u00e3o na via sacra e a nossa responsabilidade social com a Campanha da Fraternidade, conhecido como tempo quaresmal, \u00e9 um tempo favor\u00e1vel de convers\u00e3o, entendida principalmente como uma mudan\u00e7a de mente e cora\u00e7\u00e3o, centrando-se na presen\u00e7a de Deus no mundo. Por isso, viver este tempo favor\u00e1vel rezando \u00e9 se colocar no sil\u00eancio da presen\u00e7a do Senhor escutando-O e manifestando nosso cora\u00e7\u00e3o diante d\u2019Ele. Deixemos que nossa juventude espiritual se renove para preservar a alegria de caminhar com Cristo at\u00e9 o fim, de chegar at\u00e9 o fim da corrida, sempre com o entusiasmo de ser chamados por Cristo para este grande servi\u00e7o de viver e de anunciar o Evangelho da Salva\u00e7\u00e3o.<\/p>\n<p style=\"text-align: justify\">Agora \u00e9 tempo de estar atentos \u00e0 nossa vida espiritual, ao nosso ser com Cristo que ter\u00e1 como conseq\u00fc\u00eancia uma pr\u00e1tica mais coerente de vida crist\u00e3. Nesse sentido somos convidados incessantemente a orar e meditar sobre a Palavra de Deus. Nessa \u00e9poca de utilitarismo, passar um tempo em sil\u00eancio e medita\u00e7\u00e3o n\u00e3o \u00e9 tempo perdido, ao contr\u00e1rio, \u00e9 um tempo de saborear a presen\u00e7a de Deus pela medita\u00e7\u00e3o da Palavra que nos levar\u00e1 a aprofundar a nossa vida crist\u00e3, e com isso faremos uma inser\u00e7\u00e3o maior e mais proveitosa na vida em Cristo. Assim, estaremos ouvindo a voz da Igreja que nos chama \u00e0 convers\u00e3o e, consequentemente, \u00e0 miss\u00e3o.<\/p>\n<p style=\"text-align: justify\">Estar com Cristo \u00e9 tomar consci\u00eancia da import\u00e2ncia da ora\u00e7\u00e3o na sua vida para aprender a dedicar-se com generosidade ao Servi\u00e7o de Deus. Assim, para chegar \u00e0 intimidade e ao Servi\u00e7o do Senhor precisamos do sil\u00eancio de todo o pr\u00f3prio ser, o que requer zonas de sil\u00eancio efetivo e disciplina pessoal, que favore\u00e7am o contato com Deus. Sabemos como necessitamos dessa respira\u00e7\u00e3o, que \u00e9 rezar! Essa dimens\u00e3o orante faz parte de nossa inicia\u00e7\u00e3o crist\u00e3!<\/p>\n<p style=\"text-align: justify\">Nossa vida, neste tempo favor\u00e1vel de penit\u00eancia e de convers\u00e3o, deve ser um o\u00e1sis de ora\u00e7\u00e3o e de recolhimento. Mesmo que tenhamos que trabalhar nas mais variadas atividades, sempre devemos aproveitar neste tempo santo o sil\u00eancio de nosso labor, para que, fazendo um bom exame de consci\u00eancia, trilhemos o itiner\u00e1rio da convers\u00e3o e da mudan\u00e7a radical de vida.<\/p>\n<p style=\"text-align: justify\">Assim, nossa ora\u00e7\u00e3o e nosso retiro quaresmal produzir\u00e3o frutos abundantes, oferecendo os aux\u00edlios oportunos para realizarem tudo o que o Senhor espera de cada um de n\u00f3s, para bem da inteira Comunidade crist\u00e3.<\/p>\n<p style=\"text-align: justify\">Rezemos, assim, por todos os que sofrem as priva\u00e7\u00f5es dos desastres naturais, particularmente nas inten\u00e7\u00f5es do povo japon\u00eas que, al\u00e9m da nossa ora\u00e7\u00e3o, necessita do nosso gesto concreto de solidariedade e de partilha.<\/p>\n<p style=\"text-align: justify\">Que matriculados na escola de Jesus aprendamos a vencer as tenta\u00e7\u00f5es do ser, do poder, do orgulho, da autossufici\u00eancia. Eis o tempo favor\u00e1vel, eis o dia da Salva\u00e7\u00e3o! Aproximemo-nos do Senhor e, consequentemente, estaremos mais pr\u00f3ximos de nossos irm\u00e3os.<\/p>\n","protected":false},"excerpt":{"rendered":"<p>Dom Orani Jo\u00e3o Tempesta, O. Cist. Arcebispo Metropolitano de S\u00e3o Sebasti\u00e3o do Rio de Janeiro, RJ Uma das pr\u00e1ticas pedidas para realizarmos na Quaresma \u00e9 a ora\u00e7\u00e3o. Escutamos isso desde a Quarta-feira de Cinzas. Entramos neste tempo de \u201cdeserto\u201d para o encontro com o Senhor e para aprender a n\u00e3o cair na tenta\u00e7\u00e3o e buscar &hellip;<\/p>\n<p class=\"read-more\"> <a class=\"\" href=\"https:\/\/www.cnbb.org.br\/tempo-de-oracao\/\"> <span class=\"screen-reader-text\">Tempo de Ora\u00e7\u00e3o<\/span> Leia mais &raquo;<\/a><\/p>\n","protected":false},"author":83,"featured_media":0,"comment_status":"open","ping_status":"open","sticky":false,"template":"","format":"standard","meta":{"site-sidebar-layout":"default","site-content-layout":"default","ast-global-header-display":"","ast-banner-title-visibility":"","ast-main-header-display":"","ast-hfb-above-header-display":"","ast-hfb-below-header-display":"","ast-hfb-mobile-header-display":"","site-post-title":"","ast-breadcrumbs-content":"","ast-featured-img":"","footer-sml-layout":"","theme-transparent-header-meta":"","adv-header-id-meta":"","stick-header-meta":"","header-above-stick-meta":"","header-main-stick-meta":"","header-below-stick-meta":""},"categories":[758],"tags":[],"acf":[],"_links":{"self":[{"href":"https:\/\/www.cnbb.org.br\/cnbb-app\/wp\/v2\/posts\/12921"}],"collection":[{"href":"https:\/\/www.cnbb.org.br\/cnbb-app\/wp\/v2\/posts"}],"about":[{"href":"https:\/\/www.cnbb.org.br\/cnbb-app\/wp\/v2\/types\/post"}],"author":[{"embeddable":true,"href":"https:\/\/www.cnbb.org.br\/cnbb-app\/wp\/v2\/users\/83"}],"replies":[{"embeddable":true,"href":"https:\/\/www.cnbb.org.br\/cnbb-app\/wp\/v2\/comments?post=12921"}],"version-history":[{"count":0,"href":"https:\/\/www.cnbb.org.br\/cnbb-app\/wp\/v2\/posts\/12921\/revisions"}],"wp:attachment":[{"href":"https:\/\/www.cnbb.org.br\/cnbb-app\/wp\/v2\/media?parent=12921"}],"wp:term":[{"taxonomy":"category","embeddable":true,"href":"https:\/\/www.cnbb.org.br\/cnbb-app\/wp\/v2\/categories?post=12921"},{"taxonomy":"post_tag","embeddable":true,"href":"https:\/\/www.cnbb.org.br\/cnbb-app\/wp\/v2\/tags?post=12921"}],"curies":[{"name":"wp","href":"https:\/\/api.w.org\/{rel}","templated":true}]}}