{"id":12924,"date":"2011-03-18T00:00:00","date_gmt":"2011-03-18T03:00:00","guid":{"rendered":"https:\/\/www.cnbb.org.br\/declaracao-das-nacoes-unidas-para-o-dia-mundial-da-agua\/"},"modified":"2011-03-18T00:00:00","modified_gmt":"2011-03-18T03:00:00","slug":"declaracao-das-nacoes-unidas-para-o-dia-mundial-da-agua","status":"publish","type":"post","link":"https:\/\/www.cnbb.org.br\/declaracao-das-nacoes-unidas-para-o-dia-mundial-da-agua\/","title":{"rendered":"Declara\u00e7\u00e3o das Na\u00e7\u00f5es Unidas para o Dia Mundial da \u00c1gua"},"content":{"rendered":"<p style=\"text-align: justify\">Por ocasi\u00e3o do Dia Mundial da \u00c1gua, celebrado no dia 22, o alto comissariado das Na\u00e7\u00f5es Unidas divulgou uma declara\u00e7\u00e3o na qual ressalta o direito \u00e0 \u00e1gua e o melhoramento das condi\u00e7\u00f5es higi\u00eanicas como um direito humano universal. O documento foi elaborado pela especialista em \u00e1gua e saneamento, Catarina de Albuquerque; pela especialista em extrema pobreza, Magdalena Sep\u00falveda; e pela relatora para a habita\u00e7\u00e3o, Raquel Rolnik.<\/p>\n<p>  <!--more-->  <\/p>\n<p style=\"text-align: justify\">No documento est\u00e1 escrito que \u201ccom o aumento constante do n\u00famero de pessoas vivendo em centros urbanos, a falta de acesso seguro \u00e0 \u00e1gua pot\u00e1vel e a sistemas de saneamento b\u00e1sico nas cidades \u00e9 um fator de preocupa\u00e7\u00e3o permanente\u201d. O documento evidencia que quem n\u00e3o tem acesso a esses elementos, s\u00e3o os mesmos que vivem marginalizados, exclu\u00eddos e discriminados, explicando o fen\u00f4meno como resultado de decis\u00f5es pol\u00edticas que deslegitimam as suas exist\u00eancias e perpetuam o estado de pobreza.<\/p>\n<p style=\"text-align: justify\">\u201cPor ocasi\u00e3o do Dia Internacional da \u00c1gua desse ano, os especialistas das Na\u00e7\u00f5es Unidas convocam os Estados a tomarem medidas imediatas para cessar as viola\u00e7\u00f5es dos direitos humanos e para garantir que o acesso \u00e0 \u00e1gua pot\u00e1vel e ao saneamento b\u00e1sico sejam usufru\u00eddos por todos\u201d, destaca o documento da ONU.<\/p>\n<p style=\"text-align: justify\">Ainda segundo a ONU, \u201co mundo est\u00e1 se tornando cada vez mais urbano, j\u00e1 existem mais pessoas vivendo em cidades que nas zonas rurais. 40% desse crescimento \u00e9 feito a partir da forma\u00e7\u00e3o de favelas, inclu\u00eddas a\u00ed aquelas j\u00e1 estruturadas e as de estrutura\u00e7\u00e3o recente. Ambas s\u00e3o consideradas ilegais, e por isso, os Governos recusam-se a estender \u00e1gua encanada e saneamento b\u00e1sico aos seus moradores\u201d.<\/p>\n<p style=\"text-align: justify\">Contestando tal postura, a declara\u00e7\u00e3o afirma que \u201c\u00e1gua e saneamento b\u00e1sico s\u00e3o direitos humanos, os quais devem ser, portanto, garantidos a todos, sem discrimina\u00e7\u00e3o. Traz ainda o dado de que as pessoas que vivem na pobreza pagam mais por sistemas b\u00e1sicos que os cidad\u00e3os m\u00e9dios. O exemplo foi o de que uma pessoa que vive em um assentamento informal em Nair\u00f3bi (\u00c1frica) paga de cinco a sete vezes mais por um litro de \u00e1gua que um norte-americano de classe m\u00e9dia. Al\u00e9m disso, s\u00e3o obrigados a comprar \u00e1gua de vendedores informais, que oferecem a \u00e1gua de qualidade n\u00e3o comprovada, armazenando-as de maneira impr\u00f3pria.<\/p>\n","protected":false},"excerpt":{"rendered":"<p>Por ocasi\u00e3o do Dia Mundial da \u00c1gua, celebrado no dia 22, o alto comissariado das Na\u00e7\u00f5es Unidas divulgou uma declara\u00e7\u00e3o na qual ressalta o direito \u00e0 \u00e1gua e o melhoramento das condi\u00e7\u00f5es higi\u00eanicas como um direito humano universal. O documento foi elaborado pela especialista em \u00e1gua e saneamento, Catarina de Albuquerque; pela especialista em extrema &hellip;<\/p>\n<p class=\"read-more\"> <a class=\"\" href=\"https:\/\/www.cnbb.org.br\/declaracao-das-nacoes-unidas-para-o-dia-mundial-da-agua\/\"> <span class=\"screen-reader-text\">Declara\u00e7\u00e3o das Na\u00e7\u00f5es Unidas para o Dia Mundial da \u00c1gua<\/span> Leia mais &raquo;<\/a><\/p>\n","protected":false},"author":83,"featured_media":12925,"comment_status":"open","ping_status":"open","sticky":false,"template":"","format":"standard","meta":{"site-sidebar-layout":"default","site-content-layout":"default","ast-global-header-display":"","ast-banner-title-visibility":"","ast-main-header-display":"","ast-hfb-above-header-display":"","ast-hfb-below-header-display":"","ast-hfb-mobile-header-display":"","site-post-title":"","ast-breadcrumbs-content":"","ast-featured-img":"","footer-sml-layout":"","theme-transparent-header-meta":"","adv-header-id-meta":"","stick-header-meta":"","header-above-stick-meta":"","header-main-stick-meta":"","header-below-stick-meta":""},"categories":[758],"tags":[],"acf":[],"_links":{"self":[{"href":"https:\/\/www.cnbb.org.br\/cnbb-app\/wp\/v2\/posts\/12924"}],"collection":[{"href":"https:\/\/www.cnbb.org.br\/cnbb-app\/wp\/v2\/posts"}],"about":[{"href":"https:\/\/www.cnbb.org.br\/cnbb-app\/wp\/v2\/types\/post"}],"author":[{"embeddable":true,"href":"https:\/\/www.cnbb.org.br\/cnbb-app\/wp\/v2\/users\/83"}],"replies":[{"embeddable":true,"href":"https:\/\/www.cnbb.org.br\/cnbb-app\/wp\/v2\/comments?post=12924"}],"version-history":[{"count":0,"href":"https:\/\/www.cnbb.org.br\/cnbb-app\/wp\/v2\/posts\/12924\/revisions"}],"wp:featuredmedia":[{"embeddable":true,"href":"https:\/\/www.cnbb.org.br\/cnbb-app\/wp\/v2\/media\/12925"}],"wp:attachment":[{"href":"https:\/\/www.cnbb.org.br\/cnbb-app\/wp\/v2\/media?parent=12924"}],"wp:term":[{"taxonomy":"category","embeddable":true,"href":"https:\/\/www.cnbb.org.br\/cnbb-app\/wp\/v2\/categories?post=12924"},{"taxonomy":"post_tag","embeddable":true,"href":"https:\/\/www.cnbb.org.br\/cnbb-app\/wp\/v2\/tags?post=12924"}],"curies":[{"name":"wp","href":"https:\/\/api.w.org\/{rel}","templated":true}]}}