{"id":12926,"date":"2011-03-18T00:00:00","date_gmt":"2011-03-18T03:00:00","guid":{"rendered":"https:\/\/www.cnbb.org.br\/pastorais-e-organismos-discutem-os-rumos-das-pastorais-sociais-no-brasil\/"},"modified":"2011-03-18T00:00:00","modified_gmt":"2011-03-18T03:00:00","slug":"pastorais-e-organismos-discutem-os-rumos-das-pastorais-sociais-no-brasil","status":"publish","type":"post","link":"https:\/\/www.cnbb.org.br\/pastorais-e-organismos-discutem-os-rumos-das-pastorais-sociais-no-brasil\/","title":{"rendered":"Pastorais e Organismos discutem os rumos das Pastorais Sociais no Brasil"},"content":{"rendered":"<p style=\"text-align: justify\">A Reuni\u00e3o dos Coordenadores Nacionais das Pastorais Sociais, Organismos, Setor Mobilidade Humana e Comiss\u00e3o Episcopal Pastoral para a Caridade, Justi\u00e7a e Paz da CNBB, pautou, entre outros temas, os rumos das Pastorais Sociais nos pr\u00f3ximos anos. O encontro, que aconteceu entre os dias 17 e 18, no Mosteiro de S\u00e3o Bento, em Bras\u00edlia, discutiu a avalia\u00e7\u00e3o do quadri\u00eanio (2007-2011) e desafios que permanecem na Comiss\u00e3o; a proposta de cria\u00e7\u00e3o de um departamento de mobiliza\u00e7\u00e3o de recursos para a sustentabilidade das Pastorais e Organismos e a prepara\u00e7\u00e3o da 5\u00aa Semana Social Brasileira.<\/p>\n<p>  <!--more-->  <\/p>\n<p style=\"text-align: justify\"><img decoding=\"async\" loading=\"lazy\" class=\" alignright size-full wp-image-8845\" style=\"float: right\" alt=\"dom_pedro_stringhini_reuniao\" src=\"https:\/\/www.cnbb.org.br\/wp-content\/uploads\/2020\/03\/dom_pedro_stringhini_reuniao.jpg\" width=\"254\" height=\"250\" \/>O presidente da Comiss\u00e3o para a Caridade, Justi\u00e7a e Paz, dom Pedro Luiz Stringhini, fez uma avalia\u00e7\u00e3o das posi\u00e7\u00f5es das Pastorais Sociais nos \u00faltimos anos e afirmou que \u00e9 preciso continuar neste caminho para se discutir e apresentar propostas para quest\u00f5es pertinentes \u00e0 sociedade brasileira. \u201cPercebemos, nestes \u00faltimos anos, que conseguimos manter viva a chama e a for\u00e7a das Pastorais Sociais. Foi poss\u00edvel elaborar muitos subs\u00eddios neste tempo e pautar a sociedade para tem\u00e1ticas de interesse da na\u00e7\u00e3o; acredito que o caminho \u00e9 esse e devemos seguir assim para o bem da sociedade como um todo\u201d, apontou o presidente.<\/p>\n<p style=\"text-align: justify\">Questionado sobre as posi\u00e7\u00f5es adotadas pelas Pastorais Sociais, ele disse que a mesma deve continuar \u201ca vigil\u00e2ncia e a insist\u00eancia no di\u00e1logo com o Governo\u201d. Ele afirmou ainda que sempre devem ser buscados caminhos\u00a0 para o di\u00e1logo e o convencimento, quando necess\u00e1rio\u201d.<\/p>\n<p style=\"text-align: justify\"><img decoding=\"async\" loading=\"lazy\" class=\" alignleft size-full wp-image-8846\" style=\"float: left\" alt=\"dom_demetrio_reuniao\" src=\"https:\/\/www.cnbb.org.br\/wp-content\/uploads\/2020\/03\/dom_demetrio_reuniao.jpg\" width=\"266\" height=\"250\" \/>O membro da Comiss\u00e3o e presidente da C\u00e1ritas Brasileira, dom Luiz Dem\u00e9trio Valentini, apontou a Reuni\u00e3o como espa\u00e7o de di\u00e1logo para \u201cformar a identidade pr\u00f3pria das pastorais Sociais\u201d. Sobre a tem\u00e1tica das mudan\u00e7as clim\u00e1ticas, discuss\u00e3o central do 2\u00ba Simp\u00f3sio Mudan\u00e7as Clim\u00e1ticas e Justi\u00e7a Social, evento que aconteceu no Centro de Forma\u00e7\u00e3o Vicente Ca\u00f1as, no Jardim Ing\u00e1 (GO), entre os dias 14 e 16, dom Dem\u00e9trio disse que o papel das Pastorais Sociais \u00e9 valorizar essas discuss\u00f5es \u201cessenciais para a sobreviv\u00eancia do planeta e de seus habitantes\u201d. Ele sublinhou ainda que a humanidade deve acordar e \u201cassumir o primeiro mandato recebido de Deus, que \u00e9 cuidar da cria\u00e7\u00e3o\u201d.<\/p>\n<p style=\"text-align: justify\"><strong>5\u00aa Semana Social Brasileira<\/strong><\/p>\n<p style=\"text-align: justify\">Os temas discutidos na Reuni\u00e3o, segundo a assessora da Comiss\u00e3o para a Caridade, Justi\u00e7a e Paz da CNBB, irm\u00e3 Delci Franzen, ser\u00e3o as linhas de debate da 5\u00aa Semana Social Brasileira, que dever\u00e1 ter in\u00edcio em agosto deste ano e seguir at\u00e9 novembro de 2012, quando acontece a \u201cGrande Semana Social\u201d. A partir das discuss\u00f5es em torno da democracia participativa, o evento dever\u00e1 pautar debates que apontem caminhos para\u00a0 a reforma pol\u00edtica brasileira. \u201cDentro deste grande debate n\u00f3s vamos discutir uma reforma pol\u00edtica profunda e n\u00e3o s\u00f3 uma reforma partid\u00e1ria, eleitoral, mas uma reforma que possa regulamentar, inclusive, o artigo 14 da Constitui\u00e7\u00e3o, que trata justamente dos espa\u00e7os participat\u00f3rios: referendo, plebiscito entre outros que ainda est\u00e3o por ser regulamentados\u201d, completou a assessora.<\/p>\n","protected":false},"excerpt":{"rendered":"<p>A Reuni\u00e3o dos Coordenadores Nacionais das Pastorais Sociais, Organismos, Setor Mobilidade Humana e Comiss\u00e3o Episcopal Pastoral para a Caridade, Justi\u00e7a e Paz da CNBB, pautou, entre outros temas, os rumos das Pastorais Sociais nos pr\u00f3ximos anos. O encontro, que aconteceu entre os dias 17 e 18, no Mosteiro de S\u00e3o Bento, em Bras\u00edlia, discutiu a &hellip;<\/p>\n<p class=\"read-more\"> <a class=\"\" href=\"https:\/\/www.cnbb.org.br\/pastorais-e-organismos-discutem-os-rumos-das-pastorais-sociais-no-brasil\/\"> <span class=\"screen-reader-text\">Pastorais e Organismos discutem os rumos das Pastorais Sociais no Brasil<\/span> Leia mais &raquo;<\/a><\/p>\n","protected":false},"author":83,"featured_media":10004,"comment_status":"open","ping_status":"open","sticky":false,"template":"","format":"standard","meta":{"site-sidebar-layout":"default","site-content-layout":"default","ast-global-header-display":"","ast-banner-title-visibility":"","ast-main-header-display":"","ast-hfb-above-header-display":"","ast-hfb-below-header-display":"","ast-hfb-mobile-header-display":"","site-post-title":"","ast-breadcrumbs-content":"","ast-featured-img":"","footer-sml-layout":"","theme-transparent-header-meta":"","adv-header-id-meta":"","stick-header-meta":"","header-above-stick-meta":"","header-main-stick-meta":"","header-below-stick-meta":""},"categories":[758],"tags":[],"acf":[],"_links":{"self":[{"href":"https:\/\/www.cnbb.org.br\/cnbb-app\/wp\/v2\/posts\/12926"}],"collection":[{"href":"https:\/\/www.cnbb.org.br\/cnbb-app\/wp\/v2\/posts"}],"about":[{"href":"https:\/\/www.cnbb.org.br\/cnbb-app\/wp\/v2\/types\/post"}],"author":[{"embeddable":true,"href":"https:\/\/www.cnbb.org.br\/cnbb-app\/wp\/v2\/users\/83"}],"replies":[{"embeddable":true,"href":"https:\/\/www.cnbb.org.br\/cnbb-app\/wp\/v2\/comments?post=12926"}],"version-history":[{"count":0,"href":"https:\/\/www.cnbb.org.br\/cnbb-app\/wp\/v2\/posts\/12926\/revisions"}],"wp:featuredmedia":[{"embeddable":true,"href":"https:\/\/www.cnbb.org.br\/cnbb-app\/wp\/v2\/media\/10004"}],"wp:attachment":[{"href":"https:\/\/www.cnbb.org.br\/cnbb-app\/wp\/v2\/media?parent=12926"}],"wp:term":[{"taxonomy":"category","embeddable":true,"href":"https:\/\/www.cnbb.org.br\/cnbb-app\/wp\/v2\/categories?post=12926"},{"taxonomy":"post_tag","embeddable":true,"href":"https:\/\/www.cnbb.org.br\/cnbb-app\/wp\/v2\/tags?post=12926"}],"curies":[{"name":"wp","href":"https:\/\/api.w.org\/{rel}","templated":true}]}}