{"id":12928,"date":"2011-03-21T00:00:00","date_gmt":"2011-03-21T03:00:00","guid":{"rendered":"https:\/\/www.cnbb.org.br\/em-defesa-da-vida-no-planeta-terra\/"},"modified":"2011-03-21T00:00:00","modified_gmt":"2011-03-21T03:00:00","slug":"em-defesa-da-vida-no-planeta-terra","status":"publish","type":"post","link":"https:\/\/www.cnbb.org.br\/em-defesa-da-vida-no-planeta-terra\/","title":{"rendered":"Em defesa da vida no planeta Terra"},"content":{"rendered":"<h4 style=\"text-align: right\">Dom Dimas Lara Barbosa<\/h4>\n<h4 style=\"text-align: right\">Bispo Auxiliar do Rio de Janeiro &#8211; RJ<\/h4>\n<p style=\"text-align: justify\">Mudan\u00e7as clim\u00e1ticas e aquecimento global. Essas s\u00e3o as duas colunas que sustentam o debate sobre a &#8220;vida no planeta&#8221;, proposto pela CNBB (Confer\u00eancia Nacional dos Bispos do Brasil) \u00e0s comunidades cat\u00f3licas e \u00e0 sociedade brasileira, por meio da Campanha da Fraternidade, que come\u00e7a hoje, na Quarta-Feira de Cinzas.<\/p>\n<p>  <!--more-->  <\/p>\n<p style=\"text-align: justify\">Sob esse prisma, todos s\u00e3o convidados a estender seu olhar sobre o planeta Terra e contemplar, para al\u00e9m de sua riqueza e de sua beleza, as amea\u00e7as que pairam sobre a vida nele existente sob as mais variadas formas, bem como as causas e os respons\u00e1veis pelo iminente risco de sua destrui\u00e7\u00e3o.<\/p>\n<p style=\"text-align: justify\">Ao apresentar esse tema, a Igreja tem consci\u00eancia da complexidade que o envolve e que, por isso mesmo, sob v\u00e1rios aspectos ainda exige aprofundamentos e debates.<\/p>\n<p style=\"text-align: justify\">Um fato, no entanto, \u00e9 incontest\u00e1vel: seja por causas naturais, seja por a\u00e7\u00e3o humana, o planeta Terra sofre profundas altera\u00e7\u00f5es e v\u00ea, como consequ\u00eancia, recair sobre si amea\u00e7as nunca antes imagin\u00e1veis.<\/p>\n<p style=\"text-align: justify\">\u00c9 fundamental que todos tomem consci\u00eancia disso e de sua pr\u00f3pria responsabilidade em defesa da vida, em suas variadas manifesta\u00e7\u00f5es, e da cria\u00e7\u00e3o como um todo.<\/p>\n<p style=\"text-align: justify\">O desenvolvimento a todo custo est\u00e1, certamente, por tr\u00e1s de muitas a\u00e7\u00f5es fatais para o ecossistema.<\/p>\n<p style=\"text-align: justify\">A Igreja n\u00e3o se op\u00f5e ao desenvolvimento, desde que respeite a natureza e possibilite a inclus\u00e3o social tamb\u00e9m para os pobres e exclu\u00eddos.<\/p>\n<p style=\"text-align: justify\">J\u00e1 o papa Bento 16, ao falar na 5\u00aa Confer\u00eancia Geral dos Bispos da Am\u00e9rica Latina e Caribe, reunidos em Aparecida, em 2007, lembrava que a subordina\u00e7\u00e3o da preserva\u00e7\u00e3o da natureza ao desenvolvimento econ\u00f4mico provoca &#8220;danos \u00e0 biodiversidade, com esgotamento das reservas de \u00e1gua e de outros recursos naturais, com a contamina\u00e7\u00e3o do ar e a mudan\u00e7a clim\u00e1tica&#8221;.<\/p>\n<p style=\"text-align: justify\">Nesse sentido, como n\u00e3o nos impressionar, por exemplo, com as estat\u00edsticas que apontam o desmatamento e as queimadas como causa de 50% das emiss\u00f5es de gases de efeito estufa no Brasil?<\/p>\n<p style=\"text-align: justify\">Nesse processo agressivo, os pobres s\u00e3o os mais vulner\u00e1veis. Por n\u00e3o terem outras op\u00e7\u00f5es de retirar da terra o pr\u00f3prio sustento, acabam se transferindo em massa para os grandes centros urbanos.<\/p>\n<p style=\"text-align: justify\">As hidrel\u00e9tricas, especialmente as que est\u00e3o previstas para a Amaz\u00f4nia, tamb\u00e9m devem fazer parte de nossas reflex\u00f5es e preocupa\u00e7\u00f5es. A necessidade de energia n\u00e3o pode justificar projetos que ignoram o meio ambiente, desalojam povos inteiros, matam culturas.<\/p>\n<p style=\"text-align: justify\">Aqui, vale o alerta do texto-base da Campanha: &#8220;A Amaz\u00f4nia, t\u00e3o valiosa para o pa\u00eds e para a humanidade, parece ser vista como um vazio demogr\u00e1fico e improdutivo que, ao menos, deve produzir energia, mesmo a despeito do alto custo para sua biodiversidade&#8221;.<\/p>\n<p style=\"text-align: justify\">Se quisermos salvar nosso planeta, precisamos nos lembrar de que &#8220;a sustentabilidade passa necessariamente por uma mudan\u00e7a de h\u00e1bitos nos padr\u00f5es de consumo, especialmente dos que gastam em demasia&#8221;. Isso requer uma convers\u00e3o do cora\u00e7\u00e3o, apelo permanente da Quaresma, tempo em que \u00e9 vivida de maneira mais forte a Campanha da Fraternidade.<\/p>\n<p style=\"text-align: justify\">Envoltos pela espiritualidade quaresmal, somos convidados a voltar o olhar para o ato criador. Ao contemplar sua obra, Deus viu que tudo &#8220;era muito bom&#8221; (cf. Gn 1,31) e confiou a n\u00f3s, seus filhos e filhas, o cuidado de todas as criaturas.<\/p>\n<p style=\"text-align: justify\">A Campanha da Fraternidade deste ano vem para nos lembrar desse dom e tarefa e nos alerta: &#8220;Nossa m\u00e3e Terra, Senhor, geme de dor noite e dia. Ser\u00e1 de parto essa dor ou simplesmente agonia? Vai depender s\u00f3 de n\u00f3s!&#8221;.<\/p>\n<p style=\"text-align: justify\"><em>Artigo publicado no dia 09 de mar\u00e7o na Folha de S\u00e3o Paulo<\/em><\/p>\n","protected":false},"excerpt":{"rendered":"<p>Dom Dimas Lara Barbosa Bispo Auxiliar do Rio de Janeiro &#8211; RJ Mudan\u00e7as clim\u00e1ticas e aquecimento global. Essas s\u00e3o as duas colunas que sustentam o debate sobre a &#8220;vida no planeta&#8221;, proposto pela CNBB (Confer\u00eancia Nacional dos Bispos do Brasil) \u00e0s comunidades cat\u00f3licas e \u00e0 sociedade brasileira, por meio da Campanha da Fraternidade, que come\u00e7a &hellip;<\/p>\n<p class=\"read-more\"> <a class=\"\" href=\"https:\/\/www.cnbb.org.br\/em-defesa-da-vida-no-planeta-terra\/\"> <span class=\"screen-reader-text\">Em defesa da vida no planeta Terra<\/span> Leia mais &raquo;<\/a><\/p>\n","protected":false},"author":83,"featured_media":0,"comment_status":"open","ping_status":"open","sticky":false,"template":"","format":"standard","meta":{"site-sidebar-layout":"default","site-content-layout":"default","ast-global-header-display":"","ast-banner-title-visibility":"","ast-main-header-display":"","ast-hfb-above-header-display":"","ast-hfb-below-header-display":"","ast-hfb-mobile-header-display":"","site-post-title":"","ast-breadcrumbs-content":"","ast-featured-img":"","footer-sml-layout":"","theme-transparent-header-meta":"","adv-header-id-meta":"","stick-header-meta":"","header-above-stick-meta":"","header-main-stick-meta":"","header-below-stick-meta":""},"categories":[758],"tags":[],"acf":[],"_links":{"self":[{"href":"https:\/\/www.cnbb.org.br\/cnbb-app\/wp\/v2\/posts\/12928"}],"collection":[{"href":"https:\/\/www.cnbb.org.br\/cnbb-app\/wp\/v2\/posts"}],"about":[{"href":"https:\/\/www.cnbb.org.br\/cnbb-app\/wp\/v2\/types\/post"}],"author":[{"embeddable":true,"href":"https:\/\/www.cnbb.org.br\/cnbb-app\/wp\/v2\/users\/83"}],"replies":[{"embeddable":true,"href":"https:\/\/www.cnbb.org.br\/cnbb-app\/wp\/v2\/comments?post=12928"}],"version-history":[{"count":0,"href":"https:\/\/www.cnbb.org.br\/cnbb-app\/wp\/v2\/posts\/12928\/revisions"}],"wp:attachment":[{"href":"https:\/\/www.cnbb.org.br\/cnbb-app\/wp\/v2\/media?parent=12928"}],"wp:term":[{"taxonomy":"category","embeddable":true,"href":"https:\/\/www.cnbb.org.br\/cnbb-app\/wp\/v2\/categories?post=12928"},{"taxonomy":"post_tag","embeddable":true,"href":"https:\/\/www.cnbb.org.br\/cnbb-app\/wp\/v2\/tags?post=12928"}],"curies":[{"name":"wp","href":"https:\/\/api.w.org\/{rel}","templated":true}]}}