{"id":12941,"date":"2011-03-24T00:00:00","date_gmt":"2011-03-24T03:00:00","guid":{"rendered":"https:\/\/www.cnbb.org.br\/justica-e-paz\/"},"modified":"2011-03-24T00:00:00","modified_gmt":"2011-03-24T03:00:00","slug":"justica-e-paz","status":"publish","type":"post","link":"https:\/\/www.cnbb.org.br\/justica-e-paz\/","title":{"rendered":"Justi\u00e7a e Paz"},"content":{"rendered":"<h4 style=\"text-align: right\">Dom Paulo Mendes Peixoto<\/h4>\n<h4 style=\"text-align: right\">Bispo de S\u00e3o Jos\u00e9 do Rio Preto &#8211; SP<\/h4>\n<p style=\"text-align: justify\">A fonte de todo bem tem sua maior solidez na justi\u00e7a e na paz. N\u00e3o existe verdadeira felicidade sem que todas as pessoas estejam vivendo bem, com dignidade e harmonia. Os conflitos e dificuldades fazem parte da constru\u00e7\u00e3o de um mundo novo.<\/p>\n<p>  <!--more-->  <\/p>\n<p style=\"text-align: justify\">Muitas coisas dificultam o di\u00e1logo e a aproxima\u00e7\u00e3o entre as pessoas. Uma delas, a mais forte, \u00e9 a opress\u00e3o nas diversas situa\u00e7\u00f5es, especialmente econ\u00f4mica, a fome, o distanciamento das condi\u00e7\u00f5es normais de sobreviv\u00eancia. Isto pode ser fruto de injusti\u00e7a, provocando a falta de paz.<\/p>\n<p style=\"text-align: justify\">\u00c9 interessante observar que a verdadeira f\u00e9 em Deus torna uma pessoa justa, mais solid\u00e1ria e comprometida com a paz. N\u00e3o pode ser uma f\u00e9 fundamentalista, que exclui quem n\u00e3o \u00e9 do mesmo pensamento e da mesma pr\u00e1tica de espiritualidade.<\/p>\n<p style=\"text-align: justify\">Falar de justi\u00e7a e paz \u00e9 falar do bem comum. Isto \u00e9 dif\u00edcil acontecer num mundo de viol\u00eancia, de individualismo e de falta de corresponsabilidade na condu\u00e7\u00e3o da sociedade. A pr\u00e1tica do mal \u00e9 muito forte, que at\u00e9 inabilita os bem intencionados de agir.<\/p>\n<p style=\"text-align: justify\">Pela falta de justi\u00e7a e paz, somos marcados por inseguran\u00e7a, pelo perigo e pelo cansa\u00e7o. Vivemos o clima de tens\u00f5es, de medo, de impossibilidade de sair das crises e problemas que nos atingem. \u00c9 a f\u00e9 em Deus que \u00e9 capaz de nos habilitar para a confian\u00e7a.<\/p>\n<p style=\"text-align: justify\">Somente a certeza da presen\u00e7a de Deus na hist\u00f3ria faz com que haja verdadeira liberta\u00e7\u00e3o, porque ele \u00e9 fonte de vida e oferece todos os recursos necess\u00e1rios para seus filhos. Deus \u00e9 fonte de justi\u00e7a e paz duradouras.<\/p>\n<p style=\"text-align: justify\">A quaresma \u00e9 um convite insistente para que sejamos novas criaturas. Isto significa entrar em outra condi\u00e7\u00e3o humana, de paz com Deus, de bem-estar e alegria. \u00c9 dimens\u00e3o pessoal que nos capacita para relacionamentos fraternos com o pr\u00f3ximo.<\/p>\n<p style=\"text-align: justify\">A justi\u00e7a e a paz fazem com que tenhamos harmonia conosco mesmos, com os outros, com a natureza e com Deus. \u00c9 a confirma\u00e7\u00e3o de uma esperan\u00e7a que n\u00e3o decepciona, a supera\u00e7\u00e3o de qualquer confus\u00e3o, tendo alicerce na certeza do amor.<\/p>\n","protected":false},"excerpt":{"rendered":"<p>Dom Paulo Mendes Peixoto Bispo de S\u00e3o Jos\u00e9 do Rio Preto &#8211; SP A fonte de todo bem tem sua maior solidez na justi\u00e7a e na paz. N\u00e3o existe verdadeira felicidade sem que todas as pessoas estejam vivendo bem, com dignidade e harmonia. Os conflitos e dificuldades fazem parte da constru\u00e7\u00e3o de um mundo novo.<\/p>\n","protected":false},"author":83,"featured_media":0,"comment_status":"open","ping_status":"open","sticky":false,"template":"","format":"standard","meta":{"site-sidebar-layout":"default","site-content-layout":"default","ast-global-header-display":"","ast-banner-title-visibility":"","ast-main-header-display":"","ast-hfb-above-header-display":"","ast-hfb-below-header-display":"","ast-hfb-mobile-header-display":"","site-post-title":"","ast-breadcrumbs-content":"","ast-featured-img":"","footer-sml-layout":"","theme-transparent-header-meta":"","adv-header-id-meta":"","stick-header-meta":"","header-above-stick-meta":"","header-main-stick-meta":"","header-below-stick-meta":""},"categories":[758],"tags":[],"acf":[],"_links":{"self":[{"href":"https:\/\/www.cnbb.org.br\/cnbb-app\/wp\/v2\/posts\/12941"}],"collection":[{"href":"https:\/\/www.cnbb.org.br\/cnbb-app\/wp\/v2\/posts"}],"about":[{"href":"https:\/\/www.cnbb.org.br\/cnbb-app\/wp\/v2\/types\/post"}],"author":[{"embeddable":true,"href":"https:\/\/www.cnbb.org.br\/cnbb-app\/wp\/v2\/users\/83"}],"replies":[{"embeddable":true,"href":"https:\/\/www.cnbb.org.br\/cnbb-app\/wp\/v2\/comments?post=12941"}],"version-history":[{"count":0,"href":"https:\/\/www.cnbb.org.br\/cnbb-app\/wp\/v2\/posts\/12941\/revisions"}],"wp:attachment":[{"href":"https:\/\/www.cnbb.org.br\/cnbb-app\/wp\/v2\/media?parent=12941"}],"wp:term":[{"taxonomy":"category","embeddable":true,"href":"https:\/\/www.cnbb.org.br\/cnbb-app\/wp\/v2\/categories?post=12941"},{"taxonomy":"post_tag","embeddable":true,"href":"https:\/\/www.cnbb.org.br\/cnbb-app\/wp\/v2\/tags?post=12941"}],"curies":[{"name":"wp","href":"https:\/\/api.w.org\/{rel}","templated":true}]}}