{"id":12975,"date":"2011-04-04T00:00:00","date_gmt":"2011-04-04T03:00:00","guid":{"rendered":"https:\/\/www.cnbb.org.br\/fukushima-nas-rotas-alteradas-um-desafio-a-migracao\/"},"modified":"2011-04-04T00:00:00","modified_gmt":"2011-04-04T03:00:00","slug":"fukushima-nas-rotas-alteradas-um-desafio-a-migracao","status":"publish","type":"post","link":"https:\/\/www.cnbb.org.br\/fukushima-nas-rotas-alteradas-um-desafio-a-migracao\/","title":{"rendered":"Fukushima \u2013 nas \u201crotas alteradas\u201d um desafio \u00e0 migra\u00e7\u00e3o"},"content":{"rendered":"<p style=\"text-align: justify\">\u201cPensem nas crian\u00e7as\/Mudas telep\u00e1ticas \/ Pensem nas meninas<\/p>\n<p style=\"text-align: justify\">Cegas inexatas\/ Pensem nas mulheres \/ Rotas alteradas.\u201d<\/p>\n<p>  <!--more-->  <\/p>\n<p style=\"text-align: justify\">N\u00e3o h\u00e1 meio de comunica\u00e7\u00e3o que n\u00e3o estivesse noticiando, nas \u00faltimas semanas, a cat\u00e1strofe que se abateu sobre o Jap\u00e3o. As imagens s\u00e3o fortes, indicam destrui\u00e7\u00e3o, mortos e uma usina nuclear se desfazendo. Contra as imagens n\u00e3o h\u00e1 o que dizer e, de fato, ficamos impactados com o volume da trag\u00e9dia e o sofrimento do povo. E frente aos efeitos da cat\u00e1strofe nuclear, todos n\u00f3s estamos correndo riscos de contamina\u00e7\u00e3o, tendo em vista que a nuvem radiativa formada a partir do desastre segue ao sabor dos ventos fazendo seu caminho.<\/p>\n<p style=\"text-align: justify\">Os n\u00fameros s\u00e3o inexatos \u2013 neste momento s\u00e3o mais de 8 mil mortos e quase 10 mil desaparecidos &#8211; porque divulgados com parcialidade e sempre incompletos. Mas \u00e9 preciso lembrar que o n\u00famero das v\u00edtimas diretas do terremoto\/tsunamis e desastre nuclear disputa espa\u00e7o com as not\u00edcias de que a Bolsa de Valores (o \u00edndice Nikkei) caiu assustadoramente nos \u00faltimos dias &#8211; mais de 10%, e as empresas japonesas amargam preju\u00edzos. O que os n\u00fameros n\u00e3o revelam \u00e9 o drama humano de vidas perdidas ou colocadas em extrema vulnerabilidade, fam\u00edlias que perderam quase todas as suas refer\u00eancias de uma vida sem tribula\u00e7\u00f5es: moradia, trabalho, acesso aos equipamentos p\u00fablicos, laser, vida religiosa&#8230; e que s\u00f3 lhes restou migrar para n\u00e3o morrer ou sofrer lentamente os impactos da invis\u00edvel, porem n\u00e3o menos danosa radia\u00e7\u00e3o.<\/p>\n<p style=\"text-align: justify\">O terremoto e os tsunamis est\u00e3o dentro da \u2018normalidade\u2019 geol\u00f3gica da regi\u00e3o, ainda que assuste a magnitude no tremor e o tamanho das ondas. Ainda assim podem ser enquadrados dentro dos riscos habituais que corre a popula\u00e7\u00e3o que vive numa \u00e1rea t\u00e3o inst\u00e1vel. O inexplic\u00e1vel \u00e9 sem d\u00favida alguma, a cat\u00e1strofe que se seguiu, com as explos\u00f5es e fal\u00eancia da usina nuclear de Fukushima. Ser\u00e1 mesmo inexplic\u00e1vel?<\/p>\n<p style=\"text-align: justify\">A escolha da matriz energ\u00e9tica \u00e9 uma a\u00e7\u00e3o do governo, foi uma op\u00e7\u00e3o entre outras! E as consequ\u00eancias decorrentes de falhas no funcionamento de qualquer uma delas tr\u00e1s algum tipo de consequ\u00eancia. Nas demais matrizes existentes (e\u00f3licas, das mar\u00e9s, solar, hidr\u00e1ulica, geot\u00e9rmica, etc.), as repercuss\u00f5es acabam circunscritas a uma regi\u00e3o ou na pior das hip\u00f3teses a um pa\u00eds. Contudo, n\u00e3o \u00e9 isso o que ocorre com um desastre nuclear, e Chernobyl j\u00e1 havia mostrado como \u00e9 incontrol\u00e1vel o processo de difus\u00e3o da radia\u00e7\u00e3o uma vez lan\u00e7ada na atmosfera. Engana-se quem imagina um \u00fanico ponto no c\u00e9u que viaja carregando a morte (a id\u00e9ia de nuvem). O que se tem \u00e9 um fluxo radioativo que, ao sabor dos ventos poder\u00e1 chegar a milhares de quil\u00f4metros do Jap\u00e3o.<\/p>\n<p style=\"text-align: justify\">Desde as primeiras not\u00edcias do desastre na usina nuclear, intensificou-se a movimenta\u00e7\u00e3o populacional na regi\u00e3o. Popula\u00e7\u00e3o que j\u00e1 estava sobre o impacto do terremoto\/tremores secund\u00e1rios e dos tsunamis que se seguiram. Mesmo que se tenha falado em \u00e1reas de exclus\u00e3o (espa\u00e7o para a forma\u00e7\u00e3o de um per\u00edmetro seguro), isso n\u00e3o significou redu\u00e7\u00e3o no sofrimento das pessoas ou a possibilidade de retomada da normalidade de suas vidas.<\/p>\n<p style=\"text-align: justify\">Os estrangeiros que viviam e trabalhavam na regi\u00e3o da trag\u00e9dia nuclear est\u00e3o sendo repatriados, com maior ou menor efici\u00eancia por seus pa\u00edses de origem. \u00c9 obvio que est\u00e3o deixando para tr\u00e1s empregos, projetos pessoais, sonhos e muitos sequer conseguir\u00e3o voltar ao Jap\u00e3o para retomar o caminho que vinham percorrendo. Em cada pa\u00eds \u00e9 preciso acompanhar de perto como e em que medida de prontid\u00e3o esse socorro humanit\u00e1rio est\u00e1 sendo prestado. Isso se agrava na medida em que a radia\u00e7\u00e3o avan\u00e7a sobre outras regi\u00f5es do Jap\u00e3o.<\/p>\n<p style=\"text-align: justify\">S\u00e3o em torno de 270.000 os brasileiros e brasileiras que vivem no Jap\u00e3o, trazer os que desejam voltar ao Brasil ou apoiar os que decidirem permanecer por l\u00e1, \u00e9 uma grande quest\u00e3o. Assegurar que seus direitos humanos sejam respeitados \u00e9 um desafio do qual n\u00e3o podemos fugir. A ajuda humanit\u00e1ria precisar\u00e1 se dar de forma diversificada e ao mesmo tempo precisar\u00e1 contar com as parcerias e colabora\u00e7\u00e3o que pudermos oferecer. Neste sentido cabem a\u00e7\u00f5es de organismos internacionais, governos e da sociedade civil, em favor de todos quantos, seja qual for a nacionalidade, estiverem expostos \u00e0s consequ\u00eancias destas cat\u00e1strofes, sejam elas naturais ou decorrentes da a\u00e7\u00e3o humana.<\/p>\n<p style=\"text-align: justify\">Iniciamos essa reflex\u00e3o com o poema \u201cRosa de Hirochima\u201d de Vinicius de Morais. Nele est\u00e3o refletidos alguns dos mais vulner\u00e1veis \u00e0 bomba at\u00f4mica: crian\u00e7as, meninas e mulheres. De fato, est\u00e3o fora deste poema os homens e os idosos. Durante a Grande Guerra Mundial os homens jovens e adultos estavam nos ex\u00e9rcitos e morriam nas batalhas, enquanto os idosos pereciam de fome, frio ou das in\u00fameras doen\u00e7as resultantes desta realidade. A aten\u00e7\u00e3o do poeta, foi colocada no futuro prejudicado por um presente de destrui\u00e7\u00e3o. A radia\u00e7\u00e3o penetra no interior das c\u00e9lulas, altera o DNA e por diversos caminhos destr\u00f3i a vida, seja por meio do c\u00e2ncer \u2013 em suas diversas formas, seja pela m\u00e1-forma\u00e7\u00e3o fetal. O curso da vida \u00e9 colocado em Xeque.<\/p>\n<p style=\"text-align: justify\">Al\u00e9m do desafio da solidariedade, temos outros apelos aos quais n\u00e3o podemos deixar de dar respostas, dentre eles destacamos tr\u00eas:<\/p>\n<p style=\"text-align: justify\">a)    A humanidade precisa realmente da matriz energ\u00e9tica baseada em metais radiativos a cuja exposi\u00e7\u00e3o, seja pela radia\u00e7\u00e3o emanada por uma usina defeituosa, seja a partir de res\u00edduos que por s\u00e9culos continuam ativos, produzem enfermidades e morte?<\/p>\n<p style=\"text-align: justify\">b)    Os sistemas de alerta para cat\u00e1strofes naturais precisam estar assegurados como um direito coletivo a ser implementado com uma efetiva pol\u00edtica p\u00fablica de seguran\u00e7a para toda a popula\u00e7\u00e3o. Junto com os sistemas preventivos, obviamente devem estar os mecanismos de amparo e prote\u00e7\u00e3o \u00e0s v\u00edtimas, inclusive assegurando-lhes todos os direitos fundamentais da pessoa humana. Como efetivar isto como pol\u00edtica de Estado, principalmente quando j\u00e1 se sabe do risco de aumento das cat\u00e1strofes em raz\u00e3o das mudan\u00e7as clim\u00e1ticas?<\/p>\n<p style=\"text-align: justify\">c)    A migra\u00e7\u00e3o for\u00e7ada por cat\u00e1strofes, sejam elas naturais e\/ou provocadas pela imprevid\u00eancia humana, notadamente dos governos e da especula\u00e7\u00e3o que transforma tudo em mercadoria, n\u00e3o precisa ser marcada pela perda de direitos e ruptura da pr\u00f3pria dignidade. A migra\u00e7\u00e3o, mesmo nestas circunst\u00e2ncias, n\u00e3o retira direitos ou obriga\u00e7\u00f5es cidad\u00e3s, mas exige um olhar que v\u00e1 al\u00e9m dos limites das pol\u00edticas estabelecidas e que supere qualquer outra forma de entrave que dificulte a assist\u00eancia, a acolhida e a garantia de direitos. De fato ser\u00e1 que n\u00e3o chegou a hora de pensarmos pr\u00e1 valer na cidadania universal?<\/p>\n","protected":false},"excerpt":{"rendered":"<p>\u201cPensem nas crian\u00e7as\/Mudas telep\u00e1ticas \/ Pensem nas meninas Cegas inexatas\/ Pensem nas mulheres \/ Rotas alteradas.\u201d<\/p>\n","protected":false},"author":83,"featured_media":12976,"comment_status":"open","ping_status":"open","sticky":false,"template":"","format":"standard","meta":{"site-sidebar-layout":"default","site-content-layout":"default","ast-global-header-display":"","ast-banner-title-visibility":"","ast-main-header-display":"","ast-hfb-above-header-display":"","ast-hfb-below-header-display":"","ast-hfb-mobile-header-display":"","site-post-title":"","ast-breadcrumbs-content":"","ast-featured-img":"","footer-sml-layout":"","theme-transparent-header-meta":"","adv-header-id-meta":"","stick-header-meta":"","header-above-stick-meta":"","header-main-stick-meta":"","header-below-stick-meta":""},"categories":[758],"tags":[],"acf":[],"_links":{"self":[{"href":"https:\/\/www.cnbb.org.br\/cnbb-app\/wp\/v2\/posts\/12975"}],"collection":[{"href":"https:\/\/www.cnbb.org.br\/cnbb-app\/wp\/v2\/posts"}],"about":[{"href":"https:\/\/www.cnbb.org.br\/cnbb-app\/wp\/v2\/types\/post"}],"author":[{"embeddable":true,"href":"https:\/\/www.cnbb.org.br\/cnbb-app\/wp\/v2\/users\/83"}],"replies":[{"embeddable":true,"href":"https:\/\/www.cnbb.org.br\/cnbb-app\/wp\/v2\/comments?post=12975"}],"version-history":[{"count":0,"href":"https:\/\/www.cnbb.org.br\/cnbb-app\/wp\/v2\/posts\/12975\/revisions"}],"wp:featuredmedia":[{"embeddable":true,"href":"https:\/\/www.cnbb.org.br\/cnbb-app\/wp\/v2\/media\/12976"}],"wp:attachment":[{"href":"https:\/\/www.cnbb.org.br\/cnbb-app\/wp\/v2\/media?parent=12975"}],"wp:term":[{"taxonomy":"category","embeddable":true,"href":"https:\/\/www.cnbb.org.br\/cnbb-app\/wp\/v2\/categories?post=12975"},{"taxonomy":"post_tag","embeddable":true,"href":"https:\/\/www.cnbb.org.br\/cnbb-app\/wp\/v2\/tags?post=12975"}],"curies":[{"name":"wp","href":"https:\/\/api.w.org\/{rel}","templated":true}]}}