{"id":13000,"date":"2011-04-12T00:00:00","date_gmt":"2011-04-12T03:00:00","guid":{"rendered":"https:\/\/www.cnbb.org.br\/padre-jose-boeing-e-eleito-coordenador-geral-do-verbo-divino-no-continente-americano\/"},"modified":"2011-04-12T00:00:00","modified_gmt":"2011-04-12T03:00:00","slug":"padre-jose-boeing-e-eleito-coordenador-geral-do-verbo-divino-no-continente-americano","status":"publish","type":"post","link":"https:\/\/www.cnbb.org.br\/padre-jose-boeing-e-eleito-coordenador-geral-do-verbo-divino-no-continente-americano\/","title":{"rendered":"Padre Jos\u00e9 Boeing \u00e9 eleito coordenador geral do Verbo Divino no Continente Americano"},"content":{"rendered":"<p style=\"text-align: justify\">No \u00faltimo dia 7, aconteceu a elei\u00e7\u00e3o da nova diretoria da Congrega\u00e7\u00e3o do Verbo Divino no Continente Americano. O superior regional da Congrega\u00e7\u00e3o na Amaz\u00f4nia, padre Jos\u00e9 Boeing foi eleito o coordenador geral para um mandato de dois anos. A elei\u00e7\u00e3o ocorreu durante a realiza\u00e7\u00e3o da Assembleia da Congrega\u00e7\u00e3o em Santiago, no Chile.<\/p>\n<p>  <!--more-->  <\/p>\n<p style=\"text-align: justify\">Padre Jos\u00e9 Boeing continua sendo o superior regional na Amaz\u00f4nia, com sede em Santar\u00e9m (PA). Ele ter\u00e1 a miss\u00e3o, junto com outros integrantes, de animar os Verbitas na Am\u00e9rica do Sul, do Norte e Central e no Caribe.<\/p>\n<p style=\"text-align: justify\">No continente americano existem 1.200 padres Verbitas mission\u00e1rios e 100 religiosos consagrados.<\/p>\n<p style=\"text-align: justify\">A Assembleia encerrou no \u00faltimo s\u00e1bado, dia 9.<\/p>\n","protected":false},"excerpt":{"rendered":"<p>No \u00faltimo dia 7, aconteceu a elei\u00e7\u00e3o da nova diretoria da Congrega\u00e7\u00e3o do Verbo Divino no Continente Americano. O superior regional da Congrega\u00e7\u00e3o na Amaz\u00f4nia, padre Jos\u00e9 Boeing foi eleito o coordenador geral para um mandato de dois anos. A elei\u00e7\u00e3o ocorreu durante a realiza\u00e7\u00e3o da Assembleia da Congrega\u00e7\u00e3o em Santiago, no Chile.<\/p>\n","protected":false},"author":83,"featured_media":13001,"comment_status":"open","ping_status":"open","sticky":false,"template":"","format":"standard","meta":{"site-sidebar-layout":"default","site-content-layout":"default","ast-global-header-display":"","ast-banner-title-visibility":"","ast-main-header-display":"","ast-hfb-above-header-display":"","ast-hfb-below-header-display":"","ast-hfb-mobile-header-display":"","site-post-title":"","ast-breadcrumbs-content":"","ast-featured-img":"","footer-sml-layout":"","theme-transparent-header-meta":"","adv-header-id-meta":"","stick-header-meta":"","header-above-stick-meta":"","header-main-stick-meta":"","header-below-stick-meta":""},"categories":[758],"tags":[],"acf":[],"_links":{"self":[{"href":"https:\/\/www.cnbb.org.br\/cnbb-app\/wp\/v2\/posts\/13000"}],"collection":[{"href":"https:\/\/www.cnbb.org.br\/cnbb-app\/wp\/v2\/posts"}],"about":[{"href":"https:\/\/www.cnbb.org.br\/cnbb-app\/wp\/v2\/types\/post"}],"author":[{"embeddable":true,"href":"https:\/\/www.cnbb.org.br\/cnbb-app\/wp\/v2\/users\/83"}],"replies":[{"embeddable":true,"href":"https:\/\/www.cnbb.org.br\/cnbb-app\/wp\/v2\/comments?post=13000"}],"version-history":[{"count":0,"href":"https:\/\/www.cnbb.org.br\/cnbb-app\/wp\/v2\/posts\/13000\/revisions"}],"wp:featuredmedia":[{"embeddable":true,"href":"https:\/\/www.cnbb.org.br\/cnbb-app\/wp\/v2\/media\/13001"}],"wp:attachment":[{"href":"https:\/\/www.cnbb.org.br\/cnbb-app\/wp\/v2\/media?parent=13000"}],"wp:term":[{"taxonomy":"category","embeddable":true,"href":"https:\/\/www.cnbb.org.br\/cnbb-app\/wp\/v2\/categories?post=13000"},{"taxonomy":"post_tag","embeddable":true,"href":"https:\/\/www.cnbb.org.br\/cnbb-app\/wp\/v2\/tags?post=13000"}],"curies":[{"name":"wp","href":"https:\/\/api.w.org\/{rel}","templated":true}]}}