{"id":13016,"date":"2011-04-15T00:00:00","date_gmt":"2011-04-15T03:00:00","guid":{"rendered":"https:\/\/www.cnbb.org.br\/nova-provincia-eclesiastica-arquidiocese-de-santa-maria\/"},"modified":"2011-04-15T00:00:00","modified_gmt":"2011-04-15T03:00:00","slug":"nova-provincia-eclesiastica-arquidiocese-de-santa-maria","status":"publish","type":"post","link":"https:\/\/www.cnbb.org.br\/nova-provincia-eclesiastica-arquidiocese-de-santa-maria\/","title":{"rendered":"Nova Prov\u00edncia Eclesi\u00e1stica: Arquidiocese de Santa Maria"},"content":{"rendered":"<h4 style=\"text-align: right\">Dom Can\u00edsio Klaus<\/h4>\n<h4 style=\"text-align: right\">Bispo de Santa Cruz do Sul &#8211; RS<\/h4>\n<p style=\"text-align: justify\">Na manh\u00e3 do dia 13 de abril, Bento XVI publicou o Decreto de cria\u00e7\u00e3o de tr\u00eas novas arquidioceses no Rio Grande do Sul, todas elas desmembradas da Arquidiocese de Porto Alegre. Uma destas arquidioceses \u00e9 Santa Maria, da qual Santa Cruz passa a fazer parte.<\/p>\n<p><!--more--><\/p>\n<p style=\"text-align: justify\">Uma arquidiocese ou prov\u00edncia eclesi\u00e1stica \u00e9 uma divis\u00e3o administrativa da Igreja Cat\u00f3lica, formada por um conjunto de dioceses vizinhas. Recebe este nome por causa do seu tamanho ou import\u00e2ncia hist\u00f3rica.<\/p>\n<p style=\"text-align: justify\">A autoridade maior da Arquidiocese \u00e9 o \u201cArcebispo\u201d. Cabe a ele coordenar os bispos e zelar pela unidade pastoral no territ\u00f3rio da Prov\u00edncia Eclesi\u00e1stica que lhe \u00e9 confiada. O arcebispo da Arquidiocese de Santa Maria \u00e9 Dom H\u00e9lio Adelar Rubert. Ele tem todos os poderes do bispo em sua pr\u00f3pria arquidiocese e poderes de supervis\u00e3o e jurisdi\u00e7\u00e3o limitada sobre as demais dioceses (chamadas de sufrag\u00e2neas). Por isso, o arcebispo n\u00e3o pode intervir diretamente nas dioceses sufrag\u00e2neas, a n\u00e3o ser nos casos espec\u00edficos previstos pelo Direito.<\/p>\n<p style=\"text-align: justify\">O objetivo de uma Prov\u00edncia Eclesi\u00e1stica, est\u00e1 definido no c\u00e2non 431, &amp;1 do C\u00f3digo de Direito Can\u00f4nico, onde se l\u00ea: \u201cPara se promover a a\u00e7\u00e3o pastoral comum de diversas dioceses pr\u00f3ximas, de acordo com as circunst\u00e2ncias de pessoas e lugares, e para se estimularem as rela\u00e7\u00f5es dos bispos diocesanos entre si, as igrejas particulares mais pr\u00f3ximas sejam reunidas em prov\u00edncias eclesi\u00e1sticas, delimitadas por territ\u00f3rio determinado\u201d.<\/p>\n<p style=\"text-align: justify\">A Arquidiocese ou Prov\u00edncia Eclesi\u00e1stica de Santa Maria \u00e9 composta pelas dioceses de Santa Maria, Uruguaiana, Cruz Alta, Santo \u00c2ngelo, Santa Cruz do Sul e Cachoeira do Sul, abrangendo uma \u00e1rea de 117.140,27 km\u00b2 e uma popula\u00e7\u00e3o de 2.589.803 habitantes.<\/p>\n<p style=\"text-align: justify\">Dom Helio receber\u00e1 o P\u00e1lio (vestimenta pr\u00f3pria que simboliza a comunh\u00e3o da prov\u00edncia com a Igreja de Roma), no dia 29 de junho, dia de S\u00e3o Pedro e S\u00e3o Paulo. Na reuni\u00e3o dos bispos acontecida no dia 13 de abril, ficou definido que \u00e0s 15h30min do dia 3 de julho se far\u00e1 uma grande celebra\u00e7\u00e3o no Santu\u00e1rio Bas\u00edlica da Medianeira em Santa Maria, para marcar a instala\u00e7\u00e3o da nova Arquidiocese. Estar\u00e3o presentes os bispos das 6 dioceses juntamente com padres e representantes das comunidades.<\/p>\n<p style=\"text-align: justify\">Particularmente, nossa Diocese de Santa Cruz do Sul sente-se feliz e esperan\u00e7osa com a nova arquidiocese. Acolhemos com alegria o novo arcebispo Dom H\u00e9lio, e lhe desejamos muitas b\u00ean\u00e7\u00e3os e gra\u00e7as para bem conduzir o rebanho da nova arquidiocese.<\/p>\n","protected":false},"excerpt":{"rendered":"<p>Dom Can\u00edsio Klaus Bispo de Santa Cruz do Sul &#8211; RS Na manh\u00e3 do dia 13 de abril, Bento XVI publicou o Decreto de cria\u00e7\u00e3o de tr\u00eas novas arquidioceses no Rio Grande do Sul, todas elas desmembradas da Arquidiocese de Porto Alegre. Uma destas arquidioceses \u00e9 Santa Maria, da qual Santa Cruz passa a fazer &hellip;<\/p>\n<p class=\"read-more\"> <a class=\"\" href=\"https:\/\/www.cnbb.org.br\/nova-provincia-eclesiastica-arquidiocese-de-santa-maria\/\"> <span class=\"screen-reader-text\">Nova Prov\u00edncia Eclesi\u00e1stica: Arquidiocese de Santa Maria<\/span> Leia mais &raquo;<\/a><\/p>\n","protected":false},"author":83,"featured_media":0,"comment_status":"open","ping_status":"open","sticky":false,"template":"","format":"standard","meta":{"site-sidebar-layout":"default","site-content-layout":"default","ast-global-header-display":"","ast-banner-title-visibility":"","ast-main-header-display":"","ast-hfb-above-header-display":"","ast-hfb-below-header-display":"","ast-hfb-mobile-header-display":"","site-post-title":"","ast-breadcrumbs-content":"","ast-featured-img":"","footer-sml-layout":"","theme-transparent-header-meta":"","adv-header-id-meta":"","stick-header-meta":"","header-above-stick-meta":"","header-main-stick-meta":"","header-below-stick-meta":""},"categories":[758],"tags":[],"acf":[],"_links":{"self":[{"href":"https:\/\/www.cnbb.org.br\/cnbb-app\/wp\/v2\/posts\/13016"}],"collection":[{"href":"https:\/\/www.cnbb.org.br\/cnbb-app\/wp\/v2\/posts"}],"about":[{"href":"https:\/\/www.cnbb.org.br\/cnbb-app\/wp\/v2\/types\/post"}],"author":[{"embeddable":true,"href":"https:\/\/www.cnbb.org.br\/cnbb-app\/wp\/v2\/users\/83"}],"replies":[{"embeddable":true,"href":"https:\/\/www.cnbb.org.br\/cnbb-app\/wp\/v2\/comments?post=13016"}],"version-history":[{"count":0,"href":"https:\/\/www.cnbb.org.br\/cnbb-app\/wp\/v2\/posts\/13016\/revisions"}],"wp:attachment":[{"href":"https:\/\/www.cnbb.org.br\/cnbb-app\/wp\/v2\/media?parent=13016"}],"wp:term":[{"taxonomy":"category","embeddable":true,"href":"https:\/\/www.cnbb.org.br\/cnbb-app\/wp\/v2\/categories?post=13016"},{"taxonomy":"post_tag","embeddable":true,"href":"https:\/\/www.cnbb.org.br\/cnbb-app\/wp\/v2\/tags?post=13016"}],"curies":[{"name":"wp","href":"https:\/\/api.w.org\/{rel}","templated":true}]}}