{"id":13018,"date":"2011-04-15T00:00:00","date_gmt":"2011-04-15T03:00:00","guid":{"rendered":"https:\/\/www.cnbb.org.br\/o-amor-apaixonado-de-deus\/"},"modified":"2011-04-15T00:00:00","modified_gmt":"2011-04-15T03:00:00","slug":"o-amor-apaixonado-de-deus","status":"publish","type":"post","link":"https:\/\/www.cnbb.org.br\/o-amor-apaixonado-de-deus\/","title":{"rendered":"O amor apaixonado de Deus"},"content":{"rendered":"<h4 style=\"text-align: right\">Dom Anuar Battisti<\/h4>\n<h4 style=\"text-align: right\">Arcebispo de Maring\u00e1 &#8211; PR<\/h4>\n<p style=\"text-align: justify\">Em di\u00e1logo com um jovem ele me perguntava: &#8220;Qual a festa mais importante para n\u00f3s crist\u00e3os cat\u00f3licos?&#8221; &#8220;Natal ou p\u00e1scoa?&#8221; Eu respondi: o que voc\u00ea pensa que seja? Ele timidamente me disse: &#8220;Eu penso que \u00e9 o Natal.&#8221; Respondi: o Natal \u00e9 mais iluminado, tem cheiro de festa grande, tudo \u00e9 empolgante. Mas, para n\u00f3s crist\u00e3os cat\u00f3licos a festa mais importante \u00e9 a celebra\u00e7\u00e3o da P\u00e1scoa, porque foi na Paix\u00e3o, morte e ressurrei\u00e7\u00e3o, que fomos salvos para sempre.<\/p>\n<p>  <!--more-->  <\/p>\n<p style=\"text-align: justify\">O Filho de Deus feito carne no Natal se torna v\u00edtima para resgatar, no Seu sacrif\u00edcio da cruz, o ser humano mergulhado nas trevas do pecado. Diante desta breve explica\u00e7\u00e3o o jovem respondeu: eu sempre senti algo diferente na Semana Santa. N\u00e3o sei explicar. Agora entendo. Que bacana!<\/p>\n<p style=\"text-align: justify\">Nas cartas de Santo Atan\u00e1sio, um dos grandes escritores do s\u00e9culo IV, lemos: &#8220;\u00c9 belo, meus irm\u00e3os, passar de uma para outra festa, de uma ora\u00e7\u00e3o para outra, de uma solenidade, para outra solenidade. Aproxima-se o tempo que nos traz um novo in\u00edcio e o an\u00fancio da santa P\u00e1scoa, na qual o Senhor foi imolado. Do seu alimento nos sustentamos como de um manjar de vida, e a nossa alma se delicia com o sangue precioso de Cristo como numa fonte.<\/p>\n<p style=\"text-align: justify\">Nosso Salvador est\u00e1 perto daqueles que tem sede, e na sua bondade convida todos os cora\u00e7\u00f5es sedentos para o grande dia da festa, dizendo:<\/p>\n<p style=\"text-align: justify\">&#8220;Se algu\u00e9m tem sede, venha a mim, e beba&#8221; (Jo 7, 37). Deus, que desde o princ\u00edpio instituiu esta festa para n\u00f3s, concede-nos a gra\u00e7a de celebr\u00e1-la cada ano. Ele que, para nossa salva\u00e7\u00e3o, entregou \u00e0 morte Seu pr\u00f3prio Filho, pelo mesmo motivo nos proporciona esta Santa Solenidade que n\u00e3o tem igual no decurso do ano&#8221;.<\/p>\n<p style=\"text-align: justify\">Somos infinitamente privilegiados. Merecer pelos pecados, unicamente pela nossa humanidade contaminada pelo mal, a salva\u00e7\u00e3o pelo pr\u00f3prio Filho de Deus, que deixando o seu ser Deus se fez um de n\u00f3s, e como homem entregou a Sua vida por todos, \u00e9 sim um privil\u00e9gio que jamais entenderemos.<\/p>\n<p style=\"text-align: justify\">Celebrar a Semana Santa \u00e9 reconhecer que temos um Deus que nos ama loucamente. S\u00f3 no amor de Deus podemos aceitar e acreditar nesta gra\u00e7a infinita. Parar, orar, recordar os passos deste mist\u00e9rio de amor, \u00e9 para todos n\u00f3s crist\u00e3os o sentido da pr\u00f3xima semana que vamos viver.<\/p>\n<p style=\"text-align: justify\">Por isso \u00e9 que n\u00e3o posso trocar os tr\u00eas dias da celebra\u00e7\u00e3o pascal, por tr\u00eas dias que denominamos &#8220;feriad\u00e3o&#8221;. N\u00e3o foi em um feriad\u00e3o que Deus nos amou. N\u00e3o foi em dia de folga que Deus assumiu a nossa mis\u00e9ria humana. N\u00e3o foi passeando que Deus inventou o dia Santo da P\u00e1scoa. Mas tenho o direito de descansar? Claro que sim. Por\u00e9m, antes, tenho o dever de agradecer o amor que Deus tem por mim, de maneira especial participando do Tr\u00edduo Pascal.<\/p>\n<p style=\"text-align: justify\">O poder de Deus manifestou-se em n\u00f3s e por n\u00f3s no segredo profundo de Seu amor apaixonado, criando-nos \u00e0 Sua imagem e semelhan\u00e7a, e resgatando-nos para sempre. Somos herdeiros de uma heran\u00e7a eterna, heran\u00e7a merecida por Jesus, de nossa parte, sem m\u00e9rito algum.<\/p>\n<p style=\"text-align: justify\">Celebrar a Semana Santa \u00e9 reviver cada passo de nossa salva\u00e7\u00e3o. \u00c9 trazer ao cora\u00e7\u00e3o o que existe de mais fundamental na nossa exist\u00eancia terrena. Quem sabe n\u00e3o teremos outra Semana Santa para reconhecer o amor apaixonado de Deus, por mim e por voc\u00ea. Essa talvez ser\u00e1 a \u00faltima chance!<\/p>\n","protected":false},"excerpt":{"rendered":"<p>Dom Anuar Battisti Arcebispo de Maring\u00e1 &#8211; PR Em di\u00e1logo com um jovem ele me perguntava: &#8220;Qual a festa mais importante para n\u00f3s crist\u00e3os cat\u00f3licos?&#8221; &#8220;Natal ou p\u00e1scoa?&#8221; Eu respondi: o que voc\u00ea pensa que seja? Ele timidamente me disse: &#8220;Eu penso que \u00e9 o Natal.&#8221; Respondi: o Natal \u00e9 mais iluminado, tem cheiro de &hellip;<\/p>\n<p class=\"read-more\"> <a class=\"\" href=\"https:\/\/www.cnbb.org.br\/o-amor-apaixonado-de-deus\/\"> <span class=\"screen-reader-text\">O amor apaixonado de Deus<\/span> Leia mais &raquo;<\/a><\/p>\n","protected":false},"author":83,"featured_media":0,"comment_status":"open","ping_status":"open","sticky":false,"template":"","format":"standard","meta":{"site-sidebar-layout":"default","site-content-layout":"default","ast-global-header-display":"","ast-banner-title-visibility":"","ast-main-header-display":"","ast-hfb-above-header-display":"","ast-hfb-below-header-display":"","ast-hfb-mobile-header-display":"","site-post-title":"","ast-breadcrumbs-content":"","ast-featured-img":"","footer-sml-layout":"","theme-transparent-header-meta":"","adv-header-id-meta":"","stick-header-meta":"","header-above-stick-meta":"","header-main-stick-meta":"","header-below-stick-meta":""},"categories":[758],"tags":[],"acf":[],"_links":{"self":[{"href":"https:\/\/www.cnbb.org.br\/cnbb-app\/wp\/v2\/posts\/13018"}],"collection":[{"href":"https:\/\/www.cnbb.org.br\/cnbb-app\/wp\/v2\/posts"}],"about":[{"href":"https:\/\/www.cnbb.org.br\/cnbb-app\/wp\/v2\/types\/post"}],"author":[{"embeddable":true,"href":"https:\/\/www.cnbb.org.br\/cnbb-app\/wp\/v2\/users\/83"}],"replies":[{"embeddable":true,"href":"https:\/\/www.cnbb.org.br\/cnbb-app\/wp\/v2\/comments?post=13018"}],"version-history":[{"count":0,"href":"https:\/\/www.cnbb.org.br\/cnbb-app\/wp\/v2\/posts\/13018\/revisions"}],"wp:attachment":[{"href":"https:\/\/www.cnbb.org.br\/cnbb-app\/wp\/v2\/media?parent=13018"}],"wp:term":[{"taxonomy":"category","embeddable":true,"href":"https:\/\/www.cnbb.org.br\/cnbb-app\/wp\/v2\/categories?post=13018"},{"taxonomy":"post_tag","embeddable":true,"href":"https:\/\/www.cnbb.org.br\/cnbb-app\/wp\/v2\/tags?post=13018"}],"curies":[{"name":"wp","href":"https:\/\/api.w.org\/{rel}","templated":true}]}}