{"id":13020,"date":"2011-04-15T00:00:00","date_gmt":"2011-04-15T03:00:00","guid":{"rendered":"https:\/\/www.cnbb.org.br\/aque-mundo-maravilhoso\/"},"modified":"2011-04-15T00:00:00","modified_gmt":"2011-04-15T03:00:00","slug":"aque-mundo-maravilhoso","status":"publish","type":"post","link":"https:\/\/www.cnbb.org.br\/aque-mundo-maravilhoso\/","title":{"rendered":"\u00b4Que mundo maravilhoso"},"content":{"rendered":"<h4 style=\"text-align: right\">Dom Bruno Gamberini<\/h4>\n<h4 style=\"text-align: right\">Arcebispo Metropolitano de Campinas &#8211; SP<\/h4>\n<p style=\"text-align: justify\">Prezados irm\u00e3os e irm\u00e3s<\/p>\n<p style=\"text-align: justify\">Recebi um e-mail com um v\u00eddeo de Louis Armstrong, j\u00e1 idoso, interpretando What a wonderful world (Que mundo maravilhoso). Para os mais jovens que nunca ouviram falar desse grande artista, Louis Daniel Armstrong \u00e9 um famoso cantor e trompetista, nascido em Nova Orleans, EUA, em 1901, e falecido em Nova Iorque em 1971. \u00c9 conhecido como a personifica\u00e7\u00e3o do jazz.<\/p>\n<p>  <!--more-->  <\/p>\n<p style=\"text-align: justify\">Mas n\u00e3o \u00e9 sobre Louis Armstrong que quero falar. \u00c9 sobre o t\u00edtulo dessa can\u00e7\u00e3o inesquec\u00edvel: que mundo maravilhoso. Ao olharmos esses dias de in\u00edcio de outono, podemos apreciar toda a grandeza da obra do Criador, que est\u00e1 gratuitamente ao nosso dispor. Como diz a m\u00fasica, \u201cEu vejo os c\u00e9us t\u00e3o azuis e as nuvens t\u00e3o brancas, o brilho aben\u00e7oado do dia e a escurid\u00e3o sagrada da noite. As cores do arco-\u00edris, t\u00e3o bonitas no c\u00e9u. Est\u00e3o tamb\u00e9m nos rostos das pessoas que se v\u00e3o. Vejo amigos apertando as m\u00e3os, dizendo: \u2018como voc\u00ea vai?\u2019 Eles realmente dizem: \u2018eu te amo!\u2019 Eu ou\u00e7o beb\u00eas chorando, eu os vejo crescer. Eles aprender\u00e3o muito mais que eu jamais saberei\u201d.<\/p>\n<p style=\"text-align: justify\">Ao iniciarmos a Semana Santa, no pr\u00f3ximo Domingo de Ramos, queremos viver intensamente a Paix\u00e3o, Morte e Ressurrei\u00e7\u00e3o de Jesus, celebrando a vit\u00f3ria definitiva da Vida sobre a morte. Vida que \u00e9 dom de Deus e nos \u00e9 dada para que dela usufruamos em todas as suas dimens\u00f5es e potencialidades. Somos convidados a acompanhar os \u00faltimos dias da vida terrena de Jesus, desde sua entrada triunfal em Jerusal\u00e9m, passando por sua pris\u00e3o, humilha\u00e7\u00e3o, condena\u00e7\u00e3o, execu\u00e7\u00e3o e ressurrei\u00e7\u00e3o gloriosa aos c\u00e9us.<\/p>\n<p style=\"text-align: justify\">Este ano, particularmente, estamos ainda at\u00f4nitos pelo massacre brutal \u00e0s crian\u00e7as da escola Tasso da Silveira, em Realengo, no Rio de Janeiro. Ataque injustificado de uma pessoa doente, que tirou a vida de doze jovens que apenas iniciavam sua caminhada neste mundo. A dor de Maria, que acompanhou Jesus na sua trajet\u00f3ria rumo \u00e0 Cruz, \u00e9 a mesma dos pais dessas jovens crian\u00e7as e de milh\u00f5es de m\u00e3es que veem a vida de seus filhos ceifadas pela fome, pelas drogas, pela viol\u00eancia, pelas doen\u00e7as&#8230;<\/p>\n<p style=\"text-align: justify\">A Semana Santa \u00e9 sempre uma oportunidade de come\u00e7armos uma vida nova. Os homens n\u00e3o est\u00e3o vendo as maravilhas desse mundo porque est\u00e3o andando de cabe\u00e7a baixa, olhando para o ch\u00e3o, cada dia mais individualizados e individualistas. Se olharem ao lado, ver\u00e3o que outras pessoas tamb\u00e9m fazem seu caminho, \u00e0 espera de um sorriso, um abra\u00e7o, um cumprimento. Se olharem para cima, ver\u00e3o o azul do c\u00e9u, as estrelas na noite, os p\u00e1ssaros cantando felizes, o sol que ilumina e fortalece, a chuva que cai e alimenta&#8230;<\/p>\n<p style=\"text-align: justify\">Definitivamente este \u00e9 um mundo maravilhoso. Deixemos que a vida de Jesus penetre plenamente em nossa vida para que consigamos usufruir dessas maravilhas que nos s\u00e3o dadas e vivamos o amor misericordioso de Deus. Certamente a dor da cruz vai chegar em nossa vida, mas logo \u00e0 frente encontraremos o sepulcro vazio e a certeza do renascer de uma nova vida.<\/p>\n<p style=\"text-align: justify\">Rogo as b\u00ean\u00e7\u00e3os de Deus a cada um de voc\u00eas para que participem com muita f\u00e9, amor e esperan\u00e7a das celebra\u00e7\u00f5es da Semana Santa.<\/p>\n","protected":false},"excerpt":{"rendered":"<p>Dom Bruno Gamberini Arcebispo Metropolitano de Campinas &#8211; SP Prezados irm\u00e3os e irm\u00e3s Recebi um e-mail com um v\u00eddeo de Louis Armstrong, j\u00e1 idoso, interpretando What a wonderful world (Que mundo maravilhoso). Para os mais jovens que nunca ouviram falar desse grande artista, Louis Daniel Armstrong \u00e9 um famoso cantor e trompetista, nascido em Nova &hellip;<\/p>\n<p class=\"read-more\"> <a class=\"\" href=\"https:\/\/www.cnbb.org.br\/aque-mundo-maravilhoso\/\"> <span class=\"screen-reader-text\">\u00b4Que mundo maravilhoso<\/span> Leia mais &raquo;<\/a><\/p>\n","protected":false},"author":83,"featured_media":0,"comment_status":"open","ping_status":"open","sticky":false,"template":"","format":"standard","meta":{"site-sidebar-layout":"default","site-content-layout":"default","ast-global-header-display":"","ast-banner-title-visibility":"","ast-main-header-display":"","ast-hfb-above-header-display":"","ast-hfb-below-header-display":"","ast-hfb-mobile-header-display":"","site-post-title":"","ast-breadcrumbs-content":"","ast-featured-img":"","footer-sml-layout":"","theme-transparent-header-meta":"","adv-header-id-meta":"","stick-header-meta":"","header-above-stick-meta":"","header-main-stick-meta":"","header-below-stick-meta":""},"categories":[758],"tags":[],"acf":[],"_links":{"self":[{"href":"https:\/\/www.cnbb.org.br\/cnbb-app\/wp\/v2\/posts\/13020"}],"collection":[{"href":"https:\/\/www.cnbb.org.br\/cnbb-app\/wp\/v2\/posts"}],"about":[{"href":"https:\/\/www.cnbb.org.br\/cnbb-app\/wp\/v2\/types\/post"}],"author":[{"embeddable":true,"href":"https:\/\/www.cnbb.org.br\/cnbb-app\/wp\/v2\/users\/83"}],"replies":[{"embeddable":true,"href":"https:\/\/www.cnbb.org.br\/cnbb-app\/wp\/v2\/comments?post=13020"}],"version-history":[{"count":0,"href":"https:\/\/www.cnbb.org.br\/cnbb-app\/wp\/v2\/posts\/13020\/revisions"}],"wp:attachment":[{"href":"https:\/\/www.cnbb.org.br\/cnbb-app\/wp\/v2\/media?parent=13020"}],"wp:term":[{"taxonomy":"category","embeddable":true,"href":"https:\/\/www.cnbb.org.br\/cnbb-app\/wp\/v2\/categories?post=13020"},{"taxonomy":"post_tag","embeddable":true,"href":"https:\/\/www.cnbb.org.br\/cnbb-app\/wp\/v2\/tags?post=13020"}],"curies":[{"name":"wp","href":"https:\/\/api.w.org\/{rel}","templated":true}]}}