{"id":13065,"date":"2015-06-29T00:00:00","date_gmt":"2015-06-29T03:00:00","guid":{"rendered":"https:\/\/www.cnbb.org.br\/evento-bote-fe-ira-unir-cultura-e-evangelizacao-da-juventude\/"},"modified":"2020-03-11T21:22:16","modified_gmt":"2020-03-12T00:22:16","slug":"evento-bote-fe-ira-unir-cultura-e-evangelizacao-da-juventude","status":"publish","type":"post","link":"https:\/\/www.cnbb.org.br\/evento-bote-fe-ira-unir-cultura-e-evangelizacao-da-juventude\/","title":{"rendered":"Evento Bote F\u00e9 ir\u00e1 unir cultura e evangeliza\u00e7\u00e3o da juventude"},"content":{"rendered":"<p style=\"text-align: justify\"><span style=\"font-size: 12.1599998474121px;line-height: 1.3em\">A terceira edi\u00e7\u00e3o do Bote F\u00e9, evento que ser\u00e1 realizado pela arquidiocese de Olinda e Recife (PE) no dia 18 de julho, ter\u00e1 momentos de adora\u00e7\u00e3o, caminhada e shows. O pr\u00e9-lan\u00e7amento do evento, dia 19, contou com um caf\u00e9 da manh\u00e3 na Casa da Juventude Padre Ant\u00f4nio Henrique, em Recife (PE).<\/span><\/p>\n<p><!--more--><\/p>\n<p style=\"text-align: justify\">Na ocasi\u00e3o, o arcebispo metropolitano, dom Fernando Saburido, partilhou com a juventude a experi\u00eancia do encontro com o papa Francisco, no 3\u00ba Retiro Mundial de Sacerdotes, em Roma. Tamb\u00e9m foi entregue o trof\u00e9u Amigos da Juventude a pessoas e empresas que contribuem com o trabalho pastoral.<\/p>\n<p style=\"text-align: justify\"><strong>Bote F\u00e9<\/strong><\/p>\n<p style=\"text-align: justify\">Com in\u00edcio marcado para as 16h, o Bote F\u00e9 ser\u00e1 realizado na Bas\u00edlica do Sagrado Cora\u00e7\u00e3o de Jesus, na \u00e1rea central do Recife. Na programa\u00e7\u00e3o, al\u00e9m dos momentos de Adora\u00e7\u00e3o e caminhada, a anima\u00e7\u00e3o ficar\u00e1 por conta de shows de banda Rosas de Saron, Diego Fernandes com Banda Arcangelus e da dupla Doidin de Deus.<\/p>\n<p style=\"text-align: justify\">Segundo dom Saburido, \u201ca Igreja continua naquele esp\u00edrito da Jornada Mundial da Juventude, em prepara\u00e7\u00e3o para a pr\u00f3xima, que ser\u00e1 na Pol\u00f4nia. \u00c9 preciso manter esse esp\u00edrito de anima\u00e7\u00e3o e compromisso com a miss\u00e3o\u201d. O desejo do arcebispo \u00e9 ver a juventude realmente inserida na evangeliza\u00e7\u00e3o, com os jovens evangelizando outros jovens com a sua linguagem e maneira descontra\u00edda de ser.<\/p>\n<p style=\"text-align: justify\">A entrada no evento \u00e9 gratuita. Camisas oficiais est\u00e3o sendo vendidas para ajudar nos custos e podem ser adquiridas na Casa da Juventude ou com os volunt\u00e1rios em diversas par\u00f3quias.<\/p>\n<p style=\"text-align: justify\"><strong>Homenagem<\/strong><\/p>\n<p style=\"text-align: justify\"><img decoding=\"async\" loading=\"lazy\" class=\" alignright size-full wp-image-26284\" src=\"https:\/\/www.cnbb.org.br\/wp-content\/uploads\/2020\/03\/Bote-fe_recife.jpg\" alt=\"\" width=\"215\" height=\"143\" align=\"right\" border=\"0\" \/>Dom Fernando e o bispo auxiliar, dom Ant\u00f4nio Tourinho, foram contemplados com o trof\u00e9u Amigos da Juventude. Al\u00e9m dos bispos, religiosos, leigos e empresas receberam a honraria. De acordo com o presidente da Comiss\u00e3o Arquidiocesana de Pastoral para a Juventude, padre Ant\u00f4nio Gomes, a homenagem \u00e9 um gesto de gratid\u00e3o. \u201cO trof\u00e9u nasce do reconhecimento de pessoas e empresas que acreditam na juventude, investem, apoiam e incentivam pr\u00e1ticas afirmativas para as juventudes\u201d, explicou o presidente.<\/p>\n<p style=\"text-align: justify\"><strong>Encontro com Francisco<\/strong><\/p>\n<p style=\"text-align: justify\">O arcebispo ainda partilhou sobre sua participa\u00e7\u00e3o no 3\u00ba Retiro Mundial dos Sacerdotes, em Roma, realizado de 10 a 14 de junho. Segundo dom Saburido, o pont\u00edfice foi convidado para visitar a capital pernambucana em 2017.<\/p>\n<p style=\"text-align: justify\">Dom Saburido tamb\u00e9m visitou a Bas\u00edlica de Santo Ant\u00f4nio, na cidade de P\u00e1dua, It\u00e1lia, e teve a ideia de conseguir no local uma rel\u00edquia em primeiro grau do santo, que \u00e9 padroeiro da arquidiocese. Apesar das dificuldades, o arcebispo acredita que h\u00e1 a possibilidade e far\u00e1 um of\u00edcio na tentativa de conseguir o feito. Se conseguir, adianta, uma peregrina\u00e7\u00e3o at\u00e9 P\u00e1dua ser\u00e1 organizada, na inten\u00e7\u00e3o de que seja acompanhado pelos fi\u00e9is \u00e0 cidade italiana.<\/p>\n<h5>Com informa\u00e7\u00f5es da arquidiocese de Olinda e Recife<\/h5>\n<p>&nbsp;<\/p>\n","protected":false},"excerpt":{"rendered":"<p>A terceira edi\u00e7\u00e3o do Bote F\u00e9, evento que ser\u00e1 realizado pela arquidiocese de Olinda e Recife (PE) no dia 18 de julho, ter\u00e1 momentos de adora\u00e7\u00e3o, caminhada e shows. O pr\u00e9-lan\u00e7amento do evento, dia 19, contou com um caf\u00e9 da manh\u00e3 na Casa da Juventude Padre Ant\u00f4nio Henrique, em Recife (PE).<\/p>\n","protected":false},"author":83,"featured_media":13066,"comment_status":"open","ping_status":"open","sticky":false,"template":"","format":"standard","meta":{"site-sidebar-layout":"default","site-content-layout":"default","ast-global-header-display":"","ast-banner-title-visibility":"","ast-main-header-display":"","ast-hfb-above-header-display":"","ast-hfb-below-header-display":"","ast-hfb-mobile-header-display":"","site-post-title":"","ast-breadcrumbs-content":"","ast-featured-img":"","footer-sml-layout":"","theme-transparent-header-meta":"","adv-header-id-meta":"","stick-header-meta":"","header-above-stick-meta":"","header-main-stick-meta":"","header-below-stick-meta":""},"categories":[750,856],"tags":[],"acf":[],"_links":{"self":[{"href":"https:\/\/www.cnbb.org.br\/cnbb-app\/wp\/v2\/posts\/13065"}],"collection":[{"href":"https:\/\/www.cnbb.org.br\/cnbb-app\/wp\/v2\/posts"}],"about":[{"href":"https:\/\/www.cnbb.org.br\/cnbb-app\/wp\/v2\/types\/post"}],"author":[{"embeddable":true,"href":"https:\/\/www.cnbb.org.br\/cnbb-app\/wp\/v2\/users\/83"}],"replies":[{"embeddable":true,"href":"https:\/\/www.cnbb.org.br\/cnbb-app\/wp\/v2\/comments?post=13065"}],"version-history":[{"count":0,"href":"https:\/\/www.cnbb.org.br\/cnbb-app\/wp\/v2\/posts\/13065\/revisions"}],"wp:featuredmedia":[{"embeddable":true,"href":"https:\/\/www.cnbb.org.br\/cnbb-app\/wp\/v2\/media\/13066"}],"wp:attachment":[{"href":"https:\/\/www.cnbb.org.br\/cnbb-app\/wp\/v2\/media?parent=13065"}],"wp:term":[{"taxonomy":"category","embeddable":true,"href":"https:\/\/www.cnbb.org.br\/cnbb-app\/wp\/v2\/categories?post=13065"},{"taxonomy":"post_tag","embeddable":true,"href":"https:\/\/www.cnbb.org.br\/cnbb-app\/wp\/v2\/tags?post=13065"}],"curies":[{"name":"wp","href":"https:\/\/api.w.org\/{rel}","templated":true}]}}