{"id":13096,"date":"2009-03-13T00:00:00","date_gmt":"2009-03-13T03:00:00","guid":{"rendered":"https:\/\/www.cnbb.org.br\/cf-2009-verdadeira-cultura-da-paz\/"},"modified":"2009-03-13T00:00:00","modified_gmt":"2009-03-13T03:00:00","slug":"cf-2009-verdadeira-cultura-da-paz","status":"publish","type":"post","link":"https:\/\/www.cnbb.org.br\/cf-2009-verdadeira-cultura-da-paz\/","title":{"rendered":"CF 2009: Verdadeira cultura da paz"},"content":{"rendered":"<p style=\"text-align: justify\">Desde o lan\u00e7amento da Campanha da Fraternidade (CF) deste ano, recebi diversas manifesta\u00e7\u00f5es de apre\u00e7o pelo fato de a Igreja ter escolhido a \u201cseguran\u00e7a p\u00fablica\u201d como tema<\/p>\n<p><!--more--><\/p>\n<p>da CF de 2009: \u201cque bom, que a Igreja entrou nesta quest\u00e3o!\u201d Sente-se de muitas formas a falta\u00a0 de seguran\u00e7a e muitas pessoas esperavam por esta iniciativa da Igreja \u201cpara fazer alguma coisa\u201d&#8230; Est\u00e1 claro que a quest\u00e3o de fundo \u00e9 a viol\u00eancia, que se alastra sempre mais, embora isso n\u00e3o apare\u00e7a no enunciado do tema da CF.<\/p>\n<p style=\"text-align: justify\">Para que a CF tenha o efeito desejado, isto \u00e9, menos viol\u00eancia e mais paz na conviv\u00eancia social, a sociedade \u00e9 chamada para uma reflex\u00e3o ampla sobre os fatos de viol\u00eancia e, sobretudo, sobre suas causas, que podem ser tantas. Para isso, apela para o envolvimento e a participa\u00e7\u00e3o de todos os seus filhos e filhas e de todas as suas organiza\u00e7\u00f5es. Coloca \u00e0 disposi\u00e7\u00e3o materiais de apoio j\u00e1 conhecidos, como o Texto-Base e o Manual da CF, que apresentam a abordagem do tema e a propostas de reflex\u00e3o e de a\u00e7\u00e3o; h\u00e1 ainda materiais para destinat\u00e1rios e grupos diversos, como escolas, a catequese, a juventude e as fam\u00edlias.<\/p>\n<p style=\"text-align: justify\">Mas a reflex\u00e3o n\u00e3o deve ficar apenas dentro do \u00e2mbito da Igreja: esta \u00e9 mission\u00e1ria e quer falar a toda a sociedade. Para isso, \u00e9 necess\u00e1rio que o tema chegue \u00e0s p\u00e1ginas dos jornais e revistas, \u00e0s telas das TVs, ao r\u00e1dio e \u00e0 Internet. Manifesta\u00e7\u00f5es p\u00fablicas podem ser organizadas para chamar mais a aten\u00e7\u00e3o sobre algum aspecto do problema. Iniciativas e criatividade est\u00e3o liberadas amplamente e s\u00e3o muito desejadas. Leigos e suas organiza\u00e7\u00f5es podem dar grande contribui\u00e7\u00e3o para esta tarefa, valendo-se de sua compet\u00eancia profissional e de suas responsabilidades e compet\u00eancias na vida e nas organiza\u00e7\u00f5es da sociedade. Penso que toda iniciativa para propor uma reflex\u00e3o sobre o tema da viol\u00eancia nos ambientes de trabalho e de conviv\u00eancia social seja bem-vinda; a\u00e7\u00f5es poder\u00e3o ser promovidas de forma ecum\u00eanica, de m\u00e3os dadas com outros grupos religiosos ou organiza\u00e7\u00f5es sociais e culturais. Os beneficiados ser\u00e3o as pessoas e a sociedade inteira.<\/p>\n<p style=\"text-align: justify\">Chamamos a aten\u00e7\u00e3o para as responsabilidades do Estado na solu\u00e7\u00e3o do problema da viol\u00eancia: seguran\u00e7a p\u00fablica \u00e9 um direito dos cidad\u00e3os e um dever do Estado; denunciamos os esquemas de viol\u00eancia organizada e criminosa, as injusti\u00e7as sociais n\u00e3o resolvidas e que s\u00e3o uma viol\u00eancia cont\u00ednua, especialmente sobre as pessoas e as camadas sociais fr\u00e1geis e indefesas; alertamos para certa cultura complacente com a viol\u00eancia, que aparece no apre\u00e7o dado a espet\u00e1culos deprimentes de viol\u00eancia, ou na explora\u00e7\u00e3o, como mercadoria e recurso para captar lucros, da curiosidade m\u00f3rbida sobre fatos de viol\u00eancia; vai-se formando assim a insensibilidade e a indiferen\u00e7a das consci\u00eancias diante das situa\u00e7\u00f5es concretas de viol\u00eancia, que se tornam corriqueiras e parte do dia-a-dia.<\/p>\n<p style=\"text-align: justify\">A CF levanta um forte grito de alerta contra a viol\u00eancia, antes que esta fique incontrol\u00e1vel; quem nada faz para combat\u00ea-la, acabar\u00e1 sendo vitimado por ela. \u00c9 preciso haver uma verdadeira \u201cconvers\u00e3o social\u201d, para n\u00e3o dar lugar \u00e0 cultura da viol\u00eancia, \u00e0s estruturas e organiza\u00e7\u00f5es que fazem da viol\u00eancia o seu modo de se impor e ter vantagens; \u00e9 preciso que seja difundida a cultura da dignidade do ser humano e do respeito aos seus direitos; e que sejam criadas favorecidas as condi\u00e7\u00f5es de uma verdadeira justi\u00e7a social, pois sem justi\u00e7a n\u00e3o haver\u00e1 paz.<\/p>\n<p style=\"text-align: justify\">Na nossa proposta para a solu\u00e7\u00e3o desse problema, por\u00e9m, h\u00e1 um diferencial, que queremos afirmar claramente durante esta Quaresma: a supera\u00e7\u00e3o da viol\u00eancia n\u00e3o depende apenas de condi\u00e7\u00f5es externas, mas tamb\u00e9m da convers\u00e3o do cora\u00e7\u00e3o e da orienta\u00e7\u00e3o da vida segundo a verdade e o bem. \u201cO reino de Deus chegou! Convertei-vos e crede no Evangelho!\u201d (cf Mc 1,15). Este an\u00fancio de Jesus orienta toda a caminhada quaresmal e a vida crist\u00e3. Quem quer viver segundo Deus deve mudar de conduta, abandonar o que n\u00e3o conv\u00e9m diante de Deus e abra\u00e7ar aquilo que \u00e9 coerente com seu reinado.<\/p>\n<p style=\"text-align: justify\">Tamb\u00e9m a CF orienta-se por este princ\u00edpio fundamental. Na medida em que o cora\u00e7\u00e3o humano aceitar o reino de Deus e sua justi\u00e7a, mudam tamb\u00e9m as rela\u00e7\u00f5es sociais. Por isso a CF nos traz a sabedoria preciosa e j\u00e1 bem antiga do profeta Isa\u00edas: \u201cA paz \u00e9 fruto da justi\u00e7a!\u201d (37,17). E, no reino de Deus, o modo de viver e conviver \u00e9 a fraternidade, onde o pr\u00f3ximo \u00e9 visto como um irm\u00e3o, filho do mesmo Pai celeste e digno de todo o respeito e considera\u00e7\u00e3o. Viver segundo o reino de Deus \u00e9 promover a verdadeira cultura da paz.<\/p>\n","protected":false},"excerpt":{"rendered":"<p>Desde o lan\u00e7amento da Campanha da Fraternidade (CF) deste ano, recebi diversas manifesta\u00e7\u00f5es de apre\u00e7o pelo fato de a Igreja ter escolhido a \u201cseguran\u00e7a p\u00fablica\u201d como tema<\/p>\n","protected":false},"author":83,"featured_media":0,"comment_status":"open","ping_status":"open","sticky":false,"template":"","format":"standard","meta":{"site-sidebar-layout":"default","site-content-layout":"default","ast-global-header-display":"","ast-banner-title-visibility":"","ast-main-header-display":"","ast-hfb-above-header-display":"","ast-hfb-below-header-display":"","ast-hfb-mobile-header-display":"","site-post-title":"","ast-breadcrumbs-content":"","ast-featured-img":"","footer-sml-layout":"","theme-transparent-header-meta":"","adv-header-id-meta":"","stick-header-meta":"","header-above-stick-meta":"","header-main-stick-meta":"","header-below-stick-meta":""},"categories":[759,760],"tags":[],"acf":[],"_links":{"self":[{"href":"https:\/\/www.cnbb.org.br\/cnbb-app\/wp\/v2\/posts\/13096"}],"collection":[{"href":"https:\/\/www.cnbb.org.br\/cnbb-app\/wp\/v2\/posts"}],"about":[{"href":"https:\/\/www.cnbb.org.br\/cnbb-app\/wp\/v2\/types\/post"}],"author":[{"embeddable":true,"href":"https:\/\/www.cnbb.org.br\/cnbb-app\/wp\/v2\/users\/83"}],"replies":[{"embeddable":true,"href":"https:\/\/www.cnbb.org.br\/cnbb-app\/wp\/v2\/comments?post=13096"}],"version-history":[{"count":0,"href":"https:\/\/www.cnbb.org.br\/cnbb-app\/wp\/v2\/posts\/13096\/revisions"}],"wp:attachment":[{"href":"https:\/\/www.cnbb.org.br\/cnbb-app\/wp\/v2\/media?parent=13096"}],"wp:term":[{"taxonomy":"category","embeddable":true,"href":"https:\/\/www.cnbb.org.br\/cnbb-app\/wp\/v2\/categories?post=13096"},{"taxonomy":"post_tag","embeddable":true,"href":"https:\/\/www.cnbb.org.br\/cnbb-app\/wp\/v2\/tags?post=13096"}],"curies":[{"name":"wp","href":"https:\/\/api.w.org\/{rel}","templated":true}]}}