{"id":13099,"date":"2010-02-02T00:00:00","date_gmt":"2010-02-02T02:00:00","guid":{"rendered":"https:\/\/www.cnbb.org.br\/diocese-de-lins-promove-encontro-para-refletir-a-campanha-da-fraternidade-ecumenica-2010\/"},"modified":"2010-02-02T00:00:00","modified_gmt":"2010-02-02T02:00:00","slug":"diocese-de-lins-promove-encontro-para-refletir-a-campanha-da-fraternidade-ecumenica-2010","status":"publish","type":"post","link":"https:\/\/www.cnbb.org.br\/diocese-de-lins-promove-encontro-para-refletir-a-campanha-da-fraternidade-ecumenica-2010\/","title":{"rendered":"Diocese de Lins promove encontro para refletir a Campanha da Fraternidade Ecum\u00eanica 2010"},"content":{"rendered":"<p style=\"text-align: justify\">A diocese de Lins, em sintonia com a a\u00e7\u00e3o evangelizadora da Igreja no Brasil, promove, nos dias 06 e 07, no Instituo Teol\u00f3gico Dom Pedro Paulo Koop (ITEL), em Lins (SP), o Encontro de Forma\u00e7\u00e3o para multiplicadores da Campanha da Fraternidade Ecum\u00eanica de 2010.<\/p>\n<p><!--more--><\/p>\n<p style=\"text-align: justify\">J\u00e1 houve um primeiro encontro em dezembro passado, com a presen\u00e7a do Secret\u00e1rio Executivo da Campanha da Fraternidade da Confer\u00eancia Nacional dos Bispos do Brasil (CNBB), padre Jos\u00e9 Adalberto Vanzella. O objetivo geral desse segundo encontro \u00e9 proporcionar o estudo e debate da tem\u00e1tica \u201cEconomia e Vida\u201d, a partir do texto-base e da metodologia ver-julgar-agir-celebrar.<\/p>\n<p style=\"text-align: justify\">A novidade deste segundo encontro \u00e9 a constru\u00e7\u00e3o, com a participa\u00e7\u00e3o de v\u00e1rios organismos da comunidade diocesana, sob a articula\u00e7\u00e3o da coordena\u00e7\u00e3o de pastoral: Pastoral da Juventude, Conselho de Leigos, padres, equipe da CF, CEBs, entre outros.<\/p>\n<p style=\"text-align: justify\">As inscri\u00e7\u00f5es para o encontro devem ser feitas com a secret\u00e1ria do Centro de Pastoral, no e-mail: evelyn.cristina.lima@hotmail.com<\/p>\n","protected":false},"excerpt":{"rendered":"<p>A diocese de Lins, em sintonia com a a\u00e7\u00e3o evangelizadora da Igreja no Brasil, promove, nos dias 06 e 07, no Instituo Teol\u00f3gico Dom Pedro Paulo Koop (ITEL), em Lins (SP), o Encontro de Forma\u00e7\u00e3o para multiplicadores da Campanha da Fraternidade Ecum\u00eanica de 2010.<\/p>\n","protected":false},"author":83,"featured_media":0,"comment_status":"open","ping_status":"open","sticky":false,"template":"","format":"standard","meta":{"site-sidebar-layout":"default","site-content-layout":"default","ast-global-header-display":"","ast-banner-title-visibility":"","ast-main-header-display":"","ast-hfb-above-header-display":"","ast-hfb-below-header-display":"","ast-hfb-mobile-header-display":"","site-post-title":"","ast-breadcrumbs-content":"","ast-featured-img":"","footer-sml-layout":"","theme-transparent-header-meta":"","adv-header-id-meta":"","stick-header-meta":"","header-above-stick-meta":"","header-main-stick-meta":"","header-below-stick-meta":""},"categories":[759,760],"tags":[],"acf":[],"_links":{"self":[{"href":"https:\/\/www.cnbb.org.br\/cnbb-app\/wp\/v2\/posts\/13099"}],"collection":[{"href":"https:\/\/www.cnbb.org.br\/cnbb-app\/wp\/v2\/posts"}],"about":[{"href":"https:\/\/www.cnbb.org.br\/cnbb-app\/wp\/v2\/types\/post"}],"author":[{"embeddable":true,"href":"https:\/\/www.cnbb.org.br\/cnbb-app\/wp\/v2\/users\/83"}],"replies":[{"embeddable":true,"href":"https:\/\/www.cnbb.org.br\/cnbb-app\/wp\/v2\/comments?post=13099"}],"version-history":[{"count":0,"href":"https:\/\/www.cnbb.org.br\/cnbb-app\/wp\/v2\/posts\/13099\/revisions"}],"wp:attachment":[{"href":"https:\/\/www.cnbb.org.br\/cnbb-app\/wp\/v2\/media?parent=13099"}],"wp:term":[{"taxonomy":"category","embeddable":true,"href":"https:\/\/www.cnbb.org.br\/cnbb-app\/wp\/v2\/categories?post=13099"},{"taxonomy":"post_tag","embeddable":true,"href":"https:\/\/www.cnbb.org.br\/cnbb-app\/wp\/v2\/tags?post=13099"}],"curies":[{"name":"wp","href":"https:\/\/api.w.org\/{rel}","templated":true}]}}