{"id":13104,"date":"2008-11-25T00:00:00","date_gmt":"2008-11-25T02:00:00","guid":{"rendered":"https:\/\/www.cnbb.org.br\/congresso-da-pav-e-cnbb-e-coroamento-da-campanha-da-fraternidade-afirma-dom-geraldo-lyrio-rocha\/"},"modified":"2008-11-25T00:00:00","modified_gmt":"2008-11-25T02:00:00","slug":"congresso-da-pav-e-cnbb-e-coroamento-da-campanha-da-fraternidade-afirma-dom-geraldo-lyrio-rocha","status":"publish","type":"post","link":"https:\/\/www.cnbb.org.br\/congresso-da-pav-e-cnbb-e-coroamento-da-campanha-da-fraternidade-afirma-dom-geraldo-lyrio-rocha\/","title":{"rendered":"Congresso da PAV e CNBB \u00e9 \u201ccoroamento da Campanha da Fraternidade\u201d, afirma dom Geraldo Lyrio Rocha"},"content":{"rendered":"<p style=\"text-align: justify\">O presidente da Confer\u00eancia Nacional da CNBB, dom Geraldo Lyrio Rocha, afirmou, na tarde desta ter\u00e7a-feira, durante a abertura do Congresso Internacional \u201cPessoa, cultura da vida e cultura da morte\u201d, que o evento \u201cse constitui em verdadeiro coroamento da Campanha da Fraternidade deste ano\u201d. A abertura contou com a presen\u00e7a do n\u00fancio apost\u00f3lico no Brasil, dom Lorenzo Baldisseri; do chanceler da Pontif\u00edcia Academia para a Vida, Mons. Ign\u00e1cio Carrasco de Paula; do secret\u00e1rio geral da CNBB, dom Dimas Lara Barbosa; do arcebispo de Campinas, dom Bruno Gamberini; do membro da PAV, padre An\u00edbal Gil Lopes, e do respons\u00e1vel pela Casa de Retiros Vila Kostka, padre Emmanuel.<\/p>\n<p><!--more--><\/p>\n<p style=\"text-align: justify\">Segundo dom Geraldo, o Congresso estreita a rela\u00e7\u00e3o entre a Pontif\u00edcia Academia para a Vida, organizadora do evento junto com a CNBB, e as dioceses. \u201cSua finalidade [do Congresso] \u00e9 buscar estabelecer uma rela\u00e7\u00e3o mais estreita entre esse importante organismo da Santa S\u00e9, respons\u00e1vel pela reflex\u00e3o acad\u00eamica sobre as quest\u00f5es da Vida, e a miss\u00e3o pastoral dos bispos e das Igrejas locais\u201d.<\/p>\n<p style=\"text-align: justify\">Leia, abaixo, a \u00edntegra do discurso de dom Geraldo Lyrio Rocha.<\/p>\n<hr \/>\n<h4 style=\"text-align: justify\">Palavras do Presidente da CNBB na abertura do Congresso Internacional promovido pela CNBb e a Pontif\u00edcia Academia para a Vida<\/h4>\n<p style=\"text-align: justify\">A Campanha da Fraternidade que, por iniciativa da CNBB, se realiza em todo o Brasil, neste ano, teve como tema Fraternidade e Defesa da Vida e como lema: \u201cEscolhe, pois, a vida\u201d (Dt 30,19).<\/p>\n<p style=\"text-align: justify\">A escolha desse tema foi o fruto de um longo processo de reflex\u00e3o, iniciado nas comunidades eclesiais espalhadas por todo o Brasil, sobre a op\u00e7\u00e3o pela vida frente \u00e0 cultura da morte. Tal escolha reflete, tamb\u00e9m, a resposta ao chamado prof\u00e9tico do Papa Jo\u00e3o Paulo II que, de forma firme e clara, tantas vezes se pronunciou sobre os diferentes aspectos dessa quest\u00e3o. Foi com o prop\u00f3sito de fomentar a reflex\u00e3o acad\u00eamica multidisciplinar sobre as quest\u00f5es relacionadas com a dignidade da pessoa humana desde a fecunda\u00e7\u00e3o at\u00e9 a morte natural que o saudoso Papa Jo\u00e3o Paulo II criou, atrav\u00e9s do motu proprio \u201cVitae Mysterium\u201d, de 11 de fevereiro de 1994, a Pontif\u00edcia Academia para a Vida, constitu\u00edda por insignes especialistas em diferentes \u00e1reas, tais como as das ci\u00eancias biom\u00e9dicas, direito, sociologia, filosofia e teologia, entre outras. Essa Academia vem, desde ent\u00e3o, produzindo, ano ap\u00f3s ano, excelentes subs\u00eddios que, de forma competente, abordam as delicadas quest\u00f5es referentes \u00e0 defesa e promo\u00e7\u00e3o da vida.<\/p>\n<p style=\"text-align: justify\">A Pontif\u00edcia Academia para a Vida, acolhendo a solicita\u00e7\u00e3o da Presid\u00eancia da CNBB, aceitou que pud\u00e9ssemos realizar este Congresso. Sem d\u00favida esse evento se constitui em verdadeiro coroamento da Campanha da Fraternidade deste ano, com o lema \u201cEscolhe, pois, a vida\u201d (Dt 30,19).<\/p>\n<p style=\"text-align: justify\">Este \u00e9 o primeiro Congresso desta natureza, organizado sob os ausp\u00edcios de uma Confer\u00eancia Episcopal e da Pontif\u00edcia Academia para a Vida. Sua finalidade \u00e9 buscar estabelecer uma rela\u00e7\u00e3o mais estreita entre esse importante organismo da Santa S\u00e9, respons\u00e1vel pela reflex\u00e3o acad\u00eamica sobre as quest\u00f5es da Vida, e a miss\u00e3o pastoral dos bispos e das Igrejas locais.<\/p>\n<p style=\"text-align: justify\">Expresso alegria e gratid\u00e3o pela benevol\u00eancia de Mons. Elio Sgreccia, Presidente Em\u00e9rito da Academia, que acolheu generosamente nosso pedido, permitindo que nosso sonho se tornasse realidade. Quero, tamb\u00e9m, expressar nosso agradecimento a todos os conferencistas que aceitaram colocar em comum o fruto de seus estudos e reflex\u00f5es. Sei de seu empenho na busca da verdade e de suas muitas horas de trabalho intelectual que s\u00e3o de grande valia para a constru\u00e7\u00e3o do Reino do Senhor Jesus.<\/p>\n<p style=\"text-align: justify\">Deus nos ajude para que estes dias de reflex\u00e3o, estudo, aprofundamento e conviv\u00eancia nos permitam realizar o grande chamado da Confer\u00eancia de Aparecida para sermos \u201cdisc\u00edpulos e mission\u00e1rios de Jesus Cristo, para que nele nossos povos tenham vida\u201d.<\/p>\n<p style=\"text-align: justify\">O Esp\u00edrito de Deus, \u201cSenhor que d\u00e1 a vida\u201d, nos acompanhe nestes dias e nos ilumine sempre a fim de que, com renovado ardor mission\u00e1rio, possamos prosseguir em nossa a\u00e7\u00e3o evangelizadora para que \u201ctodos tenham vida e a tenham em abund\u00e2ncia\u201d (Jo 10,10).<\/p>\n<p style=\"text-align: justify\">Agradecemos ao Santo Padre Bento XVI a mensagem que nos dirige, transmitindo-nos palavras de est\u00edmulo e enviando-nos sua B\u00ean\u00e7\u00e3o Apost\u00f3lica.<\/p>\n<p style=\"text-align: justify\">Sejam bem-vindos ao nosso Congresso!<\/p>\n<p style=\"text-align: right\">Itaici-Indaiatuba \u2013 S\u00e3o Paulo, 25 de novembro de 2008<\/p>\n<h4 style=\"text-align: right\">Dom Geraldo Lyrio Rocha<br \/>\nArcebispo de Mariana<br \/>\nPresidente da CNBB<\/h4>\n","protected":false},"excerpt":{"rendered":"<p>O presidente da Confer\u00eancia Nacional da CNBB, dom Geraldo Lyrio Rocha, afirmou, na tarde desta ter\u00e7a-feira, durante a abertura do Congresso Internacional \u201cPessoa, cultura da vida e cultura da morte\u201d, que o evento \u201cse constitui em verdadeiro coroamento da Campanha da Fraternidade deste ano\u201d. A abertura contou com a presen\u00e7a do n\u00fancio apost\u00f3lico no Brasil, &hellip;<\/p>\n<p class=\"read-more\"> <a class=\"\" href=\"https:\/\/www.cnbb.org.br\/congresso-da-pav-e-cnbb-e-coroamento-da-campanha-da-fraternidade-afirma-dom-geraldo-lyrio-rocha\/\"> <span class=\"screen-reader-text\">Congresso da PAV e CNBB \u00e9 \u201ccoroamento da Campanha da Fraternidade\u201d, afirma dom Geraldo Lyrio Rocha<\/span> Leia mais &raquo;<\/a><\/p>\n","protected":false},"author":83,"featured_media":13105,"comment_status":"open","ping_status":"open","sticky":false,"template":"","format":"standard","meta":{"site-sidebar-layout":"default","site-content-layout":"default","ast-global-header-display":"","ast-banner-title-visibility":"","ast-main-header-display":"","ast-hfb-above-header-display":"","ast-hfb-below-header-display":"","ast-hfb-mobile-header-display":"","site-post-title":"","ast-breadcrumbs-content":"","ast-featured-img":"","footer-sml-layout":"","theme-transparent-header-meta":"","adv-header-id-meta":"","stick-header-meta":"","header-above-stick-meta":"","header-main-stick-meta":"","header-below-stick-meta":""},"categories":[759,760],"tags":[],"acf":[],"_links":{"self":[{"href":"https:\/\/www.cnbb.org.br\/cnbb-app\/wp\/v2\/posts\/13104"}],"collection":[{"href":"https:\/\/www.cnbb.org.br\/cnbb-app\/wp\/v2\/posts"}],"about":[{"href":"https:\/\/www.cnbb.org.br\/cnbb-app\/wp\/v2\/types\/post"}],"author":[{"embeddable":true,"href":"https:\/\/www.cnbb.org.br\/cnbb-app\/wp\/v2\/users\/83"}],"replies":[{"embeddable":true,"href":"https:\/\/www.cnbb.org.br\/cnbb-app\/wp\/v2\/comments?post=13104"}],"version-history":[{"count":0,"href":"https:\/\/www.cnbb.org.br\/cnbb-app\/wp\/v2\/posts\/13104\/revisions"}],"wp:featuredmedia":[{"embeddable":true,"href":"https:\/\/www.cnbb.org.br\/cnbb-app\/wp\/v2\/media\/13105"}],"wp:attachment":[{"href":"https:\/\/www.cnbb.org.br\/cnbb-app\/wp\/v2\/media?parent=13104"}],"wp:term":[{"taxonomy":"category","embeddable":true,"href":"https:\/\/www.cnbb.org.br\/cnbb-app\/wp\/v2\/categories?post=13104"},{"taxonomy":"post_tag","embeddable":true,"href":"https:\/\/www.cnbb.org.br\/cnbb-app\/wp\/v2\/tags?post=13104"}],"curies":[{"name":"wp","href":"https:\/\/api.w.org\/{rel}","templated":true}]}}