{"id":13117,"date":"2010-02-18T00:00:00","date_gmt":"2010-02-18T02:00:00","guid":{"rendered":"https:\/\/www.cnbb.org.br\/arquidiocese-de-belem-lanca-campanha-da-fraternidade-ecumenica-em-coletiva-de-imprensa\/"},"modified":"2010-02-18T00:00:00","modified_gmt":"2010-02-18T02:00:00","slug":"arquidiocese-de-belem-lanca-campanha-da-fraternidade-ecumenica-em-coletiva-de-imprensa","status":"publish","type":"post","link":"https:\/\/www.cnbb.org.br\/arquidiocese-de-belem-lanca-campanha-da-fraternidade-ecumenica-em-coletiva-de-imprensa\/","title":{"rendered":"Arquidiocese de Bel\u00e9m lan\u00e7a Campanha da Fraternidade Ecum\u00eanica, em coletiva de imprensa"},"content":{"rendered":"<p style=\"text-align: justify\">A arquidiocese de Bel\u00e9m lan\u00e7ou oficialmente a Campanha da Fraternidade Ecum\u00eanica 2010 (CFE) que tem como tema \u201cEconomia e Vida\u201d e como lema \u201cVoc\u00eas n\u00e3o podem servir a Deus e ao dinheiro (Mt 6, 24)\u201d.<\/p>\n<p><!--more--><\/p>\n<p style=\"text-align: justify\">O lan\u00e7amento em Bel\u00e9m, ontem, 17, ocorreu durante coletiva de imprensa, em um templo da Igreja de Confiss\u00e3o Luterana.<\/p>\n<p style=\"text-align: justify\">No pr\u00f3ximo domingo, 21, est\u00e1 prevista uma programa\u00e7\u00e3o especial para divulgar a Campanha. A partir das 8h, na Escadinha do Cais do Porto, haver\u00e1 uma celebra\u00e7\u00e3o ecum\u00eanica com a presen\u00e7a de representantes de v\u00e1rias igrejas crist\u00e3s. Em seguida, os fi\u00e9is sair\u00e3o em caminhada pela Avenida Presidente Vargas, at\u00e9 a Pra\u00e7a da Rep\u00fablica.<\/p>\n<p style=\"text-align: justify\">No lan\u00e7amento da CFE 2010 estiveram presentes o administrador diocesano de Bel\u00e9m, Monsenhor Raimundo Possid\u00f4nio, a secret\u00e1ria executiva do Regional Norte 2 da CNBB (Par\u00e1 e Amap\u00e1), Orlanda Rodrigues, e o coordenador do Conselho Amaz\u00f4nico de Igrejas Crist\u00e3s (CAIC), Tony Vilhena.<\/p>\n<p style=\"text-align: justify\">\u201cA partir do pr\u00f3ximo domingo todas as homilias e missas v\u00e3o abordar o tema. Nas comunidades j\u00e1 h\u00e1 livretos e textos para subsidiar a reflex\u00e3o da tem\u00e1tica\u201d, explica Monsenhor Possid\u00f4nio.<\/p>\n<p style=\"text-align: justify\">A secret\u00e1ria executiva do regional Norte 2, Orlanda Rodrigues, refor\u00e7ou que \u201ca economia \u00e9 vida tamb\u00e9m, mas s\u00f3 que \u00e9 vida quando ela leva \u00e0 distribui\u00e7\u00e3o eq\u00fcitativa da renda e quando promove a partilha e solidariedade\u201d.<\/p>\n<p style=\"text-align: justify\"><strong>Prepara\u00e7\u00e3o<\/strong><\/p>\n<p style=\"text-align: justify\">A prepara\u00e7\u00e3o de agentes multiplicadores da CFE, volunt\u00e1rios que v\u00e3o colaborar na propaga\u00e7\u00e3o das reflex\u00f5es e gestos concretos, come\u00e7ou desde o ano passado na capital paraense. De acordo com Ruth Matos, da equipe de coordena\u00e7\u00e3o da CFE 2010 no Par\u00e1 e Amap\u00e1, o tema tem tido boa aceita\u00e7\u00e3o \u201ce aos poucos as pessoas come\u00e7am a compreender a import\u00e2ncia da Campanha em um tempo quaresmal [&#8230;]. Juntas, as Igrejas se prop\u00f5em a uma mudan\u00e7a de h\u00e1bito de consumo e a tomar atitudes mais humanas para com aqueles que nem chegam a consumir, est\u00e3o a margem do sistema econ\u00f4mico\u201d, sublinhou Ruth.<\/p>\n<p style=\"text-align: justify\">Al\u00e9m dos debates e reflex\u00f5es te\u00f3ricas, a coordenadora destaca o gesto concreto para o Fundo Nacional de Solidariedade. \u201cTudo o que for arrecadado na missa do Domingo de Ramos, no dia 28 de mar\u00e7o, ser\u00e1 revestido para o financiamento de projetos sociais relacionados ao tema da Campanha da Fraternidade Ecum\u00eanica deste ano. Assim, 40% do que for arrecadado ser\u00e3o destinados ao Fundo Diocesano de Solidariedade, que ap\u00f3ia projetos nas dioceses. E os 60% ir\u00e3o para o Fundo Nacional administrado pela C\u00e1ritas Brasileira\u201d.<\/p>\n<p style=\"text-align: justify\">O fundo ap\u00f3ia projetos em todo o pa\u00eds e \u00e9 acessado atrav\u00e9s da elabora\u00e7\u00e3o de projetos que devem ser acompanhados com uma carta de recomenda\u00e7\u00e3o do bispo local. As informa\u00e7\u00f5es constam no site da C\u00e1rita Brasileira www.caritasbrasileira.org.br<\/p>\n","protected":false},"excerpt":{"rendered":"<p>A arquidiocese de Bel\u00e9m lan\u00e7ou oficialmente a Campanha da Fraternidade Ecum\u00eanica 2010 (CFE) que tem como tema \u201cEconomia e Vida\u201d e como lema \u201cVoc\u00eas n\u00e3o podem servir a Deus e ao dinheiro (Mt 6, 24)\u201d.<\/p>\n","protected":false},"author":83,"featured_media":0,"comment_status":"open","ping_status":"open","sticky":false,"template":"","format":"standard","meta":{"site-sidebar-layout":"default","site-content-layout":"default","ast-global-header-display":"","ast-banner-title-visibility":"","ast-main-header-display":"","ast-hfb-above-header-display":"","ast-hfb-below-header-display":"","ast-hfb-mobile-header-display":"","site-post-title":"","ast-breadcrumbs-content":"","ast-featured-img":"","footer-sml-layout":"","theme-transparent-header-meta":"","adv-header-id-meta":"","stick-header-meta":"","header-above-stick-meta":"","header-main-stick-meta":"","header-below-stick-meta":""},"categories":[759,760],"tags":[],"acf":[],"_links":{"self":[{"href":"https:\/\/www.cnbb.org.br\/cnbb-app\/wp\/v2\/posts\/13117"}],"collection":[{"href":"https:\/\/www.cnbb.org.br\/cnbb-app\/wp\/v2\/posts"}],"about":[{"href":"https:\/\/www.cnbb.org.br\/cnbb-app\/wp\/v2\/types\/post"}],"author":[{"embeddable":true,"href":"https:\/\/www.cnbb.org.br\/cnbb-app\/wp\/v2\/users\/83"}],"replies":[{"embeddable":true,"href":"https:\/\/www.cnbb.org.br\/cnbb-app\/wp\/v2\/comments?post=13117"}],"version-history":[{"count":0,"href":"https:\/\/www.cnbb.org.br\/cnbb-app\/wp\/v2\/posts\/13117\/revisions"}],"wp:attachment":[{"href":"https:\/\/www.cnbb.org.br\/cnbb-app\/wp\/v2\/media?parent=13117"}],"wp:term":[{"taxonomy":"category","embeddable":true,"href":"https:\/\/www.cnbb.org.br\/cnbb-app\/wp\/v2\/categories?post=13117"},{"taxonomy":"post_tag","embeddable":true,"href":"https:\/\/www.cnbb.org.br\/cnbb-app\/wp\/v2\/tags?post=13117"}],"curies":[{"name":"wp","href":"https:\/\/api.w.org\/{rel}","templated":true}]}}