{"id":13128,"date":"2009-03-16T00:00:00","date_gmt":"2009-03-16T03:00:00","guid":{"rendered":"https:\/\/www.cnbb.org.br\/brasileiros-refletem-tematica-da-cf-2009-pelas-ruas-de-roma\/"},"modified":"2009-03-16T00:00:00","modified_gmt":"2009-03-16T03:00:00","slug":"brasileiros-refletem-tematica-da-cf-2009-pelas-ruas-de-roma","status":"publish","type":"post","link":"https:\/\/www.cnbb.org.br\/brasileiros-refletem-tematica-da-cf-2009-pelas-ruas-de-roma\/","title":{"rendered":"Brasileiros refletem tem\u00e1tica da CF-2009 pelas ruas de Roma"},"content":{"rendered":"<p style=\"text-align: justify\">Animados pelo lema da Campanha da Fraternidade 2009, \u201cA Paz \u00e9 fruto da Justi\u00e7a&#8221;, religiosos, padres diocesanos, seminaristas e leigos brasileiros, residentes em Roma, em esp\u00edrito de penit\u00eancia e de solidariedade com a Igreja particular do Brasil, percorreram ruas de Roma, fazendo a Via-Sacra de Jesus e assumindo os objetivos da CF-2009 de compromisso pela Paz e a Justi\u00e7a na sociedade.<\/p>\n<p><!--more--><\/p>\n<p style=\"text-align: justify\">A caminhada teve inicio \u00e0s 8 h deste domingo, 15, na Igreja Santa Maria Maior e, durante o percurso que nos conduziu at\u00e9 a Bas\u00edlica S\u00e3o Pedro, os participantes entraram em comunh\u00e3o com os sentimentos de Jesus e da Campanha da Fraternidade brasileira. \u201cN\u00e3o podemos ficar indiferentes a tantas injusti\u00e7as que condenam tantos inocentes ao sofrimento e \u00e0 inseguran\u00e7a constantes. \u00c9 nossa miss\u00e3o, aonde quer que estejamos sermos construtores de Paz e de reconcilia\u00e7\u00e3o\u201d, lembra o integrante do grupo, padre Carlos Moraes.<\/p>\n<p style=\"text-align: justify\">Na Igreja Santo Andrea della Vale aconteceu a missa presidida pelo conselheiro geral da Congrega\u00e7\u00e3o dos Padres Estigmatinos, padre Jos\u00e9 Primo. A caminhada prosseguiu at\u00e9 a Piazza Navona, diante da Embaixada Brasileira, onde foi dedicada uma esta\u00e7\u00e3o da Via-Sacra, que rezou pela realidade dos migrantes que vivem fora de sua p\u00e1tria.<\/p>\n<p style=\"text-align: justify\"><em>Informa\u00e7\u00f5es: Padre Lu\u00eds Carlos Moraes, MSC<\/em><\/p>\n","protected":false},"excerpt":{"rendered":"<p>Animados pelo lema da Campanha da Fraternidade 2009, \u201cA Paz \u00e9 fruto da Justi\u00e7a&#8221;, religiosos, padres diocesanos, seminaristas e leigos brasileiros, residentes em Roma, em esp\u00edrito de penit\u00eancia e de solidariedade com a Igreja particular do Brasil, percorreram ruas de Roma, fazendo a Via-Sacra de Jesus e assumindo os objetivos da CF-2009 de compromisso pela &hellip;<\/p>\n<p class=\"read-more\"> <a class=\"\" href=\"https:\/\/www.cnbb.org.br\/brasileiros-refletem-tematica-da-cf-2009-pelas-ruas-de-roma\/\"> <span class=\"screen-reader-text\">Brasileiros refletem tem\u00e1tica da CF-2009 pelas ruas de Roma<\/span> Leia mais &raquo;<\/a><\/p>\n","protected":false},"author":83,"featured_media":0,"comment_status":"open","ping_status":"open","sticky":false,"template":"","format":"standard","meta":{"site-sidebar-layout":"default","site-content-layout":"default","ast-global-header-display":"","ast-banner-title-visibility":"","ast-main-header-display":"","ast-hfb-above-header-display":"","ast-hfb-below-header-display":"","ast-hfb-mobile-header-display":"","site-post-title":"","ast-breadcrumbs-content":"","ast-featured-img":"","footer-sml-layout":"","theme-transparent-header-meta":"","adv-header-id-meta":"","stick-header-meta":"","header-above-stick-meta":"","header-main-stick-meta":"","header-below-stick-meta":""},"categories":[759,760],"tags":[],"acf":[],"_links":{"self":[{"href":"https:\/\/www.cnbb.org.br\/cnbb-app\/wp\/v2\/posts\/13128"}],"collection":[{"href":"https:\/\/www.cnbb.org.br\/cnbb-app\/wp\/v2\/posts"}],"about":[{"href":"https:\/\/www.cnbb.org.br\/cnbb-app\/wp\/v2\/types\/post"}],"author":[{"embeddable":true,"href":"https:\/\/www.cnbb.org.br\/cnbb-app\/wp\/v2\/users\/83"}],"replies":[{"embeddable":true,"href":"https:\/\/www.cnbb.org.br\/cnbb-app\/wp\/v2\/comments?post=13128"}],"version-history":[{"count":0,"href":"https:\/\/www.cnbb.org.br\/cnbb-app\/wp\/v2\/posts\/13128\/revisions"}],"wp:attachment":[{"href":"https:\/\/www.cnbb.org.br\/cnbb-app\/wp\/v2\/media?parent=13128"}],"wp:term":[{"taxonomy":"category","embeddable":true,"href":"https:\/\/www.cnbb.org.br\/cnbb-app\/wp\/v2\/categories?post=13128"},{"taxonomy":"post_tag","embeddable":true,"href":"https:\/\/www.cnbb.org.br\/cnbb-app\/wp\/v2\/tags?post=13128"}],"curies":[{"name":"wp","href":"https:\/\/api.w.org\/{rel}","templated":true}]}}