{"id":13143,"date":"2009-03-02T00:00:00","date_gmt":"2009-03-02T03:00:00","guid":{"rendered":"https:\/\/www.cnbb.org.br\/lancamento-da-campanha-da-fraternidade-mobiliza-autoridades-em-feira-de-santana\/"},"modified":"2009-03-02T00:00:00","modified_gmt":"2009-03-02T03:00:00","slug":"lancamento-da-campanha-da-fraternidade-mobiliza-autoridades-em-feira-de-santana","status":"publish","type":"post","link":"https:\/\/www.cnbb.org.br\/lancamento-da-campanha-da-fraternidade-mobiliza-autoridades-em-feira-de-santana\/","title":{"rendered":"Lan\u00e7amento da Campanha da Fraternidade mobiliza autoridades em Feira de Santana"},"content":{"rendered":"<p style=\"text-align: justify\">Com a presen\u00e7a de mais de 150 pessoas, entre autoridades civis, pol\u00edticas e religiosas, e militantes sociais, foi realizada no dia 26 de fevereiro, a abertura da Campanha da Fraternidade 2009, na arquidiocese de Feira de Santana (BA), no Sal\u00e3o do J\u00fari, do F\u00f3rum Desembargador Felinto Bastos.<\/p>\n<p><!--more--><\/p>\n<p style=\"text-align: justify\">Durante a solenidade, o arcebispo, dom Itamar Vian, explicou que a escolha do tema \u201cSeguran\u00e7a P\u00fablica\u201d pela CNBB, aconteceu devido ao aumento da viol\u00eancia no pa\u00eds, seguido pelo desemprego. \u201cA Seguran\u00e7a P\u00fablica \u00e9 um dever do Estado, mas direito e responsabilidade de todo cidad\u00e3o. A sociedade em que vivemos n\u00e3o tem como fundamento principal a pessoa humana, mas sim o poder econ\u00f4mico, segundo o qual tudo deve contribuir para o lucro. A busca do lucro est\u00e1 presente nas mais diversas situa\u00e7\u00f5es como uma grande for\u00e7a devoradora que submete tudo a si\u201d, disse o bispo.<\/p>\n<p style=\"text-align: justify\">No seu pronunciamento, o presidente da Comiss\u00e3o de Direitos Humanos, Dr. Celso Pereira, salientou que o judici\u00e1rio est\u00e1 a servi\u00e7o da paz: \u201cUm judici\u00e1rio comprometido \u00e9 o maior caminho para a fraternidade. N\u00e3o basta encher as ruas de policiais armados, nem enjaular pessoas e enfrentar viol\u00eancia com viol\u00eancia. A paz \u00e9 fruto da justi\u00e7a, como reza o lema da CF. A Ordem dos Advogados do Brasil (OAB) acredita no homem e alia-se \u00e0 Igreja, para alcan\u00e7armos este ideal\u201d.<\/p>\n<p style=\"text-align: justify\">J\u00e1 a titular da Delegacia Especial\u00a0 de Atendimento \u00e0 Mulher, Dra. Martine Veloso, enfatizou que viol\u00eancia n\u00e3o se resolve com viol\u00eancia. \u201c\u00c9 importante o lan\u00e7amento da CF para toda sociedade visando maior engajamento e busca de solu\u00e7\u00f5es. A fam\u00edlia \u00e9 a base da sociedade e s\u00e3o muitos os casos de desequil\u00edbrios. Eis o caminho: resgatar os valores da fam\u00edlia. A responsabilidade \u00e9 de todos, cada um fazendo sua parte, ajudando a construir uma sociedade sadia. Temos uma constitui\u00e7\u00e3o cidad\u00e3, vivemos num pa\u00eds democr\u00e1tico. \u00c9 hora de observar todos os preceitos da CF e refletir. Ver o outro como irm\u00e3o, acreditar no ser humano a fim de construirmos uma sociedade justa.\u201d<\/p>\n<p style=\"text-align: justify\">O evento contou tamb\u00e9m com a participa\u00e7\u00e3o do Presidente da Comiss\u00e3o de Direitos Humanos, Dr. Celso Pereira e do Juiz da Vara da Inf\u00e2ncia do Munic\u00edpio, Dr. Valter Ribeiro.<\/p>\n","protected":false},"excerpt":{"rendered":"<p>Com a presen\u00e7a de mais de 150 pessoas, entre autoridades civis, pol\u00edticas e religiosas, e militantes sociais, foi realizada no dia 26 de fevereiro, a abertura da Campanha da Fraternidade 2009, na arquidiocese de Feira de Santana (BA), no Sal\u00e3o do J\u00fari, do F\u00f3rum Desembargador Felinto Bastos.<\/p>\n","protected":false},"author":83,"featured_media":13144,"comment_status":"open","ping_status":"open","sticky":false,"template":"","format":"standard","meta":{"site-sidebar-layout":"default","site-content-layout":"default","ast-global-header-display":"","ast-banner-title-visibility":"","ast-main-header-display":"","ast-hfb-above-header-display":"","ast-hfb-below-header-display":"","ast-hfb-mobile-header-display":"","site-post-title":"","ast-breadcrumbs-content":"","ast-featured-img":"","footer-sml-layout":"","theme-transparent-header-meta":"","adv-header-id-meta":"","stick-header-meta":"","header-above-stick-meta":"","header-main-stick-meta":"","header-below-stick-meta":""},"categories":[759,760],"tags":[],"acf":[],"_links":{"self":[{"href":"https:\/\/www.cnbb.org.br\/cnbb-app\/wp\/v2\/posts\/13143"}],"collection":[{"href":"https:\/\/www.cnbb.org.br\/cnbb-app\/wp\/v2\/posts"}],"about":[{"href":"https:\/\/www.cnbb.org.br\/cnbb-app\/wp\/v2\/types\/post"}],"author":[{"embeddable":true,"href":"https:\/\/www.cnbb.org.br\/cnbb-app\/wp\/v2\/users\/83"}],"replies":[{"embeddable":true,"href":"https:\/\/www.cnbb.org.br\/cnbb-app\/wp\/v2\/comments?post=13143"}],"version-history":[{"count":0,"href":"https:\/\/www.cnbb.org.br\/cnbb-app\/wp\/v2\/posts\/13143\/revisions"}],"wp:featuredmedia":[{"embeddable":true,"href":"https:\/\/www.cnbb.org.br\/cnbb-app\/wp\/v2\/media\/13144"}],"wp:attachment":[{"href":"https:\/\/www.cnbb.org.br\/cnbb-app\/wp\/v2\/media?parent=13143"}],"wp:term":[{"taxonomy":"category","embeddable":true,"href":"https:\/\/www.cnbb.org.br\/cnbb-app\/wp\/v2\/categories?post=13143"},{"taxonomy":"post_tag","embeddable":true,"href":"https:\/\/www.cnbb.org.br\/cnbb-app\/wp\/v2\/tags?post=13143"}],"curies":[{"name":"wp","href":"https:\/\/api.w.org\/{rel}","templated":true}]}}