{"id":13145,"date":"2009-03-02T00:00:00","date_gmt":"2009-03-02T03:00:00","guid":{"rendered":"https:\/\/www.cnbb.org.br\/diocese-de-uruacu-lanca-cf-2009\/"},"modified":"2009-03-02T00:00:00","modified_gmt":"2009-03-02T03:00:00","slug":"diocese-de-uruacu-lanca-cf-2009","status":"publish","type":"post","link":"https:\/\/www.cnbb.org.br\/diocese-de-uruacu-lanca-cf-2009\/","title":{"rendered":"Diocese de Urua\u00e7u lan\u00e7a CF 2009"},"content":{"rendered":"<p style=\"text-align: justify\">\u201cDesejo que a Campanha da Fraternidade seja realizada em todas as comunidades de nossa diocese. Que sua mensagem e aspira\u00e7\u00e3o cheguem aos setores que trabalham com a educa\u00e7\u00e3o, pois ali est\u00e3o sendo formados os adultos de amanh\u00e3\u201d. Foi o que disse o bispo da diocese de Urua\u00e7u (GO), dom Messias Silveira, durante a missa de abertura da Campanha da Fraternidade 2009 (CF) na diocese.<\/p>\n<p><!--more--><\/p>\n<p style=\"text-align: justify\">O evento, ocorrido ontem, 1\u00ba de mar\u00e7o, reuniu centenas de pessoas, inicialmente em uma caminhada pelos principais pontos da cidade, com bandeiras, faixas, cartazes, bal\u00f5es que estamparam o tema da CF 2009 Fraternidade e Seguran\u00e7a P\u00fablica e o lema A paz \u00e9 fruto da justi\u00e7a. Em seguida, houve a celebra\u00e7\u00e3o eucar\u00edstica presidida por dom Messias e concelebrada pelos padres presentes.<\/p>\n<p style=\"text-align: justify\">Ap\u00f3s a missa, aconteceu o F\u00f3rum sobre Seguran\u00e7a P\u00fablica. Estiveram presentes, al\u00e9m do bispo, o coordenador diocesano de pastoral, padre Jos\u00e9 Adeenes, e as autoridades civis de Urua\u00e7u.<\/p>\n","protected":false},"excerpt":{"rendered":"<p>\u201cDesejo que a Campanha da Fraternidade seja realizada em todas as comunidades de nossa diocese. Que sua mensagem e aspira\u00e7\u00e3o cheguem aos setores que trabalham com a educa\u00e7\u00e3o, pois ali est\u00e3o sendo formados os adultos de amanh\u00e3\u201d. Foi o que disse o bispo da diocese de Urua\u00e7u (GO), dom Messias Silveira, durante a missa de &hellip;<\/p>\n<p class=\"read-more\"> <a class=\"\" href=\"https:\/\/www.cnbb.org.br\/diocese-de-uruacu-lanca-cf-2009\/\"> <span class=\"screen-reader-text\">Diocese de Urua\u00e7u lan\u00e7a CF 2009<\/span> Leia mais &raquo;<\/a><\/p>\n","protected":false},"author":83,"featured_media":0,"comment_status":"open","ping_status":"open","sticky":false,"template":"","format":"standard","meta":{"site-sidebar-layout":"default","site-content-layout":"default","ast-global-header-display":"","ast-banner-title-visibility":"","ast-main-header-display":"","ast-hfb-above-header-display":"","ast-hfb-below-header-display":"","ast-hfb-mobile-header-display":"","site-post-title":"","ast-breadcrumbs-content":"","ast-featured-img":"","footer-sml-layout":"","theme-transparent-header-meta":"","adv-header-id-meta":"","stick-header-meta":"","header-above-stick-meta":"","header-main-stick-meta":"","header-below-stick-meta":""},"categories":[759,760],"tags":[],"acf":[],"_links":{"self":[{"href":"https:\/\/www.cnbb.org.br\/cnbb-app\/wp\/v2\/posts\/13145"}],"collection":[{"href":"https:\/\/www.cnbb.org.br\/cnbb-app\/wp\/v2\/posts"}],"about":[{"href":"https:\/\/www.cnbb.org.br\/cnbb-app\/wp\/v2\/types\/post"}],"author":[{"embeddable":true,"href":"https:\/\/www.cnbb.org.br\/cnbb-app\/wp\/v2\/users\/83"}],"replies":[{"embeddable":true,"href":"https:\/\/www.cnbb.org.br\/cnbb-app\/wp\/v2\/comments?post=13145"}],"version-history":[{"count":0,"href":"https:\/\/www.cnbb.org.br\/cnbb-app\/wp\/v2\/posts\/13145\/revisions"}],"wp:attachment":[{"href":"https:\/\/www.cnbb.org.br\/cnbb-app\/wp\/v2\/media?parent=13145"}],"wp:term":[{"taxonomy":"category","embeddable":true,"href":"https:\/\/www.cnbb.org.br\/cnbb-app\/wp\/v2\/categories?post=13145"},{"taxonomy":"post_tag","embeddable":true,"href":"https:\/\/www.cnbb.org.br\/cnbb-app\/wp\/v2\/tags?post=13145"}],"curies":[{"name":"wp","href":"https:\/\/api.w.org\/{rel}","templated":true}]}}