{"id":13146,"date":"2009-03-02T00:00:00","date_gmt":"2009-03-02T03:00:00","guid":{"rendered":"https:\/\/www.cnbb.org.br\/regional-norte-2-da-cnbb-e-governo-do-para-trabalham-em-parceria-a-tematica-da-cf-2009\/"},"modified":"2009-03-02T00:00:00","modified_gmt":"2009-03-02T03:00:00","slug":"regional-norte-2-da-cnbb-e-governo-do-para-trabalham-em-parceria-a-tematica-da-cf-2009","status":"publish","type":"post","link":"https:\/\/www.cnbb.org.br\/regional-norte-2-da-cnbb-e-governo-do-para-trabalham-em-parceria-a-tematica-da-cf-2009\/","title":{"rendered":"Regional Norte 2 da CNBB e governo do Par\u00e1 trabalham em parceria a tem\u00e1tica da CF-2009"},"content":{"rendered":"<p style=\"text-align: justify\">Para colocar em pr\u00e1tica o tema da Campanha da Fraternidade deste, &#8220;Fraternidade e Seguran\u00e7a P\u00fablica&#8221;, lan\u00e7ado pela Confer\u00eancia Nacional dos Bispos do Brasil (CNBB) na Quarta-feira de Cinzas, o Governo do Par\u00e1 e o Regional Norte 2 da CNBB (Par\u00e1 e Amap\u00e1) est\u00e3o elaborando um conjunto de a\u00e7\u00f5es de apoio ao desenvolvimento da CF &#8211; 2009.<\/p>\n<p><!--more--><\/p>\n<p style=\"text-align: justify\">\n<p style=\"text-align: justify\">A parceria resultar\u00e1, em breve, na assinatura de um Termo de Compromisso para Coopera\u00e7\u00e3o T\u00e9cnica entre o Governo e a CNBB. &#8220;As propostas da CNBB v\u00eam ao encontro do que o Governo pretende. \u00c9 a primeira vez que se implanta no Par\u00e1 um plano de seguran\u00e7a p\u00fablica pensado para envolver a comunidade&#8221;, afirmou a governadora Ana J\u00falia Carepa, em reuni\u00e3o recente com representantes da Confer\u00eancia dos Bispos, no Pal\u00e1cio dos Despachos.<\/p>\n<p style=\"text-align: justify\">&#8220;Com isso, espera-se unir esfor\u00e7os e aperfei\u00e7oar a\u00e7\u00f5es j\u00e1 existentes para fortalecer a participa\u00e7\u00e3o popular no enfrentamento da viol\u00eancia, nas suas mais diversas vers\u00f5es&#8221;, destacou Eduardo Sizo, assessor da Secretaria de Estado de Seguran\u00e7a P\u00fablica (Segup).<\/p>\n<p style=\"text-align: justify\">Dentre os temas abordados est\u00e3o a formula\u00e7\u00e3o de estrat\u00e9gias para combater a viol\u00eancia e a explora\u00e7\u00e3o sexual de crian\u00e7as e adolescentes, a preven\u00e7\u00e3o e tratamento de depend\u00eancia qu\u00edmica e a ressocializa\u00e7\u00e3o do preso e do egresso do sistema penal, al\u00e9m da preven\u00e7\u00e3o e controle de crimes comuns.<\/p>\n<p style=\"text-align: justify\">Quatro reuni\u00f5es t\u00e9cnicas j\u00e1 foram realizadas este ano com o prop\u00f3sito de definir quais conv\u00eanios ser\u00e3o priorizados. &#8220;Definimos os temas que ser\u00e3o aprimorados por cada grupo de trabalho. Neste momento, a participa\u00e7\u00e3o de todos \u00e9 muito importante&#8221;, explicou Orlanda Rodrigues, subsecret\u00e1ria do Regional Norte 2 da CNBB.<\/p>\n<p style=\"text-align: justify\">De acordo com o Texto-Base da Campanha da Fraternidade 2009, o principal desafio \u00e9 desenvolver nas pessoas a capacidade de reconhecer a viol\u00eancia na sua realidade pessoal e social, para que elas possam se sensibilizar e se mobilizar, assumindo suas responsabilidades.<\/p>\n<h4 style=\"text-align: justify\">Lan\u00e7amento da CF &#8211; 2009 em Bel\u00e9m<\/h4>\n<p style=\"text-align: justify\">Em Bel\u00e9m, a Campanha da Fraternidade 2009 teve in\u00edcio na manh\u00e3 deste domingo 1\u00b0 de mar\u00e7o, com uma missa na Pra\u00e7a Amazonas, bairro Batista Campos. Ap\u00f3s a celebra\u00e7\u00e3o houve uma pequena caminhada.<\/p>\n<p style=\"text-align: justify\">Este ano ainda est\u00e3o previstas outras reuni\u00f5es, no audit\u00f3rio do Regional Norte 2, para definir projetos e a\u00e7\u00f5es de preven\u00e7\u00e3o e apoio \u00e0 forma\u00e7\u00e3o de comunidades terap\u00eauticas. Esse tema ser\u00e1 debatido em reuni\u00e3o amanh\u00e3, 3, a partir de 9h. O objetivo \u00e9 desenvolver a forma\u00e7\u00e3o de redes preventivas de lideran\u00e7as comunit\u00e1rias e religiosas, e fomentar parcerias com prefeituras para prestar servi\u00e7os de retaguarda e possibilitar a instala\u00e7\u00e3o de casas de passagens e uma melhor articula\u00e7\u00e3o com os conselhos tutelares.<\/p>\n","protected":false},"excerpt":{"rendered":"<p>Para colocar em pr\u00e1tica o tema da Campanha da Fraternidade deste, &#8220;Fraternidade e Seguran\u00e7a P\u00fablica&#8221;, lan\u00e7ado pela Confer\u00eancia Nacional dos Bispos do Brasil (CNBB) na Quarta-feira de Cinzas, o Governo do Par\u00e1 e o Regional Norte 2 da CNBB (Par\u00e1 e Amap\u00e1) est\u00e3o elaborando um conjunto de a\u00e7\u00f5es de apoio ao desenvolvimento da CF &#8211; &hellip;<\/p>\n<p class=\"read-more\"> <a class=\"\" href=\"https:\/\/www.cnbb.org.br\/regional-norte-2-da-cnbb-e-governo-do-para-trabalham-em-parceria-a-tematica-da-cf-2009\/\"> <span class=\"screen-reader-text\">Regional Norte 2 da CNBB e governo do Par\u00e1 trabalham em parceria a tem\u00e1tica da CF-2009<\/span> Leia mais &raquo;<\/a><\/p>\n","protected":false},"author":83,"featured_media":0,"comment_status":"open","ping_status":"open","sticky":false,"template":"","format":"standard","meta":{"site-sidebar-layout":"default","site-content-layout":"default","ast-global-header-display":"","ast-banner-title-visibility":"","ast-main-header-display":"","ast-hfb-above-header-display":"","ast-hfb-below-header-display":"","ast-hfb-mobile-header-display":"","site-post-title":"","ast-breadcrumbs-content":"","ast-featured-img":"","footer-sml-layout":"","theme-transparent-header-meta":"","adv-header-id-meta":"","stick-header-meta":"","header-above-stick-meta":"","header-main-stick-meta":"","header-below-stick-meta":""},"categories":[759,760],"tags":[],"acf":[],"_links":{"self":[{"href":"https:\/\/www.cnbb.org.br\/cnbb-app\/wp\/v2\/posts\/13146"}],"collection":[{"href":"https:\/\/www.cnbb.org.br\/cnbb-app\/wp\/v2\/posts"}],"about":[{"href":"https:\/\/www.cnbb.org.br\/cnbb-app\/wp\/v2\/types\/post"}],"author":[{"embeddable":true,"href":"https:\/\/www.cnbb.org.br\/cnbb-app\/wp\/v2\/users\/83"}],"replies":[{"embeddable":true,"href":"https:\/\/www.cnbb.org.br\/cnbb-app\/wp\/v2\/comments?post=13146"}],"version-history":[{"count":0,"href":"https:\/\/www.cnbb.org.br\/cnbb-app\/wp\/v2\/posts\/13146\/revisions"}],"wp:attachment":[{"href":"https:\/\/www.cnbb.org.br\/cnbb-app\/wp\/v2\/media?parent=13146"}],"wp:term":[{"taxonomy":"category","embeddable":true,"href":"https:\/\/www.cnbb.org.br\/cnbb-app\/wp\/v2\/categories?post=13146"},{"taxonomy":"post_tag","embeddable":true,"href":"https:\/\/www.cnbb.org.br\/cnbb-app\/wp\/v2\/tags?post=13146"}],"curies":[{"name":"wp","href":"https:\/\/api.w.org\/{rel}","templated":true}]}}