{"id":13153,"date":"2009-02-21T00:00:00","date_gmt":"2009-02-21T03:00:00","guid":{"rendered":"https:\/\/www.cnbb.org.br\/abertura-da-cf-2009-na-arquidiocese-de-brasilia\/"},"modified":"2009-02-21T00:00:00","modified_gmt":"2009-02-21T03:00:00","slug":"abertura-da-cf-2009-na-arquidiocese-de-brasilia","status":"publish","type":"post","link":"https:\/\/www.cnbb.org.br\/abertura-da-cf-2009-na-arquidiocese-de-brasilia\/","title":{"rendered":"Abertura da CF 2009 na arquidiocese de Bras\u00edlia"},"content":{"rendered":"<p style=\"text-align: justify\">A arquidiocese de Bras\u00edlia (DF) far\u00e1 a abertura da Campanha da Fraternidade 2009, que aborda o tema \u201cFraternidade e Seguran\u00e7a P\u00fablica\u201d, no dia 1\u00ba de mar\u00e7o, \u00e0s 17h, na Par\u00f3quia S\u00e3o Sebasti\u00e3o, em Planaltina (DF).<\/p>\n<p><!--more--><\/p>\n<p style=\"text-align: justify\">O evento reunir\u00e1 coordenadores de pastorais e movimentos leigos da arquidiocese, bem como dirigentes de entidades e organiza\u00e7\u00f5es cujas atividades se associam \u00e0 tem\u00e1tica da Campanha. Presidir\u00e1 a cerim\u00f4nia o vig\u00e1rio geral padre Jo\u00e3o Ign\u00e1cio P\u00e9rius.<\/p>\n<p style=\"text-align: justify\">Informa\u00e7\u00f5es: (61) 3223-3512\/3213-3335.<\/p>\n","protected":false},"excerpt":{"rendered":"<p>A arquidiocese de Bras\u00edlia (DF) far\u00e1 a abertura da Campanha da Fraternidade 2009, que aborda o tema \u201cFraternidade e Seguran\u00e7a P\u00fablica\u201d, no dia 1\u00ba de mar\u00e7o, \u00e0s 17h, na Par\u00f3quia S\u00e3o Sebasti\u00e3o, em Planaltina (DF).<\/p>\n","protected":false},"author":83,"featured_media":0,"comment_status":"open","ping_status":"open","sticky":false,"template":"","format":"standard","meta":{"site-sidebar-layout":"default","site-content-layout":"default","ast-global-header-display":"","ast-banner-title-visibility":"","ast-main-header-display":"","ast-hfb-above-header-display":"","ast-hfb-below-header-display":"","ast-hfb-mobile-header-display":"","site-post-title":"","ast-breadcrumbs-content":"","ast-featured-img":"","footer-sml-layout":"","theme-transparent-header-meta":"","adv-header-id-meta":"","stick-header-meta":"","header-above-stick-meta":"","header-main-stick-meta":"","header-below-stick-meta":""},"categories":[759,760],"tags":[],"acf":[],"_links":{"self":[{"href":"https:\/\/www.cnbb.org.br\/cnbb-app\/wp\/v2\/posts\/13153"}],"collection":[{"href":"https:\/\/www.cnbb.org.br\/cnbb-app\/wp\/v2\/posts"}],"about":[{"href":"https:\/\/www.cnbb.org.br\/cnbb-app\/wp\/v2\/types\/post"}],"author":[{"embeddable":true,"href":"https:\/\/www.cnbb.org.br\/cnbb-app\/wp\/v2\/users\/83"}],"replies":[{"embeddable":true,"href":"https:\/\/www.cnbb.org.br\/cnbb-app\/wp\/v2\/comments?post=13153"}],"version-history":[{"count":0,"href":"https:\/\/www.cnbb.org.br\/cnbb-app\/wp\/v2\/posts\/13153\/revisions"}],"wp:attachment":[{"href":"https:\/\/www.cnbb.org.br\/cnbb-app\/wp\/v2\/media?parent=13153"}],"wp:term":[{"taxonomy":"category","embeddable":true,"href":"https:\/\/www.cnbb.org.br\/cnbb-app\/wp\/v2\/categories?post=13153"},{"taxonomy":"post_tag","embeddable":true,"href":"https:\/\/www.cnbb.org.br\/cnbb-app\/wp\/v2\/tags?post=13153"}],"curies":[{"name":"wp","href":"https:\/\/api.w.org\/{rel}","templated":true}]}}