{"id":13154,"date":"2009-02-21T00:00:00","date_gmt":"2009-02-21T03:00:00","guid":{"rendered":"https:\/\/www.cnbb.org.br\/tvs-catolicas-transmitem-ao-vivo-abertura-da-cf-2009\/"},"modified":"2009-02-21T00:00:00","modified_gmt":"2009-02-21T03:00:00","slug":"tvs-catolicas-transmitem-ao-vivo-abertura-da-cf-2009","status":"publish","type":"post","link":"https:\/\/www.cnbb.org.br\/tvs-catolicas-transmitem-ao-vivo-abertura-da-cf-2009\/","title":{"rendered":"TVs cat\u00f3licas transmitem ao vivo abertura da CF 2009"},"content":{"rendered":"<p style=\"text-align: justify\">Na Quarta-feira de Cinzas, 25, acontecer\u00e1 a abertura oficial da Campanha da Fraternidade (CF) 2009, no Santu\u00e1rio de Aparecida, em Aparecida (SP).<\/p>\n<p><!--more--><\/p>\n<p style=\"text-align: justify\">A abertura da CF 2009 ser\u00e1 marcada por uma missa, presidida pelo arcebispo de Aparecida, dom Raymundo Damasceno Assis, e concelebrada pelo secret\u00e1rio-geral da CNBB, dom Dimas Lara Barbosa, que ser\u00e1 transmitida ao vivo, a partir das 9h, pela TV Aparecida, pela Rede Vida de Televis\u00e3o e pela TV S\u00e9culo XXI.<\/p>\n<p style=\"text-align: justify\">Logo ap\u00f3s a celebra\u00e7\u00e3o eucar\u00edstica, o secret\u00e1rio-geral da CNBB e o arcebispo de Aparecida conceder\u00e3o entrevista coletiva \u00e0 imprensa. Durante a coletiva ser\u00e1 divulgada a mensagem do papa Bento XVI sobre a Campanha da Fraternidade.<\/p>\n<p style=\"text-align: justify\">Este ano, a CF aborda o tema \u201cFraternidade e Seguran\u00e7a P\u00fablica\u201d e o lema \u201cA paz \u00e9 fruto da justi\u00e7a\u201d.<\/p>\n<p style=\"text-align: justify\">Solicitado pela Pastoral Carcer\u00e1ria e pela Pastoral da Crian\u00e7a, com o apoio das demais pastorais e movimentos da Igreja, o tema \u201cSeguran\u00e7a P\u00fablica\u201d foi aprovado pelo Conselho Permanente da CNBB, h\u00e1 dois anos, e tem como objetivo suscitar o debate sobre Seguran\u00e7a P\u00fablica na sociedade, bem como sobre as causas da viol\u00eancia e a cultura do medo. Com a CF 2009, a Igreja quer convocar a sociedade a promover uma cultura de paz em todos os \u00e2mbitos sociais.<\/p>\n<p style=\"text-align: justify\">Realizada desde os anos 60, a Campanha da Fraternidade \u00e9 uma atividade ampla de evangeliza\u00e7\u00e3o desenvolvida no per\u00edodo da Quaresma. A cada ano aborda um tema diferente, com os objetivos de despertar o esp\u00edrito comunit\u00e1rio e crist\u00e3o no povo, educar para a vida em fraternidade e renovar a consci\u00eanciada responsabilidade de todos pela a\u00e7\u00e3o da Igreja na evangeliza\u00e7\u00e3o.<\/p>\n","protected":false},"excerpt":{"rendered":"<p>Na Quarta-feira de Cinzas, 25, acontecer\u00e1 a abertura oficial da Campanha da Fraternidade (CF) 2009, no Santu\u00e1rio de Aparecida, em Aparecida (SP).<\/p>\n","protected":false},"author":83,"featured_media":0,"comment_status":"open","ping_status":"open","sticky":false,"template":"","format":"standard","meta":{"site-sidebar-layout":"default","site-content-layout":"default","ast-global-header-display":"","ast-banner-title-visibility":"","ast-main-header-display":"","ast-hfb-above-header-display":"","ast-hfb-below-header-display":"","ast-hfb-mobile-header-display":"","site-post-title":"","ast-breadcrumbs-content":"","ast-featured-img":"","footer-sml-layout":"","theme-transparent-header-meta":"","adv-header-id-meta":"","stick-header-meta":"","header-above-stick-meta":"","header-main-stick-meta":"","header-below-stick-meta":""},"categories":[759,760],"tags":[],"acf":[],"_links":{"self":[{"href":"https:\/\/www.cnbb.org.br\/cnbb-app\/wp\/v2\/posts\/13154"}],"collection":[{"href":"https:\/\/www.cnbb.org.br\/cnbb-app\/wp\/v2\/posts"}],"about":[{"href":"https:\/\/www.cnbb.org.br\/cnbb-app\/wp\/v2\/types\/post"}],"author":[{"embeddable":true,"href":"https:\/\/www.cnbb.org.br\/cnbb-app\/wp\/v2\/users\/83"}],"replies":[{"embeddable":true,"href":"https:\/\/www.cnbb.org.br\/cnbb-app\/wp\/v2\/comments?post=13154"}],"version-history":[{"count":0,"href":"https:\/\/www.cnbb.org.br\/cnbb-app\/wp\/v2\/posts\/13154\/revisions"}],"wp:attachment":[{"href":"https:\/\/www.cnbb.org.br\/cnbb-app\/wp\/v2\/media?parent=13154"}],"wp:term":[{"taxonomy":"category","embeddable":true,"href":"https:\/\/www.cnbb.org.br\/cnbb-app\/wp\/v2\/categories?post=13154"},{"taxonomy":"post_tag","embeddable":true,"href":"https:\/\/www.cnbb.org.br\/cnbb-app\/wp\/v2\/tags?post=13154"}],"curies":[{"name":"wp","href":"https:\/\/api.w.org\/{rel}","templated":true}]}}