{"id":13155,"date":"2009-02-21T00:00:00","date_gmt":"2009-02-21T03:00:00","guid":{"rendered":"https:\/\/www.cnbb.org.br\/cf-2009-diocese-de-santos-faz-encontro-de-formacao\/"},"modified":"2009-02-21T00:00:00","modified_gmt":"2009-02-21T03:00:00","slug":"cf-2009-diocese-de-santos-faz-encontro-de-formacao","status":"publish","type":"post","link":"https:\/\/www.cnbb.org.br\/cf-2009-diocese-de-santos-faz-encontro-de-formacao\/","title":{"rendered":"CF-2009: Diocese de Santos faz encontro de forma\u00e7\u00e3o"},"content":{"rendered":"<p style=\"text-align: justify\">Professores da rede p\u00fablica municipal de Cubat\u00e3o, na diocese de Santos (SP) participam de encontro de forma\u00e7\u00e3o sobre o tema da Campanha da Fraternidade 2009, \u201cFraternidade e Seguran\u00e7a P\u00fablica\u201d. O encontro acontece no hoje, com in\u00edcio \u00e0s 9h, no Bloco Cultural de Cubat\u00e3o, no Pa\u00e7o Municipal.<\/p>\n<p><!--more--><\/p>\n<p style=\"text-align: justify\">O encontro \u00e9 coordenado pela Comiss\u00e3o Diocesana da Campanha da Fraternidade e pelo N\u00facleo da Pastoral da Educa\u00e7\u00e3o-Setor Cubat\u00e3o, que h\u00e1 mais de tr\u00eas anos realiza encontros mensais de forma\u00e7\u00e3o com os professores. O evento \u00e9 aberto ao p\u00fablico em geral, com foco em agentes de pastorais, catequistas e demais interessados. A entrada \u00e9 gratuita e n\u00e3o \u00e9 necess\u00e1rio fazer inscri\u00e7\u00e3o.<\/p>\n<p style=\"text-align: justify\">A diocese de Santos faz a abertura da Campanha da Fraternidade na quarta-feira de Cinzas, 25, \u00e0s 9h, na catedral de Santos. A celebra\u00e7\u00e3o ser\u00e1 presidida pelo bispo diocesano de Santos, dom Jacyr Francisco Braido. Ainda nesse dia ser\u00e3o apresentadas as Diretrizes Pastorais para a diocese de Santos, organizada para per\u00edodo de 2009 a 2011.<\/p>\n","protected":false},"excerpt":{"rendered":"<p>Professores da rede p\u00fablica municipal de Cubat\u00e3o, na diocese de Santos (SP) participam de encontro de forma\u00e7\u00e3o sobre o tema da Campanha da Fraternidade 2009, \u201cFraternidade e Seguran\u00e7a P\u00fablica\u201d. O encontro acontece no hoje, com in\u00edcio \u00e0s 9h, no Bloco Cultural de Cubat\u00e3o, no Pa\u00e7o Municipal.<\/p>\n","protected":false},"author":83,"featured_media":0,"comment_status":"open","ping_status":"open","sticky":false,"template":"","format":"standard","meta":{"site-sidebar-layout":"default","site-content-layout":"default","ast-global-header-display":"","ast-banner-title-visibility":"","ast-main-header-display":"","ast-hfb-above-header-display":"","ast-hfb-below-header-display":"","ast-hfb-mobile-header-display":"","site-post-title":"","ast-breadcrumbs-content":"","ast-featured-img":"","footer-sml-layout":"","theme-transparent-header-meta":"","adv-header-id-meta":"","stick-header-meta":"","header-above-stick-meta":"","header-main-stick-meta":"","header-below-stick-meta":""},"categories":[759,760],"tags":[],"acf":[],"_links":{"self":[{"href":"https:\/\/www.cnbb.org.br\/cnbb-app\/wp\/v2\/posts\/13155"}],"collection":[{"href":"https:\/\/www.cnbb.org.br\/cnbb-app\/wp\/v2\/posts"}],"about":[{"href":"https:\/\/www.cnbb.org.br\/cnbb-app\/wp\/v2\/types\/post"}],"author":[{"embeddable":true,"href":"https:\/\/www.cnbb.org.br\/cnbb-app\/wp\/v2\/users\/83"}],"replies":[{"embeddable":true,"href":"https:\/\/www.cnbb.org.br\/cnbb-app\/wp\/v2\/comments?post=13155"}],"version-history":[{"count":0,"href":"https:\/\/www.cnbb.org.br\/cnbb-app\/wp\/v2\/posts\/13155\/revisions"}],"wp:attachment":[{"href":"https:\/\/www.cnbb.org.br\/cnbb-app\/wp\/v2\/media?parent=13155"}],"wp:term":[{"taxonomy":"category","embeddable":true,"href":"https:\/\/www.cnbb.org.br\/cnbb-app\/wp\/v2\/categories?post=13155"},{"taxonomy":"post_tag","embeddable":true,"href":"https:\/\/www.cnbb.org.br\/cnbb-app\/wp\/v2\/tags?post=13155"}],"curies":[{"name":"wp","href":"https:\/\/api.w.org\/{rel}","templated":true}]}}