{"id":13165,"date":"2009-02-04T00:00:00","date_gmt":"2009-02-04T02:00:00","guid":{"rendered":"https:\/\/www.cnbb.org.br\/arquidiocese-de-salvador-faz-seminario-sobre-o-tema-da-cf-2009\/"},"modified":"2009-02-04T00:00:00","modified_gmt":"2009-02-04T02:00:00","slug":"arquidiocese-de-salvador-faz-seminario-sobre-o-tema-da-cf-2009","status":"publish","type":"post","link":"https:\/\/www.cnbb.org.br\/arquidiocese-de-salvador-faz-seminario-sobre-o-tema-da-cf-2009\/","title":{"rendered":"Arquidiocese de Salvador faz Semin\u00e1rio sobre o tema da CF-2009"},"content":{"rendered":"<p style=\"text-align: justify\">A A\u00e7\u00e3o Social Arquidiocesana (Asa) da arquidiocese de Salvador (BA) realiza, no pr\u00f3ximo dia 15, um semin\u00e1rio sobre a Campanha da Fraternidade 2009, \u201cFraternidade e Seguran\u00e7a P\u00fablica\u201d. O evento acontece no Instituto Nossa Senhora do Salete (Barris) das 8h \u00e0s 17h.<\/p>\n<p><!--more--><\/p>\n<p style=\"text-align: justify\">O compromisso do Semin\u00e1rio, segundo a arquidiocese, \u00e9 estudar o conte\u00fado do texto-base da CF-2009 e motivar as comunidades paroquiais a refletirem a Campanha durante o ano em curso com a\u00e7\u00f5es que visem \u00e0 supera\u00e7\u00e3o das causas e dos fatores de inseguran\u00e7a.<\/p>\n<p style=\"text-align: justify\">\u201cNeste Semin\u00e1rio discutiremos o tema em tr\u00eas momentos: Ver \u2013 Apresenta\u00e7\u00e3o da Realidade como marco referencial, com a participa\u00e7\u00e3o do crimin\u00f3logo, Ricardo Cappi; no Julgar \u2013 An\u00fancio dos valores do Reino e suas decorr\u00eancias \u00e9ticas, com a presen\u00e7a de padre Filip Cromheecke, coordenador da Pastoral Carcer\u00e1ria Arquidiocesana; e o Agir \u2013 Gestos concretos: a\u00e7\u00f5es que t\u00eam sido e podem ser realizadas em nossa regi\u00e3o\u201d, sublinham os coordenadores do Semin\u00e1rio. Uma celebra\u00e7\u00e3o eucar\u00edstica presidida pelo cardeal arcebispo de Salvador, dom Geraldo Majella Agnelo, encerrar\u00e1 o evento.<\/p>\n<p style=\"text-align: justify\">As inscri\u00e7\u00f5es podem ser feitas at\u00e9 o dia 10 de fevereiro, nas Livrarias Ave-Maria, Paulinas, Paulus e Vozes, na sede da A\u00e7\u00e3o Social Arquidiocesana e no Regional Nordeste 3 (Bahia e Sergipe).<\/p>\n","protected":false},"excerpt":{"rendered":"<p>A A\u00e7\u00e3o Social Arquidiocesana (Asa) da arquidiocese de Salvador (BA) realiza, no pr\u00f3ximo dia 15, um semin\u00e1rio sobre a Campanha da Fraternidade 2009, \u201cFraternidade e Seguran\u00e7a P\u00fablica\u201d. O evento acontece no Instituto Nossa Senhora do Salete (Barris) das 8h \u00e0s 17h.<\/p>\n","protected":false},"author":83,"featured_media":0,"comment_status":"open","ping_status":"open","sticky":false,"template":"","format":"standard","meta":{"site-sidebar-layout":"default","site-content-layout":"default","ast-global-header-display":"","ast-banner-title-visibility":"","ast-main-header-display":"","ast-hfb-above-header-display":"","ast-hfb-below-header-display":"","ast-hfb-mobile-header-display":"","site-post-title":"","ast-breadcrumbs-content":"","ast-featured-img":"","footer-sml-layout":"","theme-transparent-header-meta":"","adv-header-id-meta":"","stick-header-meta":"","header-above-stick-meta":"","header-main-stick-meta":"","header-below-stick-meta":""},"categories":[759,760],"tags":[],"acf":[],"_links":{"self":[{"href":"https:\/\/www.cnbb.org.br\/cnbb-app\/wp\/v2\/posts\/13165"}],"collection":[{"href":"https:\/\/www.cnbb.org.br\/cnbb-app\/wp\/v2\/posts"}],"about":[{"href":"https:\/\/www.cnbb.org.br\/cnbb-app\/wp\/v2\/types\/post"}],"author":[{"embeddable":true,"href":"https:\/\/www.cnbb.org.br\/cnbb-app\/wp\/v2\/users\/83"}],"replies":[{"embeddable":true,"href":"https:\/\/www.cnbb.org.br\/cnbb-app\/wp\/v2\/comments?post=13165"}],"version-history":[{"count":0,"href":"https:\/\/www.cnbb.org.br\/cnbb-app\/wp\/v2\/posts\/13165\/revisions"}],"wp:attachment":[{"href":"https:\/\/www.cnbb.org.br\/cnbb-app\/wp\/v2\/media?parent=13165"}],"wp:term":[{"taxonomy":"category","embeddable":true,"href":"https:\/\/www.cnbb.org.br\/cnbb-app\/wp\/v2\/categories?post=13165"},{"taxonomy":"post_tag","embeddable":true,"href":"https:\/\/www.cnbb.org.br\/cnbb-app\/wp\/v2\/tags?post=13165"}],"curies":[{"name":"wp","href":"https:\/\/api.w.org\/{rel}","templated":true}]}}